{"id":8451,"date":"2017-01-06T08:00:29","date_gmt":"2017-01-06T11:00:29","guid":{"rendered":"http:\/\/ultimato.com.br\/sites\/blogdaultimato\/?p=8451"},"modified":"2017-01-06T08:00:29","modified_gmt":"2017-01-06T11:00:29","slug":"a-historia-de-ultimato-por-elben-cesar-podcast","status":"publish","type":"post","link":"https:\/\/ultimato.com.br\/sites\/blogdaultimato\/2017\/01\/06\/a-historia-de-ultimato-por-elben-cesar-podcast\/","title":{"rendered":"A hist\u00f3ria de Ultimato, por Elben C\u00e9sar [Podcast]"},"content":{"rendered":"<p>Voc\u00ea sabia que a revista Ultimato nasceu como jornal e a partir de uma pequena confus\u00e3o em uma r\u00e1dio de Barbacena (MG), envolvendo o pastor Elben C\u00e9sar, um deputado e um padre? Ou\u00e7a o pr\u00f3prio fundador contando essa e outras hist\u00f3rias sobre Ultimato no podcast a seguir.<\/p>\n<p>&nbsp;<iframe loading=\"lazy\" src=\"https:\/\/podomatic.com\/embed\/html5\/episode\/8163078?autoplay=false\" marginwidth=\"0\" marginheight=\"0\" scrolling=\"no\" allowfullscreen=\"allowfullscreen\" height=\"208\" frameborder=\"0\" width=\"504\"><\/iframe><\/p>\n","protected":false},"excerpt":{"rendered":"<p>Voc\u00ea sabia que a revista Ultimato nasceu como jornal e a partir de uma pequena confus\u00e3o em uma r\u00e1dio de Barbacena (MG), envolvendo o pastor Elben C\u00e9sar, um deputado e um padre? Ou\u00e7a o pr\u00f3prio fundador contando essa e outras hist\u00f3rias sobre Ultimato no podcast a seguir.<br \/>\n&nbsp;<\/p>\n","protected":false},"author":21,"featured_media":0,"comment_status":"open","ping_status":"open","sticky":false,"template":"","format":"standard","meta":{"ngg_post_thumbnail":0,"footnotes":""},"categories":[118],"tags":[5478,31141,27191,31140],"class_list":["post-8451","post","type-post","status-publish","format-standard","hentry","category-podcast","tag-elben-cesar","tag-historia-ultimato","tag-podcast","tag-reve"],"_links":{"self":[{"href":"https:\/\/ultimato.com.br\/sites\/blogdaultimato\/wp-json\/wp\/v2\/posts\/8451","targetHints":{"allow":["GET"]}}],"collection":[{"href":"https:\/\/ultimato.com.br\/sites\/blogdaultimato\/wp-json\/wp\/v2\/posts"}],"about":[{"href":"https:\/\/ultimato.com.br\/sites\/blogdaultimato\/wp-json\/wp\/v2\/types\/post"}],"author":[{"embeddable":true,"href":"https:\/\/ultimato.com.br\/sites\/blogdaultimato\/wp-json\/wp\/v2\/users\/21"}],"replies":[{"embeddable":true,"href":"https:\/\/ultimato.com.br\/sites\/blogdaultimato\/wp-json\/wp\/v2\/comments?post=8451"}],"version-history":[{"count":3,"href":"https:\/\/ultimato.com.br\/sites\/blogdaultimato\/wp-json\/wp\/v2\/posts\/8451\/revisions"}],"predecessor-version":[{"id":13851,"href":"https:\/\/ultimato.com.br\/sites\/blogdaultimato\/wp-json\/wp\/v2\/posts\/8451\/revisions\/13851"}],"wp:attachment":[{"href":"https:\/\/ultimato.com.br\/sites\/blogdaultimato\/wp-json\/wp\/v2\/media?parent=8451"}],"wp:term":[{"taxonomy":"category","embeddable":true,"href":"https:\/\/ultimato.com.br\/sites\/blogdaultimato\/wp-json\/wp\/v2\/categories?post=8451"},{"taxonomy":"post_tag","embeddable":true,"href":"https:\/\/ultimato.com.br\/sites\/blogdaultimato\/wp-json\/wp\/v2\/tags?post=8451"}],"curies":[{"name":"wp","href":"https:\/\/api.w.org\/{rel}","templated":true}]}}