{"id":8442,"date":"2017-01-03T12:47:11","date_gmt":"2017-01-03T15:47:11","guid":{"rendered":"http:\/\/ultimato.com.br\/sites\/blogdaultimato\/?p=8442"},"modified":"2017-01-04T08:04:02","modified_gmt":"2017-01-04T11:04:02","slug":"uma-nacao-invisivel-video-em-libras","status":"publish","type":"post","link":"https:\/\/ultimato.com.br\/sites\/blogdaultimato\/2017\/01\/03\/uma-nacao-invisivel-video-em-libras\/","title":{"rendered":"Uma na\u00e7\u00e3o invis\u00edvel [V\u00eddeo com tradu\u00e7\u00e3o em Libras]"},"content":{"rendered":"<p>Desde a publica\u00e7\u00e3o da reportagem \u201c<a href=\"http:\/\/ultimato.com.br\/sites\/blogdaultimato\/2016\/12\/13\/uma-nacao-invisivel\/\">Uma na\u00e7\u00e3o invis\u00edvel<\/a>\u201d \u2013 que saiu na <a href=\"http:\/\/www.ultimato.com.br\/revista\/\">edi\u00e7\u00e3o<\/a> 363 da revista Ultimato e abordou o desafio da igreja de alcan\u00e7ar os quase 10 milh\u00f5es de brasileiros surdos \u2013 o assunto tem ganhado bastante aten\u00e7\u00e3o em nossas redes sociais. S\u00e3o dezenas de coment\u00e1rios refor\u00e7ando a necessidade de a igreja olhar para essas pessoas e estabelecer estrat\u00e9gias para comunicar o evangelho a esse grupo, respeitando e considerando suas especifidades.<\/p>\n<p>Compartilhamos a seguir um v\u00eddeo da reportagem \u201c<a href=\"http:\/\/ultimato.com.br\/sites\/blogdaultimato\/2016\/12\/13\/uma-nacao-invisivel\/\">Uma na\u00e7\u00e3o invis\u00edvel<\/a>\u201d com tradu\u00e7\u00e3o em Libras. O v\u00eddeo foi produzido por um grupo de amigos, com a participa\u00e7\u00e3o de Saulo Xavier, locu\u00e7\u00e3o de <a href=\"https:\/\/www.facebook.com\/marcio.castellani.1\">Marcio Castellani<\/a>, tradu\u00e7\u00e3o do pastor Madson Barreto (Projeto <a href=\"http:\/\/bibliaemlibras.org\" target=\"_blank\" data-saferedirecturl=\"https:\/\/www.google.com\/url?hl=pt-BR&amp;q=http:\/\/bibliaemlibras.org&amp;source=gmail&amp;ust=1483613535771000&amp;usg=AFQjCNGqCosGGqkTDiYzFSooDJM5HREAQg\">bibliaemlibras.org<\/a>, da Igreja Batista da Gra\u00e7a, de Salvador\/BA), imagem de Marina Moreira (Centro de Miss\u00f5es Urbanas \u2013 CEMU) e apoio do Grupo <a href=\"http:\/\/www.povoselinguas.com.br\/\">Povos e L\u00ednguas<\/a>.<\/p>\n<p>&nbsp;<iframe loading=\"lazy\" src=\"https:\/\/www.youtube.com\/embed\/suVKNiHcIJ8\" allowfullscreen=\"allowfullscreen\" width=\"560\" height=\"315\" frameborder=\"0\"><\/iframe><\/p>\n<p><strong>Leia tamb\u00e9m<\/strong><br \/>\n<a href=\"http:\/\/ultimato.com.br\/sites\/paralelo10\/2016\/03\/os-surdos-no-nordeste-e-o-evangelho-de-jesus\/\">A missiologia e as comunidades surdas<br \/>\nQue os surdos ou\u00e7am<br \/>\nOs surdos no nordeste e o evangelho de Jesus<\/a><\/p>\n","protected":false},"excerpt":{"rendered":"<p>Desde a publica\u00e7\u00e3o da reportagem \u201cUma na\u00e7\u00e3o invis\u00edvel\u201d \u2013 que saiu na edi\u00e7\u00e3o 363 da revista Ultimato e abordou o desafio da igreja de alcan\u00e7ar os quase 10 milh\u00f5es de brasileiros surdos \u2013 o assunto tem ganhado bastante aten\u00e7\u00e3o em nossas redes sociais. S\u00e3o dezenas de coment\u00e1rios refor\u00e7ando a necessidade de a igreja olhar para [&#8230;]<\/p>\n","protected":false},"author":21,"featured_media":0,"comment_status":"open","ping_status":"open","sticky":false,"template":"","format":"standard","meta":{"ngg_post_thumbnail":0,"footnotes":""},"categories":[9539],"tags":[27387,28347,28344],"class_list":["post-8442","post","type-post","status-publish","format-standard","hentry","category-videos-multimidia","tag-inclusao","tag-libras","tag-surdos"],"_links":{"self":[{"href":"https:\/\/ultimato.com.br\/sites\/blogdaultimato\/wp-json\/wp\/v2\/posts\/8442","targetHints":{"allow":["GET"]}}],"collection":[{"href":"https:\/\/ultimato.com.br\/sites\/blogdaultimato\/wp-json\/wp\/v2\/posts"}],"about":[{"href":"https:\/\/ultimato.com.br\/sites\/blogdaultimato\/wp-json\/wp\/v2\/types\/post"}],"author":[{"embeddable":true,"href":"https:\/\/ultimato.com.br\/sites\/blogdaultimato\/wp-json\/wp\/v2\/users\/21"}],"replies":[{"embeddable":true,"href":"https:\/\/ultimato.com.br\/sites\/blogdaultimato\/wp-json\/wp\/v2\/comments?post=8442"}],"version-history":[{"count":8,"href":"https:\/\/ultimato.com.br\/sites\/blogdaultimato\/wp-json\/wp\/v2\/posts\/8442\/revisions"}],"predecessor-version":[{"id":8450,"href":"https:\/\/ultimato.com.br\/sites\/blogdaultimato\/wp-json\/wp\/v2\/posts\/8442\/revisions\/8450"}],"wp:attachment":[{"href":"https:\/\/ultimato.com.br\/sites\/blogdaultimato\/wp-json\/wp\/v2\/media?parent=8442"}],"wp:term":[{"taxonomy":"category","embeddable":true,"href":"https:\/\/ultimato.com.br\/sites\/blogdaultimato\/wp-json\/wp\/v2\/categories?post=8442"},{"taxonomy":"post_tag","embeddable":true,"href":"https:\/\/ultimato.com.br\/sites\/blogdaultimato\/wp-json\/wp\/v2\/tags?post=8442"}],"curies":[{"name":"wp","href":"https:\/\/api.w.org\/{rel}","templated":true}]}}