{"id":8434,"date":"2016-12-30T07:00:45","date_gmt":"2016-12-30T10:00:45","guid":{"rendered":"http:\/\/ultimato.com.br\/sites\/blogdaultimato\/?p=8434"},"modified":"2016-12-29T14:47:11","modified_gmt":"2016-12-29T17:47:11","slug":"retrospectiva-os-mais-lidos-do-portal-ultimato-em-2016","status":"publish","type":"post","link":"https:\/\/ultimato.com.br\/sites\/blogdaultimato\/2016\/12\/30\/retrospectiva-os-mais-lidos-do-portal-ultimato-em-2016\/","title":{"rendered":"Retrospectiva: Os mais lidos do Portal Ultimato em 2016"},"content":{"rendered":"<p><a href=\"http:\/\/ultimato.com.br\/sites\/blogdaultimato\/files\/2016\/12\/Blog_Ult_29_12_16_acesso-portal.jpg\" class=\"lightview\" data-lightview-group=\"group-8434\" data-lightview-options=\"skin: 'dark', controls: 'relative', padding: '10', shadow: { color: '#000000', opacity: 0.08, blur: 3 }\"><img loading=\"lazy\" decoding=\"async\" class=\"alignright wp-image-8436 size-full\" src=\"http:\/\/ultimato.com.br\/sites\/blogdaultimato\/files\/2016\/12\/Blog_Ult_29_12_16_acesso-portal.jpg\" height=\"283\" width=\"400\" srcset=\"https:\/\/ultimato.com.br\/sites\/blogdaultimato\/files\/2016\/12\/Blog_Ult_29_12_16_acesso-portal.jpg 400w, https:\/\/ultimato.com.br\/sites\/blogdaultimato\/files\/2016\/12\/Blog_Ult_29_12_16_acesso-portal-300x212.jpg 300w, https:\/\/ultimato.com.br\/sites\/blogdaultimato\/files\/2016\/12\/Blog_Ult_29_12_16_acesso-portal-150x106.jpg 150w\" sizes=\"auto, (max-width: 400px) 100vw, 400px\" \/><\/a>O Portal Ultimato continuou a crescer em 2016, em audi\u00eancia e n\u00famero de visualiza\u00e7\u00e3o dos conte\u00fados. Foram muitos artigos de opini\u00e3o, not\u00edcias e editoriais no intuito de contribuir para a transforma\u00e7\u00e3o de vidas e edifica\u00e7\u00e3o da Igreja. Textos sobre assuntos como mortes, suic\u00eddio, guerra, feminismo, miss\u00f5es e ora\u00e7\u00e3o foram os que tiveram maior visualiza\u00e7\u00e3o no Portal Ultimato Online.<\/p>\n<p>Confira nossa lista dos mais mais lidos em 2016:<\/p>\n<p><strong>1<\/strong><br \/>\n<a href=\"http:\/\/www.ultimato.com.br\/conteudo\/elben-cesar-1930-2016-lamento\">Elben C\u00e9sar, 1930 \u2013 2016. Lamento<\/a> (56500 visualiza\u00e7\u00f5es)<br \/>\nEm primeiro lugar est\u00e1 nossa nota de lamento pela morte do fundador da Ultimato, Elben C\u00e9sar. \u201cO texto b\u00edblico que nos consola \u00e9 tamb\u00e9m um dos preferidos dele:&nbsp;Tu, SENHOR, conservar\u00e1s em perfeita paz aquele cujo prop\u00f3sito \u00e9 firme; porque ele confia em ti (Is 26.3)\u201d. Leia <a href=\"http:\/\/www.ultimato.com.br\/conteudo\/elben-cesar-1930-2016-lamento\">aqui<\/a>.<\/p>\n<p><strong>2<\/strong><br \/>\n<a href=\"http:\/\/www.ultimato.com.br\/conteudo\/o-suicidio-e-o-papel-preventivo-da-igreja\">O suic\u00eddio e o papel preventivo da igreja<\/a> (23316 visualiza\u00e7\u00f5es)<br \/>\nNeste mundo ca\u00eddo, nossa jornada de discipulado e intimidade com Deus \u00e9 muitas vezes permeada pela dor.&nbsp;A psic\u00f3loga cl\u00ednica hospitalar Karen Bomilcar apontou que \u201co primeiro passo \u00e9 nossa abertura para ouvir sobre estes temas e falar abertamente sobre eles. Esta realidade est\u00e1 presente em todas as nossas comunidades\u201d. Leia <a href=\"http:\/\/www.ultimato.com.br\/conteudo\/o-suicidio-e-o-papel-preventivo-da-igreja\">aqui<\/a>.<\/p>\n<p><strong>3<\/strong><br \/>\n<a href=\"http:\/\/www.ultimato.com.br\/conteudo\/edison-queiroz-1948-2016-a-chama-missionaria-na-igreja-local\">Edison Queiroz (1948-2016): a chama mission\u00e1ria na igreja local<\/a> (23241 visualiza\u00e7\u00f5es)<br \/>\nO falecimento do pastor da Igreja Batista de Santo Andr\u00e9 (SP), um entusiasta do papel da igreja local no movimento mission\u00e1rio, tamb\u00e9m marcou esse ano. \u201cEle fazia quest\u00e3o de mostrar o quanto a igreja local pode \u2013 e deve \u2013 dedicar suas finan\u00e7as, seus projetos e sua vida ao compromisso mission\u00e1rio\u201d. Leia <a href=\"http:\/\/www.ultimato.com.br\/conteudo\/edison-queiroz-1948-2016-a-chama-missionaria-na-igreja-local\">aqui<\/a>.<!--more--><\/p>\n<p><strong>4<\/strong><br \/>\n<a href=\"http:\/\/www.ultimato.com.br\/conteudo\/o-menino-jesus-em-aleppo\">O menino Jesus em Aleppo<\/a> (18436 visualiza\u00e7\u00f5es)<br \/>\nAs crian\u00e7as em Aleppo n\u00e3o conseguem chorar. Esqueceram como se chora? As l\u00e1grimas secaram? O te\u00f3logo&nbsp;Jo\u00e3o Leonel abriu nossos olhos para essa realidade. \u201cA morte de civis \u00e9 inaceit\u00e1vel. A morte de crian\u00e7as \u00e9 uma monstruosidade.(&#8230;) O menino Jesus est\u00e1 em Aleppo. As m\u00e3es choram os filhos que j\u00e1 n\u00e3o existem\u201d. Leia <a href=\"http:\/\/www.ultimato.com.br\/conteudo\/o-menino-jesus-em-aleppo\">aqui<\/a>.<\/p>\n<p><strong>5<\/strong><br \/>\n<a href=\"http:\/\/www.ultimato.com.br\/conteudo\/e-possivel-ser-feminista-crista\">\u00c9 poss\u00edvel ser feminista crist\u00e3?<\/a> (17879 visualiza\u00e7\u00f5es)<br \/>\nCrist\u00e3s sinceras e maduras v\u00eam fazendo essa pergunta.&nbsp;Isabella Passos, graduada em filosofia, nos apontou algumas dire\u00e7\u00f5es, mesmo que essa pergunta seja de dif\u00edcil resposta. \u201cMas sua dificuldade n\u00e3o se d\u00e1 pela aus\u00eancia de conte\u00fado crist\u00e3o para enfrent\u00e1-la, mas pela ambiguidade presente no pr\u00f3prio movimento feminista\u201d. Leia <a href=\"http:\/\/www.ultimato.com.br\/conteudo\/e-possivel-ser-feminista-crista\">aqui<\/a>.<\/p>\n<p><strong>6<\/strong><br \/>\n<a href=\"http:\/\/www.ultimato.com.br\/conteudo\/pastor-nao-e-uma-vitima\">Pastor n\u00e3o \u00e9 uma v\u00edtima<\/a> (12721 visualiza\u00e7\u00f5es)<br \/>\nTiago Leite, pastor e doutorando em teologia, escreveu sobre como \u00e9 preciso cuidado com a vitimiza\u00e7\u00e3o do pastor. \u201cUm pastor precisa ter cuidado com o perigo da insatisfa\u00e7\u00e3o e descontentamento. Estamos vivendo uma \u00e9poca em que est\u00e1 na moda a vitimiza\u00e7\u00e3o\u201d. Leia <a href=\"http:\/\/www.ultimato.com.br\/conteudo\/pastor-nao-e-uma-vitima\">aqui<\/a>.<\/p>\n<p><strong>7<\/strong><br \/>\n<a href=\"http:\/\/www.ultimato.com.br\/conteudo\/missoes-reducionismo-falsas-dicotomias-e-novos-desafios\">Miss\u00f5es: reducionismo, falsas dicotomias e novos desafios<\/a> (12027 visualiza\u00e7\u00f5es)<br \/>\nNesse dossi\u00ea, o&nbsp;pastor e mission\u00e1rio, Marcos Amado abordou a abrang\u00eancia do desafio de levar o evangelho, e qual tem sido nossa percep\u00e7\u00e3o B\u00edblia sobre o assunto. \u201cInfelizmente, o que se v\u00ea \u00e9 um discurso permeado por uma dicotomia falsa, como se tiv\u00e9ssemos que escolher entre evangelizar ou nos preocuparmos com o sofrimento humano\u201d.&nbsp;Leia <a href=\"http:\/\/www.ultimato.com.br\/conteudo\/missoes-reducionismo-falsas-dicotomias-e-novos-desafios\">aqui<\/a>.<\/p>\n<p><strong>8<\/strong><br \/>\n<a href=\"http:\/\/www.ultimato.com.br\/conteudo\/dez-dicas-praticas-de-como-orar\">Dez dicas pr\u00e1ticas de como orar<\/a> (11153 visualiza\u00e7\u00f5es)<br \/>\nAs dicas compartilhadas por Maria Luiza R\u00fcckert, pastora e capel\u00e3, sobre como orar podem te ajudar de maneira pr\u00e1tica. \u201cA pergunta decisiva que Deus dirige a voc\u00ea \u00e9: \u2018O que voc\u00ea quer que eu fa\u00e7a por voc\u00ea?\u2019. (&#8230;) O que voc\u00ea quer que o Mestre lhe fa\u00e7a?\u201d. Leia <a href=\"http:\/\/www.ultimato.com.br\/conteudo\/dez-dicas-praticas-de-como-orar\">aqui<\/a>.<\/p>\n<p><strong>9<\/strong><br \/>\n<a href=\"http:\/\/www.ultimato.com.br\/conteudo\/criancas-socialmente-vulneraveis-um-problema-que-queremos-esquecer\">Mutir\u00e3o de ora\u00e7\u00e3o convoca crist\u00e3os a lembrar e orar por um problema que muitos querem esquecer: as crian\u00e7as socialmente vulner\u00e1veis<\/a> (8697 visualiza\u00e7\u00f5es)<br \/>\nCom o tema \u201cPequeninas, por\u00e9m grandiosas\u201d, a campanha da Rede M\u00e3os Dadas reuniu milhares de crist\u00e3os no Brasil e no mundo em intercess\u00e3o pelas crian\u00e7as. \u201cNossas igrejas precisam se lembrar da vi\u00fava, do \u00f3rf\u00e3o e do estrangeiro em nosso meio\u201d. Leia <a href=\"http:\/\/www.ultimato.com.br\/conteudo\/criancas-socialmente-vulneraveis-um-problema-que-queremos-esquecer\">aqui<\/a>.<\/p>\n<p><strong>10<\/strong><br \/>\n<a href=\"http:\/\/www.ultimato.com.br\/conteudo\/a-relacao-de-c-s-lewis-com-a-morte\">A rela\u00e7\u00e3o de C. S. Lewis com a morte<\/a> (8625 visualiza\u00e7\u00f5es)<br \/>\nNos 53 anos da morte de C. S. Lewis, Gabriele Greggersen abordou a forma como Lewis lidava com a morte e disse porque temos motivos para celebr\u00e1-la. \u201cEste \u00e9 o mundo dos sonhos. Mas o galo est\u00e1 para cantar. E est\u00e1 mais pr\u00f3ximo agora, do que quando eu comecei a escrever esta carta\u201d. Leia <a href=\"http:\/\/www.ultimato.com.br\/conteudo\/a-relacao-de-c-s-lewis-com-a-morte\">aqui<\/a>.<\/p>\n<p>Que 2017 tamb\u00e9m seja cheio de conte\u00fado que edifica!<\/p>\n","protected":false},"excerpt":{"rendered":"<p>O Portal Ultimato continuou a crescer em 2016, em audi\u00eancia e n\u00famero de visualiza\u00e7\u00e3o dos conte\u00fados. Foram muitos artigos de opini\u00e3o, not\u00edcias e editoriais no intuito de contribuir para a transforma\u00e7\u00e3o de vidas e edifica\u00e7\u00e3o da Igreja. Textos sobre assuntos como mortes, suic\u00eddio, guerra, feminismo, miss\u00f5es e ora\u00e7\u00e3o foram os que tiveram maior visualiza\u00e7\u00e3o no [&#8230;]<\/p>\n","protected":false},"author":24,"featured_media":0,"comment_status":"open","ping_status":"open","sticky":false,"template":"","format":"standard","meta":{"ngg_post_thumbnail":0,"footnotes":""},"categories":[9536],"tags":[30076,31138,31137],"class_list":["post-8434","post","type-post","status-publish","format-standard","hentry","category-do-editor","tag-audiencia","tag-mais-lidos-de-2016","tag-portal-ultimato-online"],"_links":{"self":[{"href":"https:\/\/ultimato.com.br\/sites\/blogdaultimato\/wp-json\/wp\/v2\/posts\/8434","targetHints":{"allow":["GET"]}}],"collection":[{"href":"https:\/\/ultimato.com.br\/sites\/blogdaultimato\/wp-json\/wp\/v2\/posts"}],"about":[{"href":"https:\/\/ultimato.com.br\/sites\/blogdaultimato\/wp-json\/wp\/v2\/types\/post"}],"author":[{"embeddable":true,"href":"https:\/\/ultimato.com.br\/sites\/blogdaultimato\/wp-json\/wp\/v2\/users\/24"}],"replies":[{"embeddable":true,"href":"https:\/\/ultimato.com.br\/sites\/blogdaultimato\/wp-json\/wp\/v2\/comments?post=8434"}],"version-history":[{"count":4,"href":"https:\/\/ultimato.com.br\/sites\/blogdaultimato\/wp-json\/wp\/v2\/posts\/8434\/revisions"}],"predecessor-version":[{"id":8439,"href":"https:\/\/ultimato.com.br\/sites\/blogdaultimato\/wp-json\/wp\/v2\/posts\/8434\/revisions\/8439"}],"wp:attachment":[{"href":"https:\/\/ultimato.com.br\/sites\/blogdaultimato\/wp-json\/wp\/v2\/media?parent=8434"}],"wp:term":[{"taxonomy":"category","embeddable":true,"href":"https:\/\/ultimato.com.br\/sites\/blogdaultimato\/wp-json\/wp\/v2\/categories?post=8434"},{"taxonomy":"post_tag","embeddable":true,"href":"https:\/\/ultimato.com.br\/sites\/blogdaultimato\/wp-json\/wp\/v2\/tags?post=8434"}],"curies":[{"name":"wp","href":"https:\/\/api.w.org\/{rel}","templated":true}]}}