{"id":8165,"date":"2016-10-06T09:08:00","date_gmt":"2016-10-06T12:08:00","guid":{"rendered":"http:\/\/ultimato.com.br\/sites\/blogdaultimato\/?p=8165"},"modified":"2016-10-11T08:48:33","modified_gmt":"2016-10-11T11:48:33","slug":"elben-cesar-1930-2016-lamento","status":"publish","type":"post","link":"https:\/\/ultimato.com.br\/sites\/blogdaultimato\/2016\/10\/06\/elben-cesar-1930-2016-lamento\/","title":{"rendered":"ELBEN C\u00c9SAR, 1930 \u2013 2016. LAMENTO"},"content":{"rendered":"<p><span style=\"color: #808000;\"><a href=\"http:\/\/ultimato.com.br\/sites\/blogdaultimato\/files\/2016\/10\/Reve_biblioteca_texto.jpg\" class=\"lightview\" data-lightview-group=\"group-8165\" data-lightview-options=\"skin: 'dark', controls: 'relative', padding: '10', shadow: { color: '#000000', opacity: 0.08, blur: 3 }\"><img loading=\"lazy\" decoding=\"async\" class=\"alignleft size-medium wp-image-8166\" src=\"http:\/\/ultimato.com.br\/sites\/blogdaultimato\/files\/2016\/10\/Reve_biblioteca_texto-300x300.jpg\" alt=\"reve_biblioteca_texto\" width=\"300\" height=\"300\" srcset=\"https:\/\/ultimato.com.br\/sites\/blogdaultimato\/files\/2016\/10\/Reve_biblioteca_texto-300x300.jpg 300w, https:\/\/ultimato.com.br\/sites\/blogdaultimato\/files\/2016\/10\/Reve_biblioteca_texto-150x150.jpg 150w, https:\/\/ultimato.com.br\/sites\/blogdaultimato\/files\/2016\/10\/Reve_biblioteca_texto-80x80.jpg 80w, https:\/\/ultimato.com.br\/sites\/blogdaultimato\/files\/2016\/10\/Reve_biblioteca_texto.jpg 400w\" sizes=\"auto, (max-width: 300px) 100vw, 300px\" \/><\/a>Tu, SENHOR, conservar\u00e1s em perfeita paz aquele cujo prop\u00f3sito \u00e9 firme; porque ele confia em ti (Is 26.3)<\/span><br \/>\n<strong><span style=\"color: #808000;\">[Editorial]<\/span><\/strong><\/p>\n<p>\u00c9 com pesar que a fam\u00edlia e a Editora Ultimato comunicam o falecimento do pastor Elben Magalh\u00e3es Lenz C\u00e9sar. Aos 86 anos, Elben C\u00e9sar morreu hoje, quinta-feira, dia 6 de outubro de 2016, \u00e0s 1h08 min., no Hospital Madre Tereza, em Belo Horizonte, MG, v\u00edtima de uma parada card\u00edaca, resultado das complica\u00e7\u00f5es cl\u00ednicas enfrentadas nos \u00faltimos 29 dias de interna\u00e7\u00e3o, ap\u00f3s uma queda, em casa. Ele era casado com Djanira Momesso C\u00e9sar, pai de cinco filhas, av\u00f4 de dez netos e bisav\u00f4 de quatro bisnetos.<\/p>\n<p>O culto de gratid\u00e3o por sua vida ser\u00e1 realizado na Igreja Presbiteriana de Vi\u00e7osa, \u00e0s 9h desta sexta-feira, dia 7 de outubro e, em seguida, o sepultamento acontecer\u00e1 no Cemit\u00e9rio Colina da Saudade, em Vi\u00e7osa, MG.<\/p>\n<p>O texto b\u00edblico que nos consola \u00e9 tamb\u00e9m um dos preferidos dele: Tu, SENHOR, conservar\u00e1s em perfeita paz aquele cujo prop\u00f3sito \u00e9 firme; porque ele confia em ti (Is 26.3).<\/p>\n<p>E, claro, tamb\u00e9m nos anima a sua lembran\u00e7a insistente em zombar da morte apelando para a ironia do ap\u00f3stolo Paulo: \u201cOnde est\u00e1, \u00f3 morte, a tua vit\u00f3ria?\u201d (1Co 15.55). Ironia porque a resposta \u00e0 pergunta vem antes, da lavra do mesmo escritor: \u201cO \u00faltimo inimigo a ser destru\u00eddo \u00e9 a morte\u201d (v. 26). Assim, antecipando o riso futuro e sem sair do mesmo cap\u00edtulo 15 da primeira carta aos Cor\u00edntios, reafirmamos as \u00faltimas linhas: \u201cMeus queridos irm\u00e3os, sejam fortes e firmes, sempre dedicados ao trabalho do Senhor, pois voc\u00eas sabem que nada do que voc\u00eas fazem para o Senhor \u00e9 in\u00fatil\u201d (v. 58).<\/p>\n<p><span style=\"color: #808000;\">Para deixar sua palavra ou lembran\u00e7a sobre o pastor Elben C\u00e9sar, acesse o nosso <a style=\"color: #808000;\" href=\"http:\/\/ultimato.com.br\/sites\/elbencesar\/\">Livro de Visitas<\/a>.<\/span><\/p>\n<p><span style=\"color: #808000;\">Foto: Clara Bontempo<\/span><\/p>\n","protected":false},"excerpt":{"rendered":"<p>Tu, SENHOR, conservar\u00e1s em perfeita paz aquele cujo prop\u00f3sito \u00e9 firme; porque ele confia em ti (Is 26.3)<br \/>\n[Editorial]<br \/>\n\u00c9 com pesar que a fam\u00edlia e a Editora Ultimato comunicam o falecimento do pastor Elben Magalh\u00e3es Lenz C\u00e9sar. Aos 86 anos, Elben C\u00e9sar morreu hoje, quinta-feira, dia 6 de outubro de 2016, \u00e0s 1h08 min., no Hospital [&#8230;]<\/p>\n","protected":false},"author":6,"featured_media":0,"comment_status":"open","ping_status":"open","sticky":false,"template":"","format":"standard","meta":{"ngg_post_thumbnail":0,"footnotes":""},"categories":[9536],"tags":[5478],"class_list":["post-8165","post","type-post","status-publish","format-standard","hentry","category-do-editor","tag-elben-cesar"],"_links":{"self":[{"href":"https:\/\/ultimato.com.br\/sites\/blogdaultimato\/wp-json\/wp\/v2\/posts\/8165","targetHints":{"allow":["GET"]}}],"collection":[{"href":"https:\/\/ultimato.com.br\/sites\/blogdaultimato\/wp-json\/wp\/v2\/posts"}],"about":[{"href":"https:\/\/ultimato.com.br\/sites\/blogdaultimato\/wp-json\/wp\/v2\/types\/post"}],"author":[{"embeddable":true,"href":"https:\/\/ultimato.com.br\/sites\/blogdaultimato\/wp-json\/wp\/v2\/users\/6"}],"replies":[{"embeddable":true,"href":"https:\/\/ultimato.com.br\/sites\/blogdaultimato\/wp-json\/wp\/v2\/comments?post=8165"}],"version-history":[{"count":7,"href":"https:\/\/ultimato.com.br\/sites\/blogdaultimato\/wp-json\/wp\/v2\/posts\/8165\/revisions"}],"predecessor-version":[{"id":8192,"href":"https:\/\/ultimato.com.br\/sites\/blogdaultimato\/wp-json\/wp\/v2\/posts\/8165\/revisions\/8192"}],"wp:attachment":[{"href":"https:\/\/ultimato.com.br\/sites\/blogdaultimato\/wp-json\/wp\/v2\/media?parent=8165"}],"wp:term":[{"taxonomy":"category","embeddable":true,"href":"https:\/\/ultimato.com.br\/sites\/blogdaultimato\/wp-json\/wp\/v2\/categories?post=8165"},{"taxonomy":"post_tag","embeddable":true,"href":"https:\/\/ultimato.com.br\/sites\/blogdaultimato\/wp-json\/wp\/v2\/tags?post=8165"}],"curies":[{"name":"wp","href":"https:\/\/api.w.org\/{rel}","templated":true}]}}