{"id":8155,"date":"2016-10-04T08:36:00","date_gmt":"2016-10-04T11:36:00","guid":{"rendered":"http:\/\/ultimato.com.br\/sites\/blogdaultimato\/?p=8155"},"modified":"2016-10-04T09:46:12","modified_gmt":"2016-10-04T12:46:12","slug":"comunicado-da-familia-sobre-a-saude-do-pr-elben-cesar-0410","status":"publish","type":"post","link":"https:\/\/ultimato.com.br\/sites\/blogdaultimato\/2016\/10\/04\/comunicado-da-familia-sobre-a-saude-do-pr-elben-cesar-0410\/","title":{"rendered":"Comunicado da fam\u00edlia do Pr. Elben C\u00e9sar (04\/10)"},"content":{"rendered":"<p>Informamos aos amigos e intercessores que o pastor Elben C\u00e9sar continua internado na UTI do Hospital Madre Tereza, em Belo Horizonte, e permanece em estado inconsciente. Ele chegou a ser transferido para o quarto no dia 26 de setembro, mas no dia seguinte retornou \u00e0 UTI. Tem sofrido intercorr\u00eancias relacionadas \u00e0 respira\u00e7\u00e3o, alimenta\u00e7\u00e3o e funcionamento intestinal.<\/p>\n<p>O pastor Elben continua tendo a companhia de familiares e tem recebido visitas. Os cartazes com fotos de familiares e vers\u00edculos b\u00edblicos o acompanham. Na semana passada acrescentamos este texto: &#8220;Desde que voc\u00ea nasceu, eu o tenho carregado; sempre cuidei de voc\u00ea. E, quando ficar velho, como agora, eu serei o mesmo Deus; cuidarei de voc\u00ea quando tiver cabelos brancos. Eu o criei e o carregarei, eu o ajudarei e o salvarei&#8221; (Isa\u00edas 46.3-4).<\/p>\n<p>Agradecidos mais uma vez por tantas manifesta\u00e7\u00f5es de apoio e carinho, continuamos a contar com suas ora\u00e7\u00f5es.<\/p>\n<p><em>As filhas J\u00fania, L\u00eania, Kl\u00eania, D\u00e9lnia e G\u00ednia\u00a0<\/em><em>[com Djanira].<\/em><\/p>\n","protected":false},"excerpt":{"rendered":"<p>Informamos aos amigos e intercessores que o pastor Elben C\u00e9sar continua internado na UTI do Hospital Madre Tereza, em Belo Horizonte, e permanece em estado inconsciente. Ele chegou a ser transferido para o quarto no dia 26 de setembro, mas no dia seguinte retornou \u00e0 UTI. Tem sofrido intercorr\u00eancias relacionadas \u00e0 respira\u00e7\u00e3o, alimenta\u00e7\u00e3o e funcionamento [&#8230;]<\/p>\n","protected":false},"author":24,"featured_media":0,"comment_status":"open","ping_status":"open","sticky":false,"template":"","format":"standard","meta":{"ngg_post_thumbnail":0,"footnotes":""},"categories":[5153],"tags":[],"class_list":["post-8155","post","type-post","status-publish","format-standard","hentry","category-prateleira"],"_links":{"self":[{"href":"https:\/\/ultimato.com.br\/sites\/blogdaultimato\/wp-json\/wp\/v2\/posts\/8155","targetHints":{"allow":["GET"]}}],"collection":[{"href":"https:\/\/ultimato.com.br\/sites\/blogdaultimato\/wp-json\/wp\/v2\/posts"}],"about":[{"href":"https:\/\/ultimato.com.br\/sites\/blogdaultimato\/wp-json\/wp\/v2\/types\/post"}],"author":[{"embeddable":true,"href":"https:\/\/ultimato.com.br\/sites\/blogdaultimato\/wp-json\/wp\/v2\/users\/24"}],"replies":[{"embeddable":true,"href":"https:\/\/ultimato.com.br\/sites\/blogdaultimato\/wp-json\/wp\/v2\/comments?post=8155"}],"version-history":[{"count":3,"href":"https:\/\/ultimato.com.br\/sites\/blogdaultimato\/wp-json\/wp\/v2\/posts\/8155\/revisions"}],"predecessor-version":[{"id":8159,"href":"https:\/\/ultimato.com.br\/sites\/blogdaultimato\/wp-json\/wp\/v2\/posts\/8155\/revisions\/8159"}],"wp:attachment":[{"href":"https:\/\/ultimato.com.br\/sites\/blogdaultimato\/wp-json\/wp\/v2\/media?parent=8155"}],"wp:term":[{"taxonomy":"category","embeddable":true,"href":"https:\/\/ultimato.com.br\/sites\/blogdaultimato\/wp-json\/wp\/v2\/categories?post=8155"},{"taxonomy":"post_tag","embeddable":true,"href":"https:\/\/ultimato.com.br\/sites\/blogdaultimato\/wp-json\/wp\/v2\/tags?post=8155"}],"curies":[{"name":"wp","href":"https:\/\/api.w.org\/{rel}","templated":true}]}}