{"id":8131,"date":"2016-09-23T16:06:40","date_gmt":"2016-09-23T19:06:40","guid":{"rendered":"http:\/\/ultimato.com.br\/sites\/blogdaultimato\/?p=8131"},"modified":"2016-09-23T23:05:36","modified_gmt":"2016-09-24T02:05:36","slug":"comunicado-da-familia-sobre-a-saude-do-pr-elben-cesar-2309","status":"publish","type":"post","link":"https:\/\/ultimato.com.br\/sites\/blogdaultimato\/2016\/09\/23\/comunicado-da-familia-sobre-a-saude-do-pr-elben-cesar-2309\/","title":{"rendered":"Comunicado da fam\u00edlia sobre a sa\u00fade do Pr. Elben C\u00e9sar: 23\/09"},"content":{"rendered":"<p>Resolvemos, as filhas, fazermos este comunicado de forma mais pessoal sobre a sa\u00fade do nosso pai. Desde o <a href=\"http:\/\/ultimato.com.br\/sites\/blogdaultimato\/2016\/09\/08\/elben-cesar-e-submetido-a-cirurgia-e-esta-em-estado-grave\/\">Comunicado de 8 de setembro<\/a>, informando a sua queda, temos recebido in\u00fameras manifesta\u00e7\u00f5es de carinho e ora\u00e7\u00f5es. Passados 16 dias, as pessoas t\u00eam buscado not\u00edcias. Elas querem saber como est\u00e1 o \u201cReve\u201d, como est\u00e3o os familiares e como est\u00e1 a Ultimato.<\/p>\n<p>&nbsp;<\/p>\n<p><strong>Como est\u00e1 o \u201cReve\u201d [Pastor Elben]?<\/strong><\/p>\n<p>Ele continua internado na UTI do Hospital Madre Tereza em Belo Horizonte, fisicamente est\u00e1vel. Respira com ajuda de um aparelho port\u00e1til. Neurologicamente n\u00e3o houve altera\u00e7\u00e3o do quadro. Ele continua em coma, mesmo com a retirada da seda\u00e7\u00e3o h\u00e1 alguns dias. Os m\u00e9dicos nos informaram que o hemisf\u00e9rio direito do c\u00e9rebro sofreu isquemia. Do ponto de vista da medicina, as possibilidades de retorno \u00e0 consci\u00eancia s\u00e3o m\u00ednimas. E a cada dia que passa, humanamente falando, diminuem as perspectivas. Os m\u00e9dicos nos avisaram que no in\u00edcio da pr\u00f3xima semana ele dever\u00e1 ser transferido para o quarto.<\/p>\n<p>O Elben recebe visitas di\u00e1rias de membros da fam\u00edlia e amigos em dois hor\u00e1rios. Ao lado do seu leito na UTI, colocamos uma cruz vazada pequena e, na parede, colocamos fotos, vers\u00edculos e sua identifica\u00e7\u00e3o: \u201cElben, casado h\u00e1 60 anos com Djanira, pai de cinco filhas, av\u00f4 de sete netos e tr\u00eas netas, bisav\u00f4 de um bisneto e tr\u00eas bisnetas. Muito amado!\u201d. Durante as visitas, cantamos, atualizamos not\u00edcias, relembramos fatos, lemos a devocional do dia do mesmo devocion\u00e1rio que ele estava usando, oramos, massageamos os p\u00e9s. Entre outras coisas, pedimos que o \u201cDivino Companheiro\u201d esteja ao lado dele neste leito de sono.<\/p>\n<div id=\"attachment_8132\" style=\"width: 410px\" class=\"wp-caption alignleft\"><img loading=\"lazy\" decoding=\"async\" aria-describedby=\"caption-attachment-8132\" class=\"size-full wp-image-8132\" src=\"http:\/\/ultimato.com.br\/sites\/blogdaultimato\/files\/2016\/09\/IMG-20160914-WA0027-e1474657196908.jpg\" alt=\"Um dos vers\u00edculos colados no quarto de Elben: &quot;Tu, Senhor, conservar\u00e1s em perfeita paz aquele cujo prop\u00f3sito \u00e9 firme, porque ele confia em ti&quot;. (Isa\u00edas 26.3)\" width=\"400\" height=\"282\" \/><p id=\"caption-attachment-8132\" class=\"wp-caption-text\">Um dos vers\u00edculos colados no quarto de Elben: &#8220;Tu, Senhor, conservar\u00e1s em perfeita paz aquele cujo prop\u00f3sito \u00e9 firme, porque ele confia em ti&#8221;. (Isa\u00edas 26.3)<\/p><\/div>\n<p>\u00c9 triste para n\u00f3s v\u00ea-lo assim, ele que \u00e9 t\u00e3o cheio de vida, cheio de planos, mesmo com os seus 86 anos. Temos clamado a Deus, pedindo que o traga de volta \u00e0 vida plena.<\/p>\n<p>&nbsp;<\/p>\n<p><strong>Como est\u00e1 a fam\u00edlia?<\/strong><\/p>\n<p>Orando, esperando, orando.\u00a0As filhas, os genros e os netos se alternam em Belo Horizonte. Djanira, esposa, est\u00e1 firme como uma rocha. Ela conta especialmente com o apoio da filha mais velha que reside com ela, mas tamb\u00e9m das outras filhas. Djanira teve a oportunidade de visitar o Elben duas vezes. Quase todos os dias, perto do meio-dia e \u00e0 tardinha, nos juntamos \u00e0s duas para ouvir ao telefone o relato das visitas feitas.\u00a0E acabamos de instalar internet na casa delas para podermos trabalhar l\u00e1 e estarmos mais pr\u00f3ximas.<\/p>\n<p>Em uma de nossas visitas, um plantonista da UTI, talvez por nos ver cantar, perguntou: \u201cVoc\u00eas est\u00e3o cientes da gravidade do quadro?\u201d. Sim, estamos cientes. Por isso mesmo, oramos insistentemente para Deus operar um milagre, se esta for a sua vontade. Sabemos que Deus est\u00e1 no controle e que \u201ctodas as coisas cooperam para o bem daqueles que amam a Deus\u201d (Rm 8.28).<\/p>\n<p>Temos sido grandemente apoiadas pela igreja de Vi\u00e7osa, por muitos amigos em Belo Horizonte e outros lugares, e nos sentimos fortalecidas pelas ora\u00e7\u00f5es de tantos intercessores.<\/p>\n<p>&nbsp;<\/p>\n<p><strong>Como est\u00e1 a Ultimato?<\/strong><\/p>\n<p>A despeito do abatimento com esta situa\u00e7\u00e3o, cada um continua o seu trabalho. Duas vezes por dia, duplas de ora\u00e7\u00e3o intercedem pelo \u201cReve\u201d. As rotinas n\u00e3o se alteraram e a Editora segue em fluxo normal.<\/p>\n<p>&nbsp;<\/p>\n<p><strong>Olhe para o Alto!<\/strong><\/p>\n<p>Uma de n\u00f3s recuperou um livreto publicado em 2004, escrito pelo pai, cujo t\u00edtulo \u00e9 \u201cOlhe para o Alto\u201d. S\u00e3o frases curtas que apelam para o leitor n\u00e3o olhar para as circunst\u00e2ncias, n\u00e3o olhar para baixo, mas para o Alto, para Deus e receber dele o alento, a for\u00e7a, a b\u00ean\u00e7\u00e3o di\u00e1ria, o milagre.<\/p>\n<blockquote>\n<h5><span style=\"color: #808080;\">Perguntas sem resposta, acontecimentos sem l\u00f3gica, dores sem diagn\u00f3stico, medos sem defini\u00e7\u00e3o \u2014 s\u00e3o problemas inc\u00f4modos, passageiros ou n\u00e3o. &#8216;Quando, por\u00e9m, vier o que \u00e9 perfeito, o que \u00e9 imperfeito desaparecer\u00e1&#8217; (1Co 13.10).<\/span><\/h5>\n<h5><span style=\"color: #808080;\">\u2014 Elben C\u00e9sar, em <em>Olhe para o Alto<\/em>, 2004 (p. 18).<\/span><\/h5>\n<\/blockquote>\n<p>&nbsp;<\/p>\n<p>Agradecidas, pedimos aos irm\u00e3os que est\u00e3o intercedendo que continuem orando e olhando para o Alto, enquanto aguardamos a \u201cboa, agrad\u00e1vel e perfeita vontade de Deus\u201d (Rm 12.2).<\/p>\n<p>&nbsp;<\/p>\n<p><strong>As filhas J\u00fania, L\u00eania, Kl\u00eania, D\u00e9lnia e G\u00ednia<br \/>\n<\/strong><\/p>\n<p><strong>[com Djanira]<\/strong><\/p>\n<p>&nbsp;<\/p>\n","protected":false},"excerpt":{"rendered":"<p>Resolvemos, as filhas, fazermos este comunicado de forma mais pessoal sobre a sa\u00fade do nosso pai. Desde o Comunicado de 8 de setembro, informando a sua queda, temos recebido in\u00fameras manifesta\u00e7\u00f5es de carinho e ora\u00e7\u00f5es. Passados 16 dias, as pessoas t\u00eam buscado not\u00edcias. Elas querem saber como est\u00e1 o \u201cReve\u201d, como est\u00e3o os familiares e [&#8230;]<\/p>\n","protected":false},"author":21,"featured_media":0,"comment_status":"open","ping_status":"open","sticky":false,"template":"","format":"standard","meta":{"ngg_post_thumbnail":0,"footnotes":""},"categories":[5153],"tags":[],"class_list":["post-8131","post","type-post","status-publish","format-standard","hentry","category-prateleira"],"_links":{"self":[{"href":"https:\/\/ultimato.com.br\/sites\/blogdaultimato\/wp-json\/wp\/v2\/posts\/8131","targetHints":{"allow":["GET"]}}],"collection":[{"href":"https:\/\/ultimato.com.br\/sites\/blogdaultimato\/wp-json\/wp\/v2\/posts"}],"about":[{"href":"https:\/\/ultimato.com.br\/sites\/blogdaultimato\/wp-json\/wp\/v2\/types\/post"}],"author":[{"embeddable":true,"href":"https:\/\/ultimato.com.br\/sites\/blogdaultimato\/wp-json\/wp\/v2\/users\/21"}],"replies":[{"embeddable":true,"href":"https:\/\/ultimato.com.br\/sites\/blogdaultimato\/wp-json\/wp\/v2\/comments?post=8131"}],"version-history":[{"count":5,"href":"https:\/\/ultimato.com.br\/sites\/blogdaultimato\/wp-json\/wp\/v2\/posts\/8131\/revisions"}],"predecessor-version":[{"id":8137,"href":"https:\/\/ultimato.com.br\/sites\/blogdaultimato\/wp-json\/wp\/v2\/posts\/8131\/revisions\/8137"}],"wp:attachment":[{"href":"https:\/\/ultimato.com.br\/sites\/blogdaultimato\/wp-json\/wp\/v2\/media?parent=8131"}],"wp:term":[{"taxonomy":"category","embeddable":true,"href":"https:\/\/ultimato.com.br\/sites\/blogdaultimato\/wp-json\/wp\/v2\/categories?post=8131"},{"taxonomy":"post_tag","embeddable":true,"href":"https:\/\/ultimato.com.br\/sites\/blogdaultimato\/wp-json\/wp\/v2\/tags?post=8131"}],"curies":[{"name":"wp","href":"https:\/\/api.w.org\/{rel}","templated":true}]}}