{"id":8108,"date":"2016-09-16T12:02:53","date_gmt":"2016-09-16T15:02:53","guid":{"rendered":"http:\/\/ultimato.com.br\/sites\/blogdaultimato\/?p=8108"},"modified":"2016-09-16T12:02:53","modified_gmt":"2016-09-16T15:02:53","slug":"socorrendo-um-mundo-quebrado","status":"publish","type":"post","link":"https:\/\/ultimato.com.br\/sites\/blogdaultimato\/2016\/09\/16\/socorrendo-um-mundo-quebrado\/","title":{"rendered":"Socorrendo um mundo quebrado"},"content":{"rendered":"<p><em><a href=\"http:\/\/ultimato.com.br\/sites\/blogdaultimato\/files\/2014\/06\/selo_acoes_ministeriais-e1468239227938.jpg\" class=\"lightview\" data-lightview-group=\"group-8108\" data-lightview-options=\"skin: 'dark', controls: 'relative', padding: '10', shadow: { color: '#000000', opacity: 0.08, blur: 3 }\"><img loading=\"lazy\" decoding=\"async\" class=\"aligncenter size-full wp-image-5637\" src=\"http:\/\/ultimato.com.br\/sites\/blogdaultimato\/files\/2014\/06\/selo_acoes_ministeriais-e1468239227938.jpg\" alt=\"selo_acoes_ministeriais\" width=\"600\" height=\"115\" \/><\/a><\/em><\/p>\n<p><span style=\"color: #993300;\"><em>Por Ariane Gomes<\/em><\/span><\/p>\n<p style=\"text-align: center;\"><em>O mundo clama por socorro f\u00edsico, mas no fundo \u00e9 o anseio desesperado por algo que d\u00ea esperan\u00e7a e motivo para enfrentar o futuro, algo verdadeiro ao qual possa se apeg<\/em>ar<\/p>\n<p><img loading=\"lazy\" decoding=\"async\" class=\"alignright size-full wp-image-8115\" src=\"http:\/\/ultimato.com.br\/sites\/blogdaultimato\/files\/2016\/09\/AM_Entrevista_IMG-20150510-WA0005.jpg\" alt=\"am_entrevista_img-20150510-wa0005\" width=\"400\" height=\"225\" srcset=\"https:\/\/ultimato.com.br\/sites\/blogdaultimato\/files\/2016\/09\/AM_Entrevista_IMG-20150510-WA0005.jpg 400w, https:\/\/ultimato.com.br\/sites\/blogdaultimato\/files\/2016\/09\/AM_Entrevista_IMG-20150510-WA0005-300x169.jpg 300w, https:\/\/ultimato.com.br\/sites\/blogdaultimato\/files\/2016\/09\/AM_Entrevista_IMG-20150510-WA0005-150x84.jpg 150w\" sizes=\"auto, (max-width: 400px) 100vw, 400px\" \/>A Associa\u00e7\u00e3o Miss\u00e3o Esperan\u00e7a e a Rede SOS Global atuam h\u00e1 mais de dez anos com equipes de socorro emergencial em cat\u00e1strofes, apoiando parceiros que moram em pa\u00edses da \u00c1sia e desenvolvendo trabalhos em diversas \u00e1reas e na forma\u00e7\u00e3o de obreiros locais para a pr\u00e1tica da miss\u00e3o. A Rede SOS Global j\u00e1 enviou equipes para socorrer v\u00edtimas do ciclone em Mianmar, do terremoto no Haiti, do tsunami no Jap\u00e3o, do tuf\u00e3o nas Filipinas , das chuvas no sert\u00e3o brasileiro, das enchentes em Santa Catarina e das chuvas e deslizamentos na regi\u00e3o serrana do Rio de Janeiro.<\/p>\n<p>Em recente viagem \u00e0 \u00c1sia, Margaretha Adiwardana, l\u00edder da AME e Rede SOS Global, constatou que ainda h\u00e1 muita coisa por fazer. Ela contou a Ultimato algumas de suas percep\u00e7\u00f5es diante de um mundo marcado por feridas espirituais, emocionais e f\u00edsicas.<\/p>\n<p><strong>Como l\u00edder da AME\/Rede SOS Global, voc\u00ea faz muitas viagens em visita a parceiros, reconhecimento de campos, apoio e incentivo aos que est\u00e3o na linha de frente. Do que voc\u00ea encontrou na viagem mais recente, o que \u00e9 um grande desafio, uma situa\u00e7\u00e3o que precisa de socorro emergencial?<\/strong><\/p>\n<p><img loading=\"lazy\" decoding=\"async\" class=\"alignright  wp-image-8114\" src=\"http:\/\/ultimato.com.br\/sites\/blogdaultimato\/files\/2016\/09\/AM_Entrevista_IMG_6093.jpg\" alt=\"am_entrevista_img_6093\" width=\"257\" height=\"173\" srcset=\"https:\/\/ultimato.com.br\/sites\/blogdaultimato\/files\/2016\/09\/AM_Entrevista_IMG_6093.jpg 400w, https:\/\/ultimato.com.br\/sites\/blogdaultimato\/files\/2016\/09\/AM_Entrevista_IMG_6093-150x100.jpg 150w\" sizes=\"auto, (max-width: 257px) 100vw, 257px\" \/>Na \u00faltima d\u00e9cada, h\u00e1 uma nova estrat\u00e9gia agressiva, sistem\u00e1tica, bem pensada, preparada e financiada, que visa o proselitismo onde o cristianismo \u00e9 minoria. Isso acontece em regi\u00f5es tradicionalmente crist\u00e3s mas que atualmente vivem sem conhecer a fundo a Palavra. Essa nova estrat\u00e9gia atinge principalmente os jovens, incentivando-os a se afastarem da igreja, a deixarem a f\u00e9 e a abra\u00e7arem a f\u00e9 da maioria. Eles s\u00e3o seduzidos pela oferta de bens materiais e bem-estar nas regi\u00f5es muito carentes e por tenta\u00e7\u00f5es f\u00edsicas pecaminosas. Nos lugares por onde tenho passado, centenas de milhares j\u00e1 abandonaram a f\u00e9 crist\u00e3 devido a essa estrat\u00e9gia agressiva. H\u00e1 pr\u00e9-adolescentes, com 11 ou 12 anos, gr\u00e1vidas, que t\u00eam que se casar abandonando a escola e a f\u00e9. Oferece-se comida a crian\u00e7as com fome. Jovens se embrenham em prostitui\u00e7\u00e3o, \u00e1lcool e drogas que, inicialmente, s\u00e3o oferecidos de gra\u00e7a. A igreja em v\u00e1rias dessas regi\u00f5es perde as crian\u00e7as e os jovens, a sua gera\u00e7\u00e3o futura. O testemunho crist\u00e3o se torna ineficaz e at\u00e9 causa vexame.<!--more--><\/p>\n<p><strong>Quais a\u00e7\u00f5es a AME\/Rede SOS Global promove, al\u00e9m do trabalho com forma\u00e7\u00e3o de equipes de socorro emergencial e da atua\u00e7\u00e3o com equipes em situa\u00e7\u00e3o de cat\u00e1strofe?<\/strong><\/p>\n<p><img loading=\"lazy\" decoding=\"async\" class=\"alignright  wp-image-8111\" src=\"http:\/\/ultimato.com.br\/sites\/blogdaultimato\/files\/2016\/09\/AM_Entrevista_CIMG3673.jpg\" alt=\"am_entrevista_cimg3673\" width=\"258\" height=\"195\" srcset=\"https:\/\/ultimato.com.br\/sites\/blogdaultimato\/files\/2016\/09\/AM_Entrevista_CIMG3673.jpg 400w, https:\/\/ultimato.com.br\/sites\/blogdaultimato\/files\/2016\/09\/AM_Entrevista_CIMG3673-300x225.jpg 300w, https:\/\/ultimato.com.br\/sites\/blogdaultimato\/files\/2016\/09\/AM_Entrevista_CIMG3673-150x113.jpg 150w\" sizes=\"auto, (max-width: 258px) 100vw, 258px\" \/>Depois do socorro emergencial p\u00f3s-cat\u00e1strofe, quando h\u00e1 necessidade, continuamos com reconstru\u00e7\u00e3o na destrui\u00e7\u00e3o. A seguir, havendo necessidade e a pedido do pessoal local, estabelecemos projetos de desenvolvimento comunit\u00e1rio integral que visa a transforma\u00e7\u00e3o material, pr\u00e1ticas de autossustento, capacita\u00e7\u00e3o para profissionaliza\u00e7\u00e3o, cuidados de sa\u00fade f\u00edsica e nutricional, cuidado emocional, psicol\u00f3gico e p\u00f3s-trauma com vistas a ajudar as pessoas que passam algum tempo vivendo de doa\u00e7\u00f5es a recuperar a autoestima e a dignidade. Trabalhamos ajudando na forma\u00e7\u00e3o de obreiros locais com vis\u00e3o e pr\u00e1tica mission\u00e1ria para alcan\u00e7ar o seu povo, os povos pouco alcan\u00e7ados ao seu redor e povos em outros pa\u00edses. Damos prefer\u00eancia e prioridade para locais que sofrem de discrimina\u00e7\u00e3o econ\u00f4mica, social e religiosa.<\/p>\n<p><strong>Num mundo quebrado, em que relacionamentos superficiais e ef\u00eameros sobressaem aos encontros duradouros, em que muitas pessoas enfrentam cat\u00e1strofes pessoais, dramas familiares, solid\u00e3o, medo, ang\u00fastia, incerteza, qual \u00e9 a import\u00e2ncia dos minist\u00e9rios de socorro, reconcilia\u00e7\u00e3o, cura e restaura\u00e7\u00e3o?<\/strong><\/p>\n<p>O mundo quebrado clama por socorro f\u00edsico, mas no fundo \u00e9 o anseio desesperado por algo que d\u00ea esperan\u00e7a e motivo para enfrentar o futuro, algo verdadeiro ao qual possa se apegar. Isso requer socorro palp\u00e1vel para os problemas no aqui e agora, sejam eles f\u00edsicos, materiais ou emocionais. Envolve cura de trauma das experi\u00eancias que esmagam a esperan\u00e7a por uma vida digna que vale a pena lutar, reconcilia\u00e7\u00e3o em caso de conflitos violentos e opress\u00e3o f\u00edsica. A restaura\u00e7\u00e3o f\u00edsica e emocional \u00e9 necess\u00e1ria para devolver a dignidade como ser humano pleno com seu lugar reconhecido dentro da sociedade e no mundo. A paz espiritual da criatura consigo mesma e com o pr\u00f3ximo brota da paz com o seu Criador.<\/p>\n<p><strong>Em artigo publicado na Ultimato de setembro\/outubro de 2009, o redator mencionou suas l\u00e1grimas como express\u00e3o de um interesse genu\u00edno pelas v\u00edtimas da guerra, viol\u00eancia, pobreza e cat\u00e1strofes. Ainda h\u00e1 motivos pelos quais chorar, se comover, lamentar, orar?<\/strong><em><br \/>\n<img loading=\"lazy\" decoding=\"async\" class=\"alignright  wp-image-8117\" src=\"http:\/\/ultimato.com.br\/sites\/blogdaultimato\/files\/2016\/09\/AM_Entrevista_Visita-casas.jpg\" alt=\"am_entrevista_visita-casas\" width=\"283\" height=\"161\" \/><\/em>N\u00e3o podemos n\u00e3o chorar ao ver o mundo criado perfeito por Deus hoje ca\u00eddo. N\u00e3o conseguir\u00edamos n\u00e3o lamentar ao ver a criatura que foi feita para o louvor da gl\u00f3ria de Deus hoje em situa\u00e7\u00e3o de desespero e desconhecendo que h\u00e1 esperan\u00e7a e existe vida plena e abundante. Devemos orar com l\u00e1grimas para que, enquanto aguardarmos o grande dia quando n\u00e3o haver\u00e1 mais morte nem dores nem l\u00e1grimas, a presen\u00e7a do Emanuel se torne real aqui e agora e que o Pai de toda consola\u00e7\u00e3o, o Esp\u00edrito Consolador seja sentido na vida dos desesperan\u00e7ados. \u00c9 a promessa que se cumpre quando h\u00e1 \u201csal da terra\u201d e \u201cluz do mundo\u201d no meio do choro e lam\u00farias.<\/p>\n<p><strong>O que pode ser aproveitado das experi\u00eancias de globaliza\u00e7\u00e3o no minist\u00e9rio de socorro \u00e0s v\u00edtimas de cat\u00e1strofes?<\/strong><\/p>\n<p>Haja vista que h\u00e1 quase duas d\u00e9cadas as cat\u00e1strofes aumentam cada vez mais, ocorrendo em todos os continentes e frequentemente com grande amplitude e cada vez mais destruidoras, tanto nos lugares de alto poder econ\u00f4mico e com infraestrutura que suportam desastres, como nos lugares que j\u00e1 eram pobres e sem infraestrutura adequada, vemos que o ser humano se torna ciente da sua incapacidade de se defender tanto diante da for\u00e7a da natureza como da maldade humana nas guerras. \u00c9 nessa situa\u00e7\u00e3o de estar \u201cno fundo do po\u00e7o\u201d, sentindo-se vulner\u00e1vel e incapaz, que o ser humano, que normalmente se sente poderoso em sair-se bem com esfor\u00e7o pr\u00f3prio, se conscientiza que h\u00e1 situa\u00e7\u00f5es das quais ele n\u00e3o pode mais se defender. \u00c9 um momento de crise existencial mais profunda que crises f\u00edsica, mental e emocional quando se desespera e se reflete no significado da vida para poder continuar a viver bem consigo mesmo. \u00c9 nesse momento que a presen\u00e7a ajudadora verdadeira e relevante, sem sentimento de superioridade, se torna crucial para a pessoa poder ver a luz e a esperan\u00e7a.<\/p>\n<p><strong>Como a AME\/Rede SOS Global equilibra a proclama\u00e7\u00e3o do evangelho e a aten\u00e7\u00e3o sincera e integral ao sofrimento alheio, seja ele f\u00edsico, emocional ou espiritual?<\/strong><\/p>\n<p><img loading=\"lazy\" decoding=\"async\" class=\"alignright  wp-image-8109\" src=\"http:\/\/ultimato.com.br\/sites\/blogdaultimato\/files\/2016\/09\/AM_Entrevista_ARF_7483.jpg\" alt=\"am_entrevista_arf_7483\" width=\"267\" height=\"180\" \/>A ministra\u00e7\u00e3o aos que sofrem deve brotar mais do que da compaix\u00e3o humana, deve ter origem no amor de Deus por n\u00f3s. N\u00e3o h\u00e1 separa\u00e7\u00e3o entre a proclama\u00e7\u00e3o do evangelho e o cuidado f\u00edsico, emocional e espiritual aos que sofrem. \u00c9 o viver do evangelho, a a\u00e7\u00e3o e os atos de cuidar das pessoas que Deus ama.<\/p>\n<p><strong>Raio X<\/strong><\/p>\n<p><strong>Idade da AME\/Rede SOS Global<\/strong>: A AME foi formada em outubro 2000 e a Rede SOS Global em janeiro 2006<\/p>\n<p><strong>N\u00famero de obreiros<\/strong>: Nas bases somos 11 e nos campos 28 e seus filhos (incluindo obreiros locais de alguns campos internacionais)<\/p>\n<p><strong>N\u00famero de viagens j\u00e1 realizadas para socorro emergencial<\/strong>: cerca de 40 viagens de equipes para socorros nacionais e internacionais<\/p>\n<p><strong>N\u00famero de treinamentos oferecidos e pessoas alcan\u00e7adas neles<\/strong>: 20 treinamentos com aproximadamente 1.500 pessoas treinadas no Brasil e no exterior<\/p>\n<p><strong>Um sonho<\/strong>: Ver uma rede brasileira e internacional de socorro emergencial capaz de agir em 72 horas diante de uma cat\u00e1strofe<\/p>\n<p><strong>Um desafio para 2016<\/strong>: Cuidar de dezenas de milhares de crian\u00e7as em situa\u00e7\u00e3o de risco em v\u00e1rios locais num pa\u00eds asi\u00e1tico<\/p>\n<p><strong>Um convite<\/strong>: Venha fazer parte da cura num mundo quebrado, transformando desespero em esperan\u00e7a que n\u00e3o falha e que s\u00f3 h\u00e1 no nosso Senhor. Conhe\u00e7a mais sobre os projetos da AME e Rede SOS Global <a href=\"amesperanca.com.br\">aqui<\/a>.<\/p>\n<p>A AME faz parte de um projeto de a\u00e7\u00f5es ministeriais da Ultimato e, junto com cerca de quarenta outras organiza\u00e7\u00f5es, recebe exemplares de <strong>Ultimato<\/strong> gratuitamente para distribuir aos mission\u00e1rios vinculados \u00e0 ag\u00eancia.<\/p>\n<p><span style=\"color: #993300;\"><em><strong>\u2022 Ariane Gomes<\/strong> \u00e9 respons\u00e1vel pelos projetos ligados \u00e0s a\u00e7\u00f5es ministeriais da Ultimato.<\/em><\/span><\/p>\n","protected":false},"excerpt":{"rendered":"<p>Por Ariane Gomes<br \/>\nO mundo clama por socorro f\u00edsico, mas no fundo \u00e9 o anseio desesperado por algo que d\u00ea esperan\u00e7a e motivo para enfrentar o futuro, algo verdadeiro ao qual possa se apegar<br \/>\nA Associa\u00e7\u00e3o Miss\u00e3o Esperan\u00e7a e a Rede SOS Global atuam h\u00e1 mais de dez anos com equipes de socorro emergencial em cat\u00e1strofes, apoiando [&#8230;]<\/p>\n","protected":false},"author":21,"featured_media":0,"comment_status":"open","ping_status":"open","sticky":false,"template":"","format":"standard","meta":{"ngg_post_thumbnail":0,"footnotes":""},"categories":[22790],"tags":[],"class_list":["post-8108","post","type-post","status-publish","format-standard","hentry","category-acoes-ministeriais-ultimas-de-ca"],"_links":{"self":[{"href":"https:\/\/ultimato.com.br\/sites\/blogdaultimato\/wp-json\/wp\/v2\/posts\/8108","targetHints":{"allow":["GET"]}}],"collection":[{"href":"https:\/\/ultimato.com.br\/sites\/blogdaultimato\/wp-json\/wp\/v2\/posts"}],"about":[{"href":"https:\/\/ultimato.com.br\/sites\/blogdaultimato\/wp-json\/wp\/v2\/types\/post"}],"author":[{"embeddable":true,"href":"https:\/\/ultimato.com.br\/sites\/blogdaultimato\/wp-json\/wp\/v2\/users\/21"}],"replies":[{"embeddable":true,"href":"https:\/\/ultimato.com.br\/sites\/blogdaultimato\/wp-json\/wp\/v2\/comments?post=8108"}],"version-history":[{"count":2,"href":"https:\/\/ultimato.com.br\/sites\/blogdaultimato\/wp-json\/wp\/v2\/posts\/8108\/revisions"}],"predecessor-version":[{"id":8119,"href":"https:\/\/ultimato.com.br\/sites\/blogdaultimato\/wp-json\/wp\/v2\/posts\/8108\/revisions\/8119"}],"wp:attachment":[{"href":"https:\/\/ultimato.com.br\/sites\/blogdaultimato\/wp-json\/wp\/v2\/media?parent=8108"}],"wp:term":[{"taxonomy":"category","embeddable":true,"href":"https:\/\/ultimato.com.br\/sites\/blogdaultimato\/wp-json\/wp\/v2\/categories?post=8108"},{"taxonomy":"post_tag","embeddable":true,"href":"https:\/\/ultimato.com.br\/sites\/blogdaultimato\/wp-json\/wp\/v2\/tags?post=8108"}],"curies":[{"name":"wp","href":"https:\/\/api.w.org\/{rel}","templated":true}]}}