{"id":8100,"date":"2016-09-16T09:28:04","date_gmt":"2016-09-16T12:28:04","guid":{"rendered":"http:\/\/ultimato.com.br\/sites\/blogdaultimato\/?p=8100"},"modified":"2016-09-16T11:33:58","modified_gmt":"2016-09-16T14:33:58","slug":"saude-elben-cesar-novo-comunicado-da-familia","status":"publish","type":"post","link":"https:\/\/ultimato.com.br\/sites\/blogdaultimato\/2016\/09\/16\/saude-elben-cesar-novo-comunicado-da-familia\/","title":{"rendered":"Sa\u00fade de Elben C\u00e9sar: novo comunicado da fam\u00edlia"},"content":{"rendered":"<p><em>16\/09\/2016, \u00e0s 9h30<\/em><\/p>\n<p>Informamos que o pr. Elben continua em coma na UTI, em Belo Horizonte (MG). N\u00e3o houve mudan\u00e7a significativa no seu quadro. O plano de tratamento inclui a retirada lenta e monitorada da seda\u00e7\u00e3o e da respira\u00e7\u00e3o artificial para ver como ele reage. Apresentou infec\u00e7\u00e3o, que j\u00e1 foi controlada.<\/p>\n<p>Ele tem sido visitado pela fam\u00edlia duas vezes por dia. Sua esposa Dona Djanira, as filhas, os genros e os netos querem expressar mais uma vez a gratid\u00e3o por tantas manifesta\u00e7\u00f5es de amizade e pelas ora\u00e7\u00f5es. Todas mensagens s\u00e3o lidas e apreciadas. Algumas delas s\u00e3o relatos muito edificantes da interven\u00e7\u00e3o de Deus, seja curando o doente seja consolando os que ficam.<\/p>\n<p>Algu\u00e9m da Equipe lembrou da devocional que o pastor Elben fez h\u00e1 alguns dias na editora:<\/p>\n<blockquote><p>O crente deve suplicar a Jesus que entre em cena e interfira em nossas vidas, livrando-nos de qualquer situa\u00e7\u00e3o complicada. \u201c\u00d3 Jesus, entra em cena!\u201d\u00a0\u00e9 uma ora\u00e7\u00e3o curta e arriscada. Em apenas cinco palavras dizemos tudo. Deve soar n\u00e3o como uma desrespeitosa ordem, mas como um pedido humilde, contrito e absolutamente sincero. \u00a0&#8230; a ora\u00e7\u00e3o &#8216;\u00d3 Jesus, entra em cena!&#8217;&#8230; \u00e9 uma honesta confiss\u00e3o de impot\u00eancia e desespero.<\/p><\/blockquote>\n<p><strong>LEIA MAIS<\/strong><br \/>\n<strong><a href=\"http:\/\/ultimato.com.br\/sites\/blogdaultimato\/2016\/09\/08\/elben-cesar-e-submetido-a-cirurgia-e-esta-em-estado-grave\/\">O que aconteceu com o pr. Elben C\u00e9sar?<\/a><\/strong><\/p>\n<p>&nbsp;<\/p>\n","protected":false},"excerpt":{"rendered":"<p>16\/09\/2016, \u00e0s 9h30<br \/>\nInformamos que o pr. Elben continua em coma na UTI, em Belo Horizonte (MG). N\u00e3o houve mudan\u00e7a significativa no seu quadro. O plano de tratamento inclui a retirada lenta e monitorada da seda\u00e7\u00e3o e da respira\u00e7\u00e3o artificial para ver como ele reage. Apresentou infec\u00e7\u00e3o, que j\u00e1 foi controlada.<br \/>\nEle tem sido visitado pela fam\u00edlia [&#8230;]<\/p>\n","protected":false},"author":24,"featured_media":0,"comment_status":"open","ping_status":"open","sticky":false,"template":"","format":"standard","meta":{"ngg_post_thumbnail":0,"footnotes":""},"categories":[9536],"tags":[18324,5477,5478,31118],"class_list":["post-8100","post","type-post","status-publish","format-standard","hentry","category-do-editor","tag-dos-editores","tag-elben","tag-elben-cesar","tag-saude-elben"],"_links":{"self":[{"href":"https:\/\/ultimato.com.br\/sites\/blogdaultimato\/wp-json\/wp\/v2\/posts\/8100","targetHints":{"allow":["GET"]}}],"collection":[{"href":"https:\/\/ultimato.com.br\/sites\/blogdaultimato\/wp-json\/wp\/v2\/posts"}],"about":[{"href":"https:\/\/ultimato.com.br\/sites\/blogdaultimato\/wp-json\/wp\/v2\/types\/post"}],"author":[{"embeddable":true,"href":"https:\/\/ultimato.com.br\/sites\/blogdaultimato\/wp-json\/wp\/v2\/users\/24"}],"replies":[{"embeddable":true,"href":"https:\/\/ultimato.com.br\/sites\/blogdaultimato\/wp-json\/wp\/v2\/comments?post=8100"}],"version-history":[{"count":6,"href":"https:\/\/ultimato.com.br\/sites\/blogdaultimato\/wp-json\/wp\/v2\/posts\/8100\/revisions"}],"predecessor-version":[{"id":8106,"href":"https:\/\/ultimato.com.br\/sites\/blogdaultimato\/wp-json\/wp\/v2\/posts\/8100\/revisions\/8106"}],"wp:attachment":[{"href":"https:\/\/ultimato.com.br\/sites\/blogdaultimato\/wp-json\/wp\/v2\/media?parent=8100"}],"wp:term":[{"taxonomy":"category","embeddable":true,"href":"https:\/\/ultimato.com.br\/sites\/blogdaultimato\/wp-json\/wp\/v2\/categories?post=8100"},{"taxonomy":"post_tag","embeddable":true,"href":"https:\/\/ultimato.com.br\/sites\/blogdaultimato\/wp-json\/wp\/v2\/tags?post=8100"}],"curies":[{"name":"wp","href":"https:\/\/api.w.org\/{rel}","templated":true}]}}