{"id":8063,"date":"2016-09-12T12:51:35","date_gmt":"2016-09-12T15:51:35","guid":{"rendered":"http:\/\/ultimato.com.br\/sites\/blogdaultimato\/?p=8063"},"modified":"2016-09-12T12:51:35","modified_gmt":"2016-09-12T15:51:35","slug":"saude-de-elben-cesar-informacoes-de-segunda-feira-1209","status":"publish","type":"post","link":"https:\/\/ultimato.com.br\/sites\/blogdaultimato\/2016\/09\/12\/saude-de-elben-cesar-informacoes-de-segunda-feira-1209\/","title":{"rendered":"Sa\u00fade de Elben C\u00e9sar: informa\u00e7\u00f5es de segunda-feira (12\/09)"},"content":{"rendered":"<p>O pastor Elben recebeu esta manh\u00e3 (12\/09) a visita da esposa, das 5 filhas, 2 genros e 2 netos. Logo ap\u00f3s a visita, a m\u00e9dica de plant\u00e3o conversou com a fam\u00edlia e informou que Elben est\u00e1 sem seda\u00e7\u00e3o h\u00e1 mais de 24 horas e continua sem consci\u00eancia. A orienta\u00e7\u00e3o, portanto, \u00e9 aguardar.<\/p>\n<p>A fam\u00edlia est\u00e1 confiante em Deus e submissa \u00e0 vontade d&#8217;Ele. Vai continuar aguardando. Novamente agradece, sensibilizada \u00e0s in\u00fameras manifesta\u00e7\u00f5es de carinho, as intercess\u00f5es e o apoio.<\/p>\n<p>&nbsp;<\/p>\n<p><strong>Nota:<br \/>\n<\/strong>A frequ\u00eancia destes boletins vai diminuir. Quando houver varia\u00e7\u00e3o do quadro, comunicaremos.<\/p>\n<p>&nbsp;<\/p>\n<p><strong>LEIA MAIS<\/strong><br \/>\n<strong><a href=\"http:\/\/ultimato.com.br\/sites\/blogdaultimato\/2016\/09\/08\/elben-cesar-e-submetido-a-cirurgia-e-esta-em-estado-grave\/\">O que aconteceu com o pr. Elben C\u00e9sar?<\/a><\/strong><\/p>\n<p>&nbsp;<\/p>\n","protected":false},"excerpt":{"rendered":"<p>O pastor Elben recebeu esta manh\u00e3 (12\/09) a visita da esposa, das 5 filhas, 2 genros e 2 netos. Logo ap\u00f3s a visita, a m\u00e9dica de plant\u00e3o conversou com a fam\u00edlia e informou que Elben est\u00e1 sem seda\u00e7\u00e3o h\u00e1 mais de 24 horas e continua sem consci\u00eancia. A orienta\u00e7\u00e3o, portanto, \u00e9 aguardar.<br \/>\nA fam\u00edlia est\u00e1 confiante [&#8230;]<\/p>\n","protected":false},"author":21,"featured_media":0,"comment_status":"open","ping_status":"open","sticky":false,"template":"","format":"standard","meta":{"ngg_post_thumbnail":0,"footnotes":""},"categories":[9536],"tags":[5477,5478],"class_list":["post-8063","post","type-post","status-publish","format-standard","hentry","category-do-editor","tag-elben","tag-elben-cesar"],"_links":{"self":[{"href":"https:\/\/ultimato.com.br\/sites\/blogdaultimato\/wp-json\/wp\/v2\/posts\/8063","targetHints":{"allow":["GET"]}}],"collection":[{"href":"https:\/\/ultimato.com.br\/sites\/blogdaultimato\/wp-json\/wp\/v2\/posts"}],"about":[{"href":"https:\/\/ultimato.com.br\/sites\/blogdaultimato\/wp-json\/wp\/v2\/types\/post"}],"author":[{"embeddable":true,"href":"https:\/\/ultimato.com.br\/sites\/blogdaultimato\/wp-json\/wp\/v2\/users\/21"}],"replies":[{"embeddable":true,"href":"https:\/\/ultimato.com.br\/sites\/blogdaultimato\/wp-json\/wp\/v2\/comments?post=8063"}],"version-history":[{"count":1,"href":"https:\/\/ultimato.com.br\/sites\/blogdaultimato\/wp-json\/wp\/v2\/posts\/8063\/revisions"}],"predecessor-version":[{"id":8064,"href":"https:\/\/ultimato.com.br\/sites\/blogdaultimato\/wp-json\/wp\/v2\/posts\/8063\/revisions\/8064"}],"wp:attachment":[{"href":"https:\/\/ultimato.com.br\/sites\/blogdaultimato\/wp-json\/wp\/v2\/media?parent=8063"}],"wp:term":[{"taxonomy":"category","embeddable":true,"href":"https:\/\/ultimato.com.br\/sites\/blogdaultimato\/wp-json\/wp\/v2\/categories?post=8063"},{"taxonomy":"post_tag","embeddable":true,"href":"https:\/\/ultimato.com.br\/sites\/blogdaultimato\/wp-json\/wp\/v2\/tags?post=8063"}],"curies":[{"name":"wp","href":"https:\/\/api.w.org\/{rel}","templated":true}]}}