{"id":8060,"date":"2016-09-12T07:37:05","date_gmt":"2016-09-12T10:37:05","guid":{"rendered":"http:\/\/ultimato.com.br\/sites\/blogdaultimato\/?p=8060"},"modified":"2016-09-12T09:25:54","modified_gmt":"2016-09-12T12:25:54","slug":"saude-de-elben-cesar-informacoes-de-domingo","status":"publish","type":"post","link":"https:\/\/ultimato.com.br\/sites\/blogdaultimato\/2016\/09\/12\/saude-de-elben-cesar-informacoes-de-domingo\/","title":{"rendered":"Sa\u00fade de Elben C\u00e9sar: informa\u00e7\u00f5es de domingo"},"content":{"rendered":"<p><em>11\/09\/2016 &#8211; \u00e0s 14h30<\/em><\/p>\n<p>Os m\u00e9dicos retiraram a seda\u00e7\u00e3o do pr. Elben C\u00e9sar. O que todos esperam \u00e9 como ser\u00e1 a rea\u00e7\u00e3o dele nos pr\u00f3ximos dias. Os m\u00e9dicos refor\u00e7aram a gravidade do quadro.<\/p>\n<p>Neste domingo (11\/09), o pr. Elben recebeu a visita da esposa, de quatro das cinco filhas e um dos dez netos. Desde a interna\u00e7\u00e3o no dia 8\/9, duas filhas, genros e uma neta o visitam diariamente.<\/p>\n<p>A fam\u00edlia acompanha com gratid\u00e3o a mobiliza\u00e7\u00e3o em ora\u00e7\u00e3o de amigos e intercessores por todo o Brasil e agradece sinceramente.<\/p>\n<p>&nbsp;<\/p>\n<p><strong>Leia mais<\/strong><br \/>\n<strong><a href=\"http:\/\/ultimato.com.br\/sites\/blogdaultimato\/2016\/09\/08\/elben-cesar-e-submetido-a-cirurgia-e-esta-em-estado-grave\/\">O que aconteceu com o pr. Elben C\u00e9sar?<\/a><\/strong><\/p>\n<p>&nbsp;<\/p>\n","protected":false},"excerpt":{"rendered":"<p>11\/09\/2016 &#8211; \u00e0s 14h30<br \/>\nOs m\u00e9dicos retiraram a seda\u00e7\u00e3o do pr. Elben C\u00e9sar. O que todos esperam \u00e9 como ser\u00e1 a rea\u00e7\u00e3o dele nos pr\u00f3ximos dias. Os m\u00e9dicos refor\u00e7aram a gravidade do quadro.<br \/>\nNeste domingo (11\/09), o pr. Elben recebeu a visita da esposa, de quatro das cinco filhas e um dos dez netos. Desde a interna\u00e7\u00e3o [&#8230;]<\/p>\n","protected":false},"author":21,"featured_media":0,"comment_status":"open","ping_status":"open","sticky":false,"template":"","format":"standard","meta":{"ngg_post_thumbnail":0,"footnotes":""},"categories":[9536],"tags":[5477,5478],"class_list":["post-8060","post","type-post","status-publish","format-standard","hentry","category-do-editor","tag-elben","tag-elben-cesar"],"_links":{"self":[{"href":"https:\/\/ultimato.com.br\/sites\/blogdaultimato\/wp-json\/wp\/v2\/posts\/8060","targetHints":{"allow":["GET"]}}],"collection":[{"href":"https:\/\/ultimato.com.br\/sites\/blogdaultimato\/wp-json\/wp\/v2\/posts"}],"about":[{"href":"https:\/\/ultimato.com.br\/sites\/blogdaultimato\/wp-json\/wp\/v2\/types\/post"}],"author":[{"embeddable":true,"href":"https:\/\/ultimato.com.br\/sites\/blogdaultimato\/wp-json\/wp\/v2\/users\/21"}],"replies":[{"embeddable":true,"href":"https:\/\/ultimato.com.br\/sites\/blogdaultimato\/wp-json\/wp\/v2\/comments?post=8060"}],"version-history":[{"count":2,"href":"https:\/\/ultimato.com.br\/sites\/blogdaultimato\/wp-json\/wp\/v2\/posts\/8060\/revisions"}],"predecessor-version":[{"id":8062,"href":"https:\/\/ultimato.com.br\/sites\/blogdaultimato\/wp-json\/wp\/v2\/posts\/8060\/revisions\/8062"}],"wp:attachment":[{"href":"https:\/\/ultimato.com.br\/sites\/blogdaultimato\/wp-json\/wp\/v2\/media?parent=8060"}],"wp:term":[{"taxonomy":"category","embeddable":true,"href":"https:\/\/ultimato.com.br\/sites\/blogdaultimato\/wp-json\/wp\/v2\/categories?post=8060"},{"taxonomy":"post_tag","embeddable":true,"href":"https:\/\/ultimato.com.br\/sites\/blogdaultimato\/wp-json\/wp\/v2\/tags?post=8060"}],"curies":[{"name":"wp","href":"https:\/\/api.w.org\/{rel}","templated":true}]}}