{"id":8058,"date":"2016-09-10T16:27:27","date_gmt":"2016-09-10T19:27:27","guid":{"rendered":"http:\/\/ultimato.com.br\/sites\/blogdaultimato\/?p=8058"},"modified":"2016-09-10T16:27:27","modified_gmt":"2016-09-10T19:27:27","slug":"saude-de-elben-cesar-informacoes-deste-sabado","status":"publish","type":"post","link":"https:\/\/ultimato.com.br\/sites\/blogdaultimato\/2016\/09\/10\/saude-de-elben-cesar-informacoes-deste-sabado\/","title":{"rendered":"Sa\u00fade de Elben C\u00e9sar: informa\u00e7\u00f5es deste s\u00e1bado"},"content":{"rendered":"<p><strong>NOTA DESTE S\u00c1BADO SOBRE A SA\u00daDE DE ELBEN C\u00c9SAR<\/strong><\/p>\n<p><em>10\/09\/2016, \u00e0s 14h<\/em><\/p>\n<p>O pr. Elben C\u00e9sar continua sedado na UTI do hospital Madre Teresa, em Belo Horizonte, sem grande altera\u00e7\u00e3o no quadro cl\u00ednico. A sonda craniana foi retirada, pois n\u00e3o \u00e9 mais necess\u00e1ria.<\/p>\n<p>A situa\u00e7\u00e3o continua grave. Precisamos das ora\u00e7\u00f5es de todos.<\/p>\n<p><strong>A fam\u00edlia<\/strong><\/p>\n<p>&nbsp;<\/p>\n","protected":false},"excerpt":{"rendered":"<p>NOTA DESTE S\u00c1BADO SOBRE A SA\u00daDE DE ELBEN C\u00c9SAR<br \/>\n10\/09\/2016, \u00e0s 14h<br \/>\nO pr. Elben C\u00e9sar continua sedado na UTI do hospital Madre Teresa, em Belo Horizonte, sem grande altera\u00e7\u00e3o no quadro cl\u00ednico. A sonda craniana foi retirada, pois n\u00e3o \u00e9 mais necess\u00e1ria.<br \/>\nA situa\u00e7\u00e3o continua grave. Precisamos das ora\u00e7\u00f5es de todos.<br \/>\nA fam\u00edlia<br \/>\n&nbsp;<\/p>\n","protected":false},"author":21,"featured_media":0,"comment_status":"open","ping_status":"open","sticky":false,"template":"","format":"standard","meta":{"ngg_post_thumbnail":0,"footnotes":""},"categories":[9536],"tags":[5477,5478],"class_list":["post-8058","post","type-post","status-publish","format-standard","hentry","category-do-editor","tag-elben","tag-elben-cesar"],"_links":{"self":[{"href":"https:\/\/ultimato.com.br\/sites\/blogdaultimato\/wp-json\/wp\/v2\/posts\/8058","targetHints":{"allow":["GET"]}}],"collection":[{"href":"https:\/\/ultimato.com.br\/sites\/blogdaultimato\/wp-json\/wp\/v2\/posts"}],"about":[{"href":"https:\/\/ultimato.com.br\/sites\/blogdaultimato\/wp-json\/wp\/v2\/types\/post"}],"author":[{"embeddable":true,"href":"https:\/\/ultimato.com.br\/sites\/blogdaultimato\/wp-json\/wp\/v2\/users\/21"}],"replies":[{"embeddable":true,"href":"https:\/\/ultimato.com.br\/sites\/blogdaultimato\/wp-json\/wp\/v2\/comments?post=8058"}],"version-history":[{"count":1,"href":"https:\/\/ultimato.com.br\/sites\/blogdaultimato\/wp-json\/wp\/v2\/posts\/8058\/revisions"}],"predecessor-version":[{"id":8059,"href":"https:\/\/ultimato.com.br\/sites\/blogdaultimato\/wp-json\/wp\/v2\/posts\/8058\/revisions\/8059"}],"wp:attachment":[{"href":"https:\/\/ultimato.com.br\/sites\/blogdaultimato\/wp-json\/wp\/v2\/media?parent=8058"}],"wp:term":[{"taxonomy":"category","embeddable":true,"href":"https:\/\/ultimato.com.br\/sites\/blogdaultimato\/wp-json\/wp\/v2\/categories?post=8058"},{"taxonomy":"post_tag","embeddable":true,"href":"https:\/\/ultimato.com.br\/sites\/blogdaultimato\/wp-json\/wp\/v2\/tags?post=8058"}],"curies":[{"name":"wp","href":"https:\/\/api.w.org\/{rel}","templated":true}]}}