{"id":8042,"date":"2016-09-08T12:20:59","date_gmt":"2016-09-08T15:20:59","guid":{"rendered":"http:\/\/ultimato.com.br\/sites\/blogdaultimato\/?p=8042"},"modified":"2016-09-09T11:23:20","modified_gmt":"2016-09-09T14:23:20","slug":"elben-cesar-e-submetido-a-cirurgia-e-esta-em-estado-grave","status":"publish","type":"post","link":"https:\/\/ultimato.com.br\/sites\/blogdaultimato\/2016\/09\/08\/elben-cesar-e-submetido-a-cirurgia-e-esta-em-estado-grave\/","title":{"rendered":"Elben C\u00e9sar \u00e9 submetido a cirurgia e est\u00e1 em estado grave"},"content":{"rendered":"<p><strong><span style=\"color: #993300;\">NOTA OFICIAL<\/span><br \/>\n<\/strong><\/p>\n<p>&nbsp;<\/p>\n<p><a href=\"http:\/\/ultimato.com.br\/sites\/blogdaultimato\/files\/2016\/09\/elben-Copia.jpg\" class=\"lightview\" data-lightview-group=\"group-8042\" data-lightview-options=\"skin: 'dark', controls: 'relative', padding: '10', shadow: { color: '#000000', opacity: 0.08, blur: 3 }\"><img loading=\"lazy\" decoding=\"async\" class=\"alignright size-full wp-image-8043\" src=\"http:\/\/ultimato.com.br\/sites\/blogdaultimato\/files\/2016\/09\/elben-Copia.jpg\" alt=\"elben-copia\" width=\"454\" height=\"302\" srcset=\"https:\/\/ultimato.com.br\/sites\/blogdaultimato\/files\/2016\/09\/elben-Copia.jpg 454w, https:\/\/ultimato.com.br\/sites\/blogdaultimato\/files\/2016\/09\/elben-Copia-300x200.jpg 300w, https:\/\/ultimato.com.br\/sites\/blogdaultimato\/files\/2016\/09\/elben-Copia-150x100.jpg 150w\" sizes=\"auto, (max-width: 454px) 100vw, 454px\" \/><\/a><em>08\/09\/2016 &#8211; 11h<\/em><\/p>\n<p>Lamentamos informar que o pr. Elben C\u00e9sar est\u00e1 em uma situa\u00e7\u00e3o delicada de sa\u00fade. Ele acaba de ser submetido a uma cirurgia dif\u00edcil em Belo Horizonte que durou uma hora e meia para remover um co\u00e1gulo no c\u00e9rebro, resultado de uma queda. Gra\u00e7as a Deus, a cirurgia foi um sucesso, mas o caso ainda \u00e9 grave. N\u00e3o sabemos como ele ir\u00e1 reagir nas pr\u00f3ximas horas e dias. Os familiares e a equipe Ultimato pedem suas ora\u00e7\u00f5es incessantes pela vida do nosso amado irm\u00e3o, amigo e pastor. Leia a seguir o relato do que aconteceu com ele.<\/p>\n<p><strong>Queda<\/strong><\/p>\n<p>O pr. Elben C\u00e9sar sofreu uma queda no banheiro de sua casa ontem (07\/09) por volta das 10 horas da manh\u00e3. Ele caiu de costas e teve um forte impacto na cabe\u00e7a. Sofreu uma perda da mem\u00f3ria, mas conseguiu movimentar-se e conversar. No entanto, ap\u00f3s o almo\u00e7o come\u00e7ou a vomitar bastante. Com recomenda\u00e7\u00f5es do m\u00e9dico da fam\u00edlia, foi levado para um dos hospitais de Vi\u00e7osa. Entrou em coma. Ap\u00f3s exames veio um diagn\u00f3stico: hematoma subdural (hemorragia no c\u00e9rebro devido \u00e0 queda). O c\u00e9rebro estava sendo comprimido por um hematoma de grande extens\u00e3o.<\/p>\n<p><strong>Interna\u00e7\u00e3o e cirurgia<\/strong><\/p>\n<p>Como ontem foi feriado e por causa da gravidade do caso, n\u00e3o foi f\u00e1cil conseguir vaga e equipe m\u00e9dica para atend\u00ea-lo. Somente \u00e0s 11 horas da noite \u00e9 que a fam\u00edlia conseguiu lev\u00e1-lo em uma ambul\u00e2ncia de UTI de Vi\u00e7osa para o hospital Madre Teresa em Belo Horizonte. Ao chegar l\u00e1, por volta das 3 horas e meia da madrugada, o est\u00e1gio de coma do pr. Elben j\u00e1 estava bem elevado. Isso exigiu novos exames e prepara\u00e7\u00e3o para uma cirurgia muito delicada. A interven\u00e7\u00e3o cir\u00fargica s\u00f3 p\u00f4de ser feita nesta manh\u00e3 de quinta-feira (08\/09) e durou cerca de 3 horas e meia (2h de pr\u00e9-operat\u00f3rio + 1h30mim de operat\u00f3rio).<\/p>\n<p><strong>P\u00f3s-cirurgia<\/strong><\/p>\n<p>Gra\u00e7as a Deus, a cirurgia foi um sucesso. O co\u00e1gulo foi removido totalmente. O pr. Elben reagiu bem, fisicamente. A press\u00e3o permaneceu est\u00e1vel durante todo o tempo (pode ser que durante o dia ela aumente, mas, segundo os m\u00e9dicos, \u00e9 algo normal).<\/p>\n<p>\u00c9 importante ressaltar, no entanto, que n\u00e3o h\u00e1 previs\u00e3o alguma de melhora substancial. Foi e ainda \u00e9 um caso grave. N\u00e3o \u00e9 poss\u00edvel dizer se o pr. Elben ir\u00e1 acordar, se poder\u00e1 se comunicar&#8230; temos de esperar.<\/p>\n<p>Vamos perseverar em ora\u00e7\u00e3o!<\/p>\n<p>Desde j\u00e1, agradecemos.<\/p>\n<p>Em Cristo,<\/p>\n<p><strong>Familiares e Equipe Ultimato<\/strong><\/p>\n<p>&nbsp;<\/p>\n<p><em>Atualizado em 08\/09\/2016, \u00e0s 15h36.<\/em><\/p>\n<p>&nbsp;<\/p>\n<p><strong><span style=\"color: #993300;\">ACOMPANHE AQUI NO BLOG DA ULTIMATO AS INFORMA\u00c7\u00d5ES ATUALIZADAS SOBRE O ESTADO DE SA\u00daDE DO PR. ELBEN C\u00c9SAR<\/span><\/strong><\/p>\n<p>&nbsp;<\/p>\n","protected":false},"excerpt":{"rendered":"<p>NOTA OFICIAL<\/p>\n<p>&nbsp;<br \/>\n08\/09\/2016 &#8211; 11h<br \/>\nLamentamos informar que o pr. Elben C\u00e9sar est\u00e1 em uma situa\u00e7\u00e3o delicada de sa\u00fade. Ele acaba de ser submetido a uma cirurgia dif\u00edcil em Belo Horizonte que durou uma hora e meia para remover um co\u00e1gulo no c\u00e9rebro, resultado de uma queda. Gra\u00e7as a Deus, a cirurgia foi um sucesso, mas o [&#8230;]<\/p>\n","protected":false},"author":24,"featured_media":0,"comment_status":"open","ping_status":"open","sticky":false,"template":"","format":"standard","meta":{"ngg_post_thumbnail":0,"footnotes":""},"categories":[9536],"tags":[],"class_list":["post-8042","post","type-post","status-publish","format-standard","hentry","category-do-editor"],"_links":{"self":[{"href":"https:\/\/ultimato.com.br\/sites\/blogdaultimato\/wp-json\/wp\/v2\/posts\/8042","targetHints":{"allow":["GET"]}}],"collection":[{"href":"https:\/\/ultimato.com.br\/sites\/blogdaultimato\/wp-json\/wp\/v2\/posts"}],"about":[{"href":"https:\/\/ultimato.com.br\/sites\/blogdaultimato\/wp-json\/wp\/v2\/types\/post"}],"author":[{"embeddable":true,"href":"https:\/\/ultimato.com.br\/sites\/blogdaultimato\/wp-json\/wp\/v2\/users\/24"}],"replies":[{"embeddable":true,"href":"https:\/\/ultimato.com.br\/sites\/blogdaultimato\/wp-json\/wp\/v2\/comments?post=8042"}],"version-history":[{"count":8,"href":"https:\/\/ultimato.com.br\/sites\/blogdaultimato\/wp-json\/wp\/v2\/posts\/8042\/revisions"}],"predecessor-version":[{"id":8052,"href":"https:\/\/ultimato.com.br\/sites\/blogdaultimato\/wp-json\/wp\/v2\/posts\/8042\/revisions\/8052"}],"wp:attachment":[{"href":"https:\/\/ultimato.com.br\/sites\/blogdaultimato\/wp-json\/wp\/v2\/media?parent=8042"}],"wp:term":[{"taxonomy":"category","embeddable":true,"href":"https:\/\/ultimato.com.br\/sites\/blogdaultimato\/wp-json\/wp\/v2\/categories?post=8042"},{"taxonomy":"post_tag","embeddable":true,"href":"https:\/\/ultimato.com.br\/sites\/blogdaultimato\/wp-json\/wp\/v2\/tags?post=8042"}],"curies":[{"name":"wp","href":"https:\/\/api.w.org\/{rel}","templated":true}]}}