{"id":7820,"date":"2016-07-13T08:59:47","date_gmt":"2016-07-13T11:59:47","guid":{"rendered":"http:\/\/ultimato.com.br\/sites\/blogdaultimato\/?p=7820"},"modified":"2016-07-14T17:18:17","modified_gmt":"2016-07-14T20:18:17","slug":"o-bom-e-velho-habito-de-ir-a-uma-livraria","status":"publish","type":"post","link":"https:\/\/ultimato.com.br\/sites\/blogdaultimato\/2016\/07\/13\/o-bom-e-velho-habito-de-ir-a-uma-livraria\/","title":{"rendered":"O bom e velho h\u00e1bito de ir a uma livraria"},"content":{"rendered":"<div id=\"attachment_7822\" style=\"width: 410px\" class=\"wp-caption alignright\"><a href=\"http:\/\/ultimato.com.br\/sites\/blogdaultimato\/files\/2016\/07\/BlogUlt_13_07_16_Mapa_livrarias-e1468410844728.jpg\" class=\"lightview\" data-lightview-group=\"group-7820\" data-lightview-options=\"skin: 'dark', controls: 'relative', padding: '10', shadow: { color: '#000000', opacity: 0.08, blur: 3 }\"><img loading=\"lazy\" decoding=\"async\" aria-describedby=\"caption-attachment-7822\" class=\"size-full wp-image-7822\" src=\"http:\/\/ultimato.com.br\/sites\/blogdaultimato\/files\/2016\/07\/BlogUlt_13_07_16_Mapa_livrarias-e1468410844728.jpg\" alt=\"Uma amostra do mapa das livrarias na loja virtual da Ultimato.\" width=\"400\" height=\"306\" \/><\/a><p id=\"caption-attachment-7822\" class=\"wp-caption-text\">Uma amostra do mapa das livrarias na loja virtual da Ultimato<\/p><\/div>\n<p>Em tempos de e-books, smartphones e tablets, o h\u00e1bito de sair de casa para exclusivamente ir a uma livraria ou biblioteca parece bem distante para muita gente. Mas n\u00e3o \u00e9. Na pesquisa <a href=\"http:\/\/anl.org.br\/web\/news\/noticia_40.html\">Retratos da Leitura no Brasil<\/a>, dos canais de comercializa\u00e7\u00e3o identificados, as livrarias foram as mais citadas como local onde os leitores costumam comprar livros.<\/p>\n<p>Para a Ultimato, ir a uma livraria tamb\u00e9m n\u00e3o \u00e9 coisa do passado. Mesmo que nossa <a href=\"http:\/\/www.ultimato.com.br\/loja\/\">loja virtual<\/a> apresente todas as facilidades ao leitor, o verdadeiro amante de livro tamb\u00e9m gosta de <strong>estar onde ele est\u00e1.<\/strong> O prazer de cheirar e tocar em um livro de verdade \u00e9 insubstitu\u00edvel!<\/p>\n<p>A boa not\u00edcia para que ama livros ent\u00e3o \u00e9 que as livrarias amigas da Ultimato e da ABU Editora podem ser localizadas facilmente em nosso site. <a href=\"http:\/\/www.ultimato.com.br\/loja\/livrarias\">Acesse aqui<\/a> e encontre a livraria mais pr\u00f3xima de onde voc\u00ea est\u00e1. Sem d\u00favida, voc\u00ea ser\u00e1 bem tratado como se estivesse aqui conosco. S\u00f3 n\u00e3o garantimos o p\u00e3o de queijo de Minas, n\u00e9?<\/p>\n<p>E para demonstrar nosso carinho por quem torna nossos livros e revistas acess\u00edveis aos leitores, iniciamos hoje aqui no blog da Ultimato uma s\u00e9rie de entrevistas com os melhores livreiros parceiros da Ultimato. Gente como o Eneas Alexandrino. Ele e sua esposa Karen s\u00e3o propriet\u00e1rios da <a href=\"http:\/\/www.livrariaalexandria.com.br\/\">Livraria Alexandria<\/a> em Belo Horizonte (MG). Ele \u00e9 pastor h\u00e1 20 anos e livreiro h\u00e1 15 anos. Na entrevista a seguir (feita pela <a href=\"http:\/\/editorasinodal.blogspot.com.br\/2016\/03\/entrevista-com-eneas-alixandrino.html\">Editora Sinodal<\/a> e editada por este blog), Eneas fala sobre os h\u00e1bitos de leitura dos brasileiros e faz uma boa reflex\u00e3o teol\u00f3gica sobre a import\u00e2ncia dos livros.<\/p>\n<p>&nbsp;<\/p>\n<blockquote><p><strong>Mais que autoajuda<\/strong><\/p>\n<div id=\"attachment_7821\" style=\"width: 275px\" class=\"wp-caption alignright\"><a href=\"http:\/\/ultimato.com.br\/sites\/blogdaultimato\/files\/2016\/07\/BlogUlt_13_07_16_Eneas.jpg\" class=\"lightview\" data-lightview-group=\"group-7820\" data-lightview-options=\"skin: 'dark', controls: 'relative', padding: '10', shadow: { color: '#000000', opacity: 0.08, blur: 3 }\"><img loading=\"lazy\" decoding=\"async\" aria-describedby=\"caption-attachment-7821\" class=\"wp-image-7821 size-full\" src=\"http:\/\/ultimato.com.br\/sites\/blogdaultimato\/files\/2016\/07\/BlogUlt_13_07_16_Eneas.jpg\" alt=\"Eneas (\u00e0 direita) com livros da Editora Sinodal\" width=\"265\" height=\"320\" srcset=\"https:\/\/ultimato.com.br\/sites\/blogdaultimato\/files\/2016\/07\/BlogUlt_13_07_16_Eneas.jpg 265w, https:\/\/ultimato.com.br\/sites\/blogdaultimato\/files\/2016\/07\/BlogUlt_13_07_16_Eneas-248x300.jpg 248w, https:\/\/ultimato.com.br\/sites\/blogdaultimato\/files\/2016\/07\/BlogUlt_13_07_16_Eneas-124x150.jpg 124w\" sizes=\"auto, (max-width: 265px) 100vw, 265px\" \/><\/a><p id=\"caption-attachment-7821\" class=\"wp-caption-text\">Karen e Eneas com livros da Editora Sinodal<\/p><\/div>\n<p><strong><br \/>\n<\/strong>Infelizmente, no chamado mercado gospel, 80% do que \u00e9 comercializado gira em torno de autoajuda &#8212; quando n\u00e3o, o misticismo da \u201cbatalha espiritual\u201d. Por convic\u00e7\u00e3o, obviamente n\u00e3o\u00a0mercadol\u00f3gica, n\u00e3o comercializamos este tipo de literatura, cientes dos riscos que corremos, pois este tipo de\u00a0livro, majoritariamente, mant\u00e9m\u00a0o mercado evang\u00e9lico. Sobre a leitura no mercado religioso, sou mais otimista do que h\u00e1 15 anos. Hoje temos comunidades que,\u00a0atrav\u00e9s\u00a0de suas lideran\u00e7as,\u00a0incentivam a partir do p\u00falpito seus membros \u00e0 leitura. Em Belo Horizonte, temos bons exemplos.<\/p><\/blockquote>\n<p>*<\/p>\n<blockquote><p><strong>Pastores tamb\u00e9m devem ler<\/strong><br \/>\nPenso que esta indisposi\u00e7\u00e3o com a leitura \u00e9 um\u00a0fen\u00f4meno\u00a0cultural e, como brasileiros que somos, n\u00e3o\u00a0sa\u00edmos\u00a0ilesos. Entretanto, tamb\u00e9m sou testemunha de que isto pode ser trabalhado na educa\u00e7\u00e3o religiosa ou no discipulado.\u00a0De modo geral, isso pode ser promovido a partir dos\u00a0p\u00falpitos\u00a0das comunidades, pois creio que, as lideran\u00e7as t\u00eam um papel importante no incentivo \u00e0 leitura. At\u00e9 para isso \u00e9 preciso que estes l\u00edderes mesmo melhorem seu repert\u00f3rio de leitura, n\u00e3o se pode recomendar o que n\u00e3o se l\u00ea. Ora, para combater o analfabetismo\u00a0teol\u00f3gico, \u00e9 preciso um engajamento. Sou pastor h\u00e1 20 anos, mesmo em comunidades de\u00a0periferia onde\u00a0pastoreei\u00a0tivemos bons resultados\u00a0quando\u00a0incentivamos\u00a0a\u00a0leitura.<\/p><\/blockquote>\n<p>*<\/p>\n<blockquote><p><strong>Livreiro no c\u00e9u<br \/>\n<\/strong>Eu acredito que, al\u00e9m da voca\u00e7\u00e3o pastoral, tamb\u00e9m tenho uma voca\u00e7\u00e3o para trabalhar com livros. At\u00e9 acho que na eternidade vou continuar como livreiro (possivelmente as pessoas v\u00e3o comprar sem dinheiro&#8230; rs).<\/p><\/blockquote>\n<p>*<\/p>\n<blockquote><p><strong>Culto a Deus<\/strong><br \/>\nEste of\u00edcio, enquanto livreiro, demanda acima de tudo \u00e9tica. O esp\u00edrito\u00a0mercadol\u00f3gico\u00a0neste\u00a0seguimento \u00e9 sedutor,\u00a0principalmente em um mercado caracterizado pelo amadorismo.\u00a0Eu acredito que o trabalho tamb\u00e9m \u00e9 um culto a Deus. O fato de nossa atua\u00e7\u00e3o profissional n\u00e3o estar circunscrita ao espa\u00e7o das\u00a0manifesta\u00e7\u00f5es\u00a0c\u00falticas, n\u00e3o implica aus\u00eancia de espiritualidade. Sei que\u00a0Deus n\u00e3o espera por mim para encontr\u00e1-lo, mas vem ao meu encontro nas experi\u00eancias enquanto profissional.<\/p><\/blockquote>\n<p>*<\/p>\n<blockquote><p><strong>Grande nuvem de testemunhas<br \/>\n<\/strong>Penso que a experi\u00eancia da leitura \u00e9 uma sensa\u00e7\u00e3o de termos uma grande nuvem de testemunhas \u00e0 nossa volta. A f\u00e9 crist\u00e3 \u00e9 acima de tudo, uma f\u00e9 hist\u00f3rica, que chegou at\u00e9 a n\u00f3s atrav\u00e9s de ricas tradi\u00e7\u00f5es e os livros s\u00e3o formas de preservar esta riqueza, viabilizando seu conhecimento. Acredito que a leitura faz parte da voca\u00e7\u00e3o crist\u00e3, afinal de contas, a palavra sagrada se fez livro.<\/p><\/blockquote>\n<p>*<\/p>\n<blockquote><p><strong>Peregrina\u00e7\u00e3o por meio da leitura<\/strong><\/p>\n<p>Buscar por instrumentalidade deveria ser a convic\u00e7\u00e3o primeira da lideran\u00e7a, n\u00e3o se acomodar jamais \u00e0s leituras do per\u00edodo de prepara\u00e7\u00e3o ministerial em um semin\u00e1rio teol\u00f3gico ou achar que a leitura do texto b\u00edblico sem o aux\u00edlio de outros olhares responder\u00e1 nossas necessidades. S\u00e3o Tomas de Aquino j\u00e1 advertia sobre o perigo de um homem de um \u00fanico livro.\u00a0No segundo s\u00e9culo da igreja (170-180 d.C.), Melit\u00e3o, bispo da igreja de Sardes, foi questionado por um membro de sua igreja, sobre a quantidade de livros sagrados da primeira alian\u00e7a aceitos pela igreja. O mesmo n\u00e3o soube responder pelas circunst\u00e2ncias da \u00e9poca, mas a pergunta o \u201cmoveu\u201d a sair em uma viagem da \u00c1sia Menor \u00e0 terra de Israel para pesquisar e trazer a resposta para sua comunidade.\u00a0 Penso que as perguntas no seio da comunidade ainda precisam \u201cmover\u201d os crist\u00e3os a uma peregrina\u00e7\u00e3o por meio da leitura, a come\u00e7ar por aqueles que comp\u00f5em o governo da igreja. \u00c9\u00a0tr\u00e1gico na caminhada crist\u00e3, quando as perguntas j\u00e1 n\u00e3o promovem um movimento em dire\u00e7\u00e3o \u00e0s respostas propostas por s\u00e9culos do labor\u00a0teol\u00f3gico.<\/p><\/blockquote>\n<p><strong>Voc\u00ea encontra o endere\u00e7o da Livraria Alexandria <a href=\"http:\/\/www.ultimato.com.br\/loja\/livrarias\/mg\">aqui<\/a>.<\/strong><\/p>\n<p>&nbsp;<\/p>\n","protected":false},"excerpt":{"rendered":"<p>Em tempos de e-books, smartphones e tablets, o h\u00e1bito de sair de casa para exclusivamente ir a uma livraria ou biblioteca parece bem distante para muita gente. Mas n\u00e3o \u00e9. Na pesquisa Retratos da Leitura no Brasil, dos canais de comercializa\u00e7\u00e3o identificados, as livrarias foram as mais citadas como local onde os leitores costumam comprar [&#8230;]<\/p>\n","protected":false},"author":21,"featured_media":0,"comment_status":"open","ping_status":"open","sticky":false,"template":"","format":"standard","meta":{"ngg_post_thumbnail":0,"footnotes":""},"categories":[6111],"tags":[31079,31080,27196],"class_list":["post-7820","post","type-post","status-publish","format-standard","hentry","category-ultimas-de-ca","tag-livrarias","tag-livreiros","tag-ultimas-de-ca"],"_links":{"self":[{"href":"https:\/\/ultimato.com.br\/sites\/blogdaultimato\/wp-json\/wp\/v2\/posts\/7820","targetHints":{"allow":["GET"]}}],"collection":[{"href":"https:\/\/ultimato.com.br\/sites\/blogdaultimato\/wp-json\/wp\/v2\/posts"}],"about":[{"href":"https:\/\/ultimato.com.br\/sites\/blogdaultimato\/wp-json\/wp\/v2\/types\/post"}],"author":[{"embeddable":true,"href":"https:\/\/ultimato.com.br\/sites\/blogdaultimato\/wp-json\/wp\/v2\/users\/21"}],"replies":[{"embeddable":true,"href":"https:\/\/ultimato.com.br\/sites\/blogdaultimato\/wp-json\/wp\/v2\/comments?post=7820"}],"version-history":[{"count":6,"href":"https:\/\/ultimato.com.br\/sites\/blogdaultimato\/wp-json\/wp\/v2\/posts\/7820\/revisions"}],"predecessor-version":[{"id":7848,"href":"https:\/\/ultimato.com.br\/sites\/blogdaultimato\/wp-json\/wp\/v2\/posts\/7820\/revisions\/7848"}],"wp:attachment":[{"href":"https:\/\/ultimato.com.br\/sites\/blogdaultimato\/wp-json\/wp\/v2\/media?parent=7820"}],"wp:term":[{"taxonomy":"category","embeddable":true,"href":"https:\/\/ultimato.com.br\/sites\/blogdaultimato\/wp-json\/wp\/v2\/categories?post=7820"},{"taxonomy":"post_tag","embeddable":true,"href":"https:\/\/ultimato.com.br\/sites\/blogdaultimato\/wp-json\/wp\/v2\/tags?post=7820"}],"curies":[{"name":"wp","href":"https:\/\/api.w.org\/{rel}","templated":true}]}}