{"id":7807,"date":"2016-07-12T07:30:12","date_gmt":"2016-07-12T10:30:12","guid":{"rendered":"http:\/\/ultimato.com.br\/sites\/blogdaultimato\/?p=7807"},"modified":"2016-07-12T07:33:47","modified_gmt":"2016-07-12T10:33:47","slug":"desejos-reconciliados","status":"publish","type":"post","link":"https:\/\/ultimato.com.br\/sites\/blogdaultimato\/2016\/07\/12\/desejos-reconciliados\/","title":{"rendered":"Desejos reconciliados"},"content":{"rendered":"<p style=\"text-align: center;\"><em><span style=\"color: #ff6600;\">\u00a0<\/span><\/em><\/p>\n<h6 style=\"text-align: center;\"><strong><span style=\"color: #993300;\"><a href=\"http:\/\/ultimato.com.br\/sites\/blogdaultimato\/files\/2016\/07\/BlogUlt_12_07_16_Capa_O_Q_Vc_Quer-e1468319546372.jpg\" class=\"lightview\" data-lightview-group=\"group-7807\" data-lightview-options=\"skin: 'dark', controls: 'relative', padding: '10', shadow: { color: '#000000', opacity: 0.08, blur: 3 }\"><img loading=\"lazy\" decoding=\"async\" class=\"alignright size-full wp-image-7810\" src=\"http:\/\/ultimato.com.br\/sites\/blogdaultimato\/files\/2016\/07\/BlogUlt_12_07_16_Capa_O_Q_Vc_Quer-e1468319546372.jpg\" alt=\"BlogUlt_12_07_16_Capa_O_Q_Vc_Quer\" width=\"200\" height=\"262\" \/><\/a>Onde o desejo se encaixa na caminhada da f\u00e9? Ele n\u00e3o faz parte de uma \u201cvelha maneira\u201d de viver?<\/span><\/strong><\/h6>\n<p><em><span style=\"color: #ff6600;\">V\u00eddeo<\/span><\/em><\/p>\n<p>A hist\u00f3ria de cada um de n\u00f3s \u00e9 uma hist\u00f3ria de desejos n\u00e3o satisfeitos, esperan\u00e7as frustradas e ambi\u00e7\u00f5es satisfeitas. Somos guiados n\u00e3o pelo que acreditamos, mas pelo que amamos.<\/p>\n<p>No entanto, as palavras \u201cdesejar\u201d e \u201ceu quero\u201d parecem perigosas para serem ditas diante de Deus. O desejo n\u00e3o \u00e9 algo ego\u00edsta, pecaminoso? N\u00e3o devemos descobrir e seguir a vontade de Deus em vez de insistir na nossa?<\/p>\n<p>Neste v\u00eddeo a seguir, Jen Pollock Michel explica o que a levou a escrever sobre este assunto, a escrever o nosso lan\u00e7amento do m\u00eas, o premiado <a href=\"http:\/\/ultimato.com.br\/sites\/o-que-voce-quer\/\">O Que Voc\u00ea Quer?<\/a><\/p>\n<p><iframe loading=\"lazy\" src=\"https:\/\/www.youtube.com\/embed\/jLp_EVK-LI4\" width=\"560\" height=\"315\" frameborder=\"0\" allowfullscreen=\"allowfullscreen\"><\/iframe><\/p>\n<p><strong><br \/>\nLeia tamb\u00e9m<br \/>\n<\/strong><a href=\"http:\/\/www.ultimato.com.br\/loja\/produtos\/de-hoje-em-diante\">De Hoje em Diante<\/a><br \/>\n<a href=\"http:\/\/www.ultimato.com.br\/loja\/produtos\/lamento\">Lamento \u2013 a f\u00e9 em meio ao sofrimento e \u00e0 morte<\/a><br \/>\n<a href=\"http:\/\/www.ultimato.com.br\/loja\/produtos\/mitos-e-neuroses-1\">Mitos e Neuroses \u2013 desarmonia da vida moderna<\/a><\/p>\n","protected":false},"excerpt":{"rendered":"<p>\u00a0<br \/>\nOnde o desejo se encaixa na caminhada da f\u00e9? Ele n\u00e3o faz parte de uma \u201cvelha maneira\u201d de viver?<br \/>\nV\u00eddeo<br \/>\nA hist\u00f3ria de cada um de n\u00f3s \u00e9 uma hist\u00f3ria de desejos n\u00e3o satisfeitos, esperan\u00e7as frustradas e ambi\u00e7\u00f5es satisfeitas. Somos guiados n\u00e3o pelo que acreditamos, mas pelo que amamos.<br \/>\nNo entanto, as palavras \u201cdesejar\u201d e \u201ceu quero\u201d parecem [&#8230;]<\/p>\n","protected":false},"author":21,"featured_media":0,"comment_status":"open","ping_status":"open","sticky":false,"template":"","format":"standard","meta":{"ngg_post_thumbnail":0,"footnotes":""},"categories":[4230,5153,9539],"tags":[31074,22,31073,27194,92],"class_list":["post-7807","post","type-post","status-publish","format-standard","hentry","category-multimidia","category-prateleira","category-videos-multimidia","tag-desejo","tag-lancamento","tag-o-que-voce-quer","tag-prateleira","tag-video"],"_links":{"self":[{"href":"https:\/\/ultimato.com.br\/sites\/blogdaultimato\/wp-json\/wp\/v2\/posts\/7807","targetHints":{"allow":["GET"]}}],"collection":[{"href":"https:\/\/ultimato.com.br\/sites\/blogdaultimato\/wp-json\/wp\/v2\/posts"}],"about":[{"href":"https:\/\/ultimato.com.br\/sites\/blogdaultimato\/wp-json\/wp\/v2\/types\/post"}],"author":[{"embeddable":true,"href":"https:\/\/ultimato.com.br\/sites\/blogdaultimato\/wp-json\/wp\/v2\/users\/21"}],"replies":[{"embeddable":true,"href":"https:\/\/ultimato.com.br\/sites\/blogdaultimato\/wp-json\/wp\/v2\/comments?post=7807"}],"version-history":[{"count":4,"href":"https:\/\/ultimato.com.br\/sites\/blogdaultimato\/wp-json\/wp\/v2\/posts\/7807\/revisions"}],"predecessor-version":[{"id":7813,"href":"https:\/\/ultimato.com.br\/sites\/blogdaultimato\/wp-json\/wp\/v2\/posts\/7807\/revisions\/7813"}],"wp:attachment":[{"href":"https:\/\/ultimato.com.br\/sites\/blogdaultimato\/wp-json\/wp\/v2\/media?parent=7807"}],"wp:term":[{"taxonomy":"category","embeddable":true,"href":"https:\/\/ultimato.com.br\/sites\/blogdaultimato\/wp-json\/wp\/v2\/categories?post=7807"},{"taxonomy":"post_tag","embeddable":true,"href":"https:\/\/ultimato.com.br\/sites\/blogdaultimato\/wp-json\/wp\/v2\/tags?post=7807"}],"curies":[{"name":"wp","href":"https:\/\/api.w.org\/{rel}","templated":true}]}}