{"id":7791,"date":"2016-07-08T11:42:16","date_gmt":"2016-07-08T14:42:16","guid":{"rendered":"http:\/\/ultimato.com.br\/sites\/blogdaultimato\/?p=7791"},"modified":"2016-07-08T15:09:30","modified_gmt":"2016-07-08T18:09:30","slug":"oracoes-da-ultimato-pelas-criancas-vulneraveis","status":"publish","type":"post","link":"https:\/\/ultimato.com.br\/sites\/blogdaultimato\/2016\/07\/08\/oracoes-da-ultimato-pelas-criancas-vulneraveis\/","title":{"rendered":"Ora\u00e7\u00f5es da Ultimato pelas crian\u00e7as mais vulner\u00e1veis"},"content":{"rendered":"<div id=\"attachment_7792\" style=\"width: 370px\" class=\"wp-caption alignright\"><a href=\"http:\/\/ultimato.com.br\/sites\/blogdaultimato\/files\/2016\/07\/Not_24_05_16_MMO2016.jpg\" class=\"lightview\" data-lightview-group=\"group-7791\" data-lightview-options=\"skin: 'dark', controls: 'relative', padding: '10', shadow: { color: '#000000', opacity: 0.08, blur: 3 }\"><img loading=\"lazy\" decoding=\"async\" aria-describedby=\"caption-attachment-7792\" class=\"size-full wp-image-7792\" src=\"http:\/\/ultimato.com.br\/sites\/blogdaultimato\/files\/2016\/07\/Not_24_05_16_MMO2016.jpg\" alt=\"Foto que ilustrou a campanha do Mutir\u00e3o de Ora\u00e7\u00e3o deste ano no Brasil.\" width=\"360\" height=\"267\" srcset=\"https:\/\/ultimato.com.br\/sites\/blogdaultimato\/files\/2016\/07\/Not_24_05_16_MMO2016.jpg 360w, https:\/\/ultimato.com.br\/sites\/blogdaultimato\/files\/2016\/07\/Not_24_05_16_MMO2016-300x223.jpg 300w, https:\/\/ultimato.com.br\/sites\/blogdaultimato\/files\/2016\/07\/Not_24_05_16_MMO2016-150x111.jpg 150w\" sizes=\"auto, (max-width: 360px) 100vw, 360px\" \/><\/a><p id=\"caption-attachment-7792\" class=\"wp-caption-text\">Foto que ilustrou a campanha do Mutir\u00e3o de Ora\u00e7\u00e3o deste ano no Brasil.<\/p><\/div>\n<p>A ora\u00e7\u00e3o \u00e9 uma das maiores b\u00ean\u00e7\u00e3os que Deus pode nos dar. Ela pressup\u00f5e a gra\u00e7a divina e tamb\u00e9m revela nossa vulnerabilidade humana. Mas quando nossa ora\u00e7\u00e3o se torna uma intercess\u00e3o pelos mais fr\u00e1geis, esta experi\u00eancia espiritual nos move para al\u00e9m de n\u00f3s mesmos. Somos chamados ent\u00e3o a sermos como crian\u00e7as diante do trono de Deus.<\/p>\n<p>Ultimato tem o privil\u00e9gio de participar h\u00e1 14 anos do <strong>Mutir\u00e3o Mundial de Ora\u00e7\u00e3o Pelas Crian\u00e7as em Vulnerabilidade Social<\/strong> \u2013 uma iniciativa internacional da Viva e, no Brasil, da <a href=\"http:\/\/ultimato.com.br\/sites\/maosdadas\/\">Rede M\u00e3os Dadas<\/a>.<\/p>\n<p>Reunimos alguns trechos de ora\u00e7\u00f5es feitas neste ano por nossos colaboradores. Elas revelam sensibilidade e amor pelas crian\u00e7as. Leia e que elas tamb\u00e9m sejam suas ora\u00e7\u00f5es.<\/p>\n<p>&nbsp;<\/p>\n<blockquote><p>**<br \/>\nOh Deus, tem miseric\u00f3rdia da Terra!<\/p>\n<p>Derrame teu Esp\u00edrito sobre os homens e mulheres de qualquer idade para que desfrutemos de paz e amor vindos de ti. Por favor, precisamos de amor pelo pr\u00f3ximo para que assim vivamos melhor, principalmente os mais vulner\u00e1veis, especialmente as crian\u00e7as. \u00c9 o que te suplicamos. Em nome de Jesus, am\u00e9m!<\/p>\n<p>Emmanuel<\/p><\/blockquote>\n<p>&nbsp;<\/p>\n<p>**<\/p>\n<p>&nbsp;<\/p>\n<blockquote><p>\u00d3 Deus,<br \/>\nDerrame sobre cada crian\u00e7a a tua prote\u00e7\u00e3o e sa\u00fade. Que elas tenham suas vidas dirigidas por tuas m\u00e3os. Que nossas crian\u00e7as tenham coragem e ousadia para rejeitar tudo o que n\u00e3o vem do Senhor. Que tenham sabedoria do Senhor para aproveitar cada oportunidade que surgir. Que haja um mover do Esp\u00edrito Santo sobre eles, amor pela palavra de Deus. Que o Senhor, com seu imenso amor, possa assisti-las e suprir cada necessidade delas. Oro pela extin\u00e7\u00e3o de preconceitos sociais e raciais entre nossas crian\u00e7as.<\/p>\n<p>Em nome de Jesus. Am\u00e9m!<\/p>\n<p>S\u00e2mella<\/p><\/blockquote>\n<p>&nbsp;<\/p>\n<p>**<\/p>\n<blockquote><p>Querido Deus, tem miseric\u00f3rdia das crian\u00e7as africanas! Aquelas que ficaram \u00f3rf\u00e3s porque suas m\u00e3es morreram de AIDS ou mal\u00e1ria. Dos meninos que s\u00e3o dados aos l\u00edderes mu\u00e7ulmanos, e sofrem abusos e torturas al\u00e9m de n\u00e3o poderem estudar. Das meninas que exploradas sexualmente desde muito cedo. De todas aquelas crian\u00e7as que n\u00e3o t\u00eam o que comer, \u00e0s vezes passam dias sem comer. Pelas meninas que s\u00e3o dadas em casamento for\u00e7ado a homens idosos! Senhor desperta tua igreja no Brasil e no mundo para se mobilizar, indo e enviando pessoas para pregar o evangelho e tamb\u00e9m para lutar contra todas estas causas que s\u00e3o t\u00e3o comuns no continente africano. Eu oro em nome de Jesus Cristo nosso Senhor. Am\u00e9m.<\/p>\n<p>Tym<\/p><\/blockquote>\n<p>&nbsp;<\/p>\n<p>**<\/p>\n<blockquote><p>Senhor,<\/p>\n<p>Quero neste momento te pedir em favor das vidas dessas crian\u00e7as e adolescentes que vivem nesse mundo t\u00e3o cruel muitas vezes com eles.<br \/>\nNayuk<\/p><\/blockquote>\n<p>**<\/p>\n<blockquote><p>Grandioso Deus,<\/p>\n<p>Agradecemos-te pelas crian\u00e7as que trazem felicidade para muitos lares e por elas serem o futuro das na\u00e7\u00f5es. Pedimos-te, Deus, que o Senhor ajude as autoridades de todas as na\u00e7\u00f5es a criarem leis e medidas para beneficiar e proteger as crian\u00e7as.<\/p>\n<p>Am\u00e9m!<\/p>\n<p>F\u00e1bio<\/p><\/blockquote>\n<p>&nbsp;<\/p>\n<p>**<\/p>\n<blockquote><p>Senhor,<\/p>\n<p>Que sejamos um canal de b\u00ean\u00e7\u00e3os para as crian\u00e7as. D\u00ea a cada uma, um lar cercado de amor, carinho. Que os pais, tenham sabedoria para ensin\u00e1-las corretamente segundo a tua Palavra. E que elas possam crescer saud\u00e1veis: f\u00edsica, espiritual e emocionalmente. Em nome de Jesus que entrego est\u00e1 ora\u00e7\u00e3o e a vida de cada crian\u00e7a. Am\u00e9m!<\/p>\n<p>Vanilda<\/p><\/blockquote>\n<p>&nbsp;<\/p>\n<p>**<\/p>\n<blockquote><p>Senhor Deus,<\/p>\n<p>Nesse momento em especial quero pedir pelas crian\u00e7as que se encontram em situa\u00e7\u00f5es prec\u00e1rias pelo mundo todo. Pedimos, \u00f3 Deus, sua interven\u00e7\u00e3o nessas situa\u00e7\u00f5es. Entre com provid\u00eancias, use pessoas segundo o Teu cora\u00e7\u00e3o para ajudarem essas crian\u00e7as que precisam tanto de carinho e afeto. A come\u00e7ar em mim, nos torne mais sens\u00edveis, nos torne mais humanos, que possamos nos comover com essas situa\u00e7\u00f5es a nossa volta. Nos ajude a amar como o Senhor nos amou, e assim mesmo se entregou por n\u00f3s. Toque no cora\u00e7\u00e3o das pessoas que cercam essas crian\u00e7as, trabalhe nessas vidas.<\/p>\n<p>Em nome de Jesus, Am\u00e9m!<\/p>\n<p>Elines<\/p><\/blockquote>\n<p>&nbsp;<\/p>\n<p>**<\/p>\n<p>&nbsp;<\/p>\n<blockquote><p>Amado Pai celestial,<\/p>\n<p>Quero pedir ao Senhor uma ben\u00e7\u00e3o em especial para as crian\u00e7as. Que elas possam ter uma vida digna, sem traumas, que sejam crian\u00e7as felizes, esperan\u00e7osas, saud\u00e1veis. Ajude-as a aprender melhor sobre o teu evangelho.<\/p>\n<p>Senhor entre no cora\u00e7\u00e3o das pessoas e fa\u00e7a uma transforma\u00e7\u00e3o para que elas se tornem mais humanas e compreens\u00edveis. Essa ora\u00e7\u00e3o eu fa\u00e7o em nome de Jesus Cristo, am\u00e9m!<\/p>\n<p>\u00c1guida<\/p><\/blockquote>\n<p>&nbsp;<\/p>\n<p>**<\/p>\n<blockquote><p>Pai,<\/p>\n<p>Obrigada pela vinda de todas as crian\u00e7as que s\u00e3o amadas e cuidadas pelos seus pais. Continue aben\u00e7oando a vida deles e livrando-as de todo o mal. Pe\u00e7o e agrade\u00e7o em nome de Jesus. Am\u00e9m.<\/p>\n<p>L\u00facia<\/p><\/blockquote>\n<p>&nbsp;<\/p>\n<p>**<\/p>\n<blockquote><p>Querido Pai,<\/p>\n<p>Pe\u00e7o que tenha miseric\u00f3rdia dessas crian\u00e7as que tem sua inf\u00e2ncia roubada, aquelas que lidam desde pequenas com problemas t\u00e3o maiores do que elas: a falta de p\u00e3o, de abrigo, de amor, de um lar que lhes d\u00ea seguran\u00e7a f\u00edsica e emocional. Em especial, pe\u00e7o pelos pequeninos e pequeninas que t\u00eam os seus corpos violados por pessoas de cora\u00e7\u00e3o mau. Esteja, Pai, ao lado deles e dentro de seus cora\u00e7\u00f5es, que nada entendem sobre desejos sexuais e pervers\u00f5es, mas que s\u00e3o feridos por despertarem, em sua inoc\u00eancia, a aten\u00e7\u00e3o daqueles que n\u00e3o os amam. Proteja-os para que n\u00e3o sejam v\u00edtimas de tais coisas. Aos que foram ou ser\u00e3o, guarda os seus cora\u00e7\u00f5es e revele a eles o seu amor que cura e restaura. Am\u00e9m.<\/p>\n<p>Lilian Almeida<\/p><\/blockquote>\n<p>&nbsp;<\/p>\n<p>**<\/p>\n<p>&nbsp;<\/p>\n<blockquote><p>Querido Pai do c\u00e9u,<\/p>\n<p>Obrigada Pai por todas as crian\u00e7as do mundo! Como m\u00e3e de fam\u00edlia e tua filha que um dia foi crian\u00e7a, pe\u00e7o ao Senhor que permita que leis criadas para proteger crian\u00e7as sejam cumpridas com todo rigor, para que pessoas que ousem prejudicar os pequeninos pensem setenta vezes sete vezes antes de se permitiram abusar, negligenciar ou maltratar uma crian\u00e7a. Em nome de Jesus. Am\u00e9m<\/p>\n<p>Lucin\u00e9ia<\/p><\/blockquote>\n<p>&nbsp;<\/p>\n<p>**<br \/>\n<strong>Confira como foi nossa <a href=\"http:\/\/ultimato.com.br\/sites\/blogdaultimato\/2016\/06\/08\/ultimato-em-oracao-pelas-criancas\/\">mobiliza\u00e7\u00e3o<\/a> de ora\u00e7\u00e3o pelas crian\u00e7as<\/strong><\/p>\n","protected":false},"excerpt":{"rendered":"<p>A ora\u00e7\u00e3o \u00e9 uma das maiores b\u00ean\u00e7\u00e3os que Deus pode nos dar. Ela pressup\u00f5e a gra\u00e7a divina e tamb\u00e9m revela nossa vulnerabilidade humana. Mas quando nossa ora\u00e7\u00e3o se torna uma intercess\u00e3o pelos mais fr\u00e1geis, esta experi\u00eancia espiritual nos move para al\u00e9m de n\u00f3s mesmos. Somos chamados ent\u00e3o a sermos como crian\u00e7as diante do trono de [&#8230;]<\/p>\n","protected":false},"author":21,"featured_media":0,"comment_status":"open","ping_status":"open","sticky":false,"template":"","format":"standard","meta":{"ngg_post_thumbnail":0,"footnotes":""},"categories":[6111],"tags":[129,124],"class_list":["post-7791","post","type-post","status-publish","format-standard","hentry","category-ultimas-de-ca","tag-mutirao-de-oracao","tag-oracao"],"_links":{"self":[{"href":"https:\/\/ultimato.com.br\/sites\/blogdaultimato\/wp-json\/wp\/v2\/posts\/7791","targetHints":{"allow":["GET"]}}],"collection":[{"href":"https:\/\/ultimato.com.br\/sites\/blogdaultimato\/wp-json\/wp\/v2\/posts"}],"about":[{"href":"https:\/\/ultimato.com.br\/sites\/blogdaultimato\/wp-json\/wp\/v2\/types\/post"}],"author":[{"embeddable":true,"href":"https:\/\/ultimato.com.br\/sites\/blogdaultimato\/wp-json\/wp\/v2\/users\/21"}],"replies":[{"embeddable":true,"href":"https:\/\/ultimato.com.br\/sites\/blogdaultimato\/wp-json\/wp\/v2\/comments?post=7791"}],"version-history":[{"count":5,"href":"https:\/\/ultimato.com.br\/sites\/blogdaultimato\/wp-json\/wp\/v2\/posts\/7791\/revisions"}],"predecessor-version":[{"id":7797,"href":"https:\/\/ultimato.com.br\/sites\/blogdaultimato\/wp-json\/wp\/v2\/posts\/7791\/revisions\/7797"}],"wp:attachment":[{"href":"https:\/\/ultimato.com.br\/sites\/blogdaultimato\/wp-json\/wp\/v2\/media?parent=7791"}],"wp:term":[{"taxonomy":"category","embeddable":true,"href":"https:\/\/ultimato.com.br\/sites\/blogdaultimato\/wp-json\/wp\/v2\/categories?post=7791"},{"taxonomy":"post_tag","embeddable":true,"href":"https:\/\/ultimato.com.br\/sites\/blogdaultimato\/wp-json\/wp\/v2\/tags?post=7791"}],"curies":[{"name":"wp","href":"https:\/\/api.w.org\/{rel}","templated":true}]}}