{"id":7673,"date":"2016-06-09T16:02:54","date_gmt":"2016-06-09T19:02:54","guid":{"rendered":"http:\/\/ultimato.com.br\/sites\/blogdaultimato\/?p=7673"},"modified":"2016-07-14T11:28:54","modified_gmt":"2016-07-14T14:28:54","slug":"dicas-de-livros-sobre-familia","status":"publish","type":"post","link":"https:\/\/ultimato.com.br\/sites\/blogdaultimato\/2016\/06\/09\/dicas-de-livros-sobre-familia\/","title":{"rendered":"Dicas de livros sobre fam\u00edlia"},"content":{"rendered":"<p>&nbsp;<\/p>\n<p><strong><span style=\"color: #993300;\">A se\u00e7\u00e3o &#8220;Vamos Ler!&#8221; da revista Ultimato 361 (julho-agosto\/2016) publicou dicas de livros sobre a tem\u00e1tica da fam\u00edlia dadas por nossos leitores amigos. Confira mais outras dicas <\/span><\/strong><strong><span style=\"color: #993300;\">abaixo.<\/span><\/strong><\/p>\n<p>&nbsp;<\/p>\n<p>&nbsp;<\/p>\n<p>&nbsp;<\/p>\n<p><strong>Conversas de F\u00e9 em Fam\u00edlia<a href=\"http:\/\/ultimato.com.br\/sites\/blogdaultimato\/files\/2016\/06\/Vamos_ler_Conversas_Familia-e1468504510744.jpg\" class=\"lightview\" data-lightview-group=\"group-7673\" data-lightview-options=\"skin: 'dark', controls: 'relative', padding: '10', shadow: { color: '#000000', opacity: 0.08, blur: 3 }\"><img loading=\"lazy\" decoding=\"async\" class=\"alignright size-full wp-image-7837\" src=\"http:\/\/ultimato.com.br\/sites\/blogdaultimato\/files\/2016\/06\/Vamos_ler_Conversas_Familia-e1468504510744.jpg\" alt=\"Vamos_ler_Conversas_Familia\" width=\"150\" height=\"227\" \/><\/a><\/strong><\/p>\n<p>Jim Burns<\/p>\n<p>254 p\u00e1ginas<\/p>\n<p>Editora Universidade da Fam\u00edlia<\/p>\n<p>2011<\/p>\n<p>Jim Burns, fundador do minist\u00e9rio HomeWord e pai de tr\u00eas filhas, descobriu, tanto na pr\u00e1tica de seu minist\u00e9rio quanto em sua fam\u00edlia, que o aprendizado eficaz raramente vem de serm\u00f5es e prega\u00e7\u00f5es, mas de um di\u00e1logo saud\u00e1vel e substancial. <em>Conversas de F\u00e9 em Fam\u00edlia <\/em>mostra como pode ser f\u00e1cil convidar Deus para seu tempo em fam\u00edlia e conversar com seus pr\u00e9-adolescentes e adolescentes sobre a vida e a f\u00e9 para que sigam a Jesus. <em>Conversas de F\u00e9 em Fam\u00edlia<\/em> aborda 52 t\u00f3picos contendo esbo\u00e7os de di\u00e1logos f\u00e1ceis de usar, que oferecem uma base b\u00edblica pr\u00e1tica para aplicar \u00e0 vida espiritual de sua fam\u00edlia.<\/p>\n<p><span style=\"color: #993300;\"><em>Por Edson Sakiyama<\/em><\/span><\/p>\n<p>&nbsp;<\/p>\n<p><strong><a href=\"http:\/\/ultimato.com.br\/sites\/blogdaultimato\/files\/2016\/06\/Vamos_ler_o-poder-da-bencao-dos-pais-e1468504545460.jpg\" class=\"lightview\" data-lightview-group=\"group-7673\" data-lightview-options=\"skin: 'dark', controls: 'relative', padding: '10', shadow: { color: '#000000', opacity: 0.08, blur: 3 }\"><img loading=\"lazy\" decoding=\"async\" class=\"alignright wp-image-7838\" src=\"http:\/\/ultimato.com.br\/sites\/blogdaultimato\/files\/2016\/06\/Vamos_ler_o-poder-da-bencao-dos-pais-e1468504545460.jpg\" alt=\"Vamos_ler_o-poder-da-bencao-dos-pais\" width=\"210\" height=\"210\" \/><\/a>O Poder da B\u00ean\u00e7\u00e3o dos Pais<\/strong><\/p>\n<p>Craig Hill<\/p>\n<p>253 p\u00e1ginas<\/p>\n<p>Editora Universidade da Fam\u00edlia<\/p>\n<p>2015<\/p>\n<p>A b\u00ean\u00e7\u00e3o \u00e9 um costume estabelecido por Deus e planejado para que fosse praticado em todas as fam\u00edlias. De fato, h\u00e1 sete per\u00edodos cr\u00edticos em nossa vida em que Deus deseja nos transmitir uma mensagem aben\u00e7oadora acerca de nossa identidade e de nosso destino na terra. Nesse livro, Craig Hill nos instrui sobre cada um desses per\u00edodos cr\u00edticos. Nunca \u00e9 tarde demais para transmitir b\u00ean\u00e7\u00e3os aos filhos. Seja voc\u00ea pai, m\u00e3e, av\u00f4, av\u00f3 ou padrasto, madrasta de crian\u00e7as, jovens ou adultos, sua b\u00ean\u00e7\u00e3o vai lev\u00e1-los a prosperar, ajudando-os a conquistarem seu prop\u00f3sito de vida.<\/p>\n<p><span style=\"color: #993300;\"><em>Por Edson Sakiyama<\/em><\/span><\/p>\n<p>&nbsp;<\/p>\n<p><strong><a href=\"http:\/\/ultimato.com.br\/sites\/blogdaultimato\/files\/2016\/06\/Vamos_ler_Tempo_de_Qualidade-e1468505605782.jpg\" class=\"lightview\" data-lightview-group=\"group-7673\" data-lightview-options=\"skin: 'dark', controls: 'relative', padding: '10', shadow: { color: '#000000', opacity: 0.08, blur: 3 }\"><img loading=\"lazy\" decoding=\"async\" class=\"alignright size-full wp-image-7839\" src=\"http:\/\/ultimato.com.br\/sites\/blogdaultimato\/files\/2016\/06\/Vamos_ler_Tempo_de_Qualidade-e1468505605782.jpg\" alt=\"Vamos_ler_Tempo_de_Qualidade\" width=\"150\" height=\"224\" \/><\/a>Tempo de Qualidade com a Fam\u00edlia<\/strong><\/p>\n<p>Autores: Allen e Connie Hadidian; Will e Lindy Wilson<\/p>\n<p>117 p\u00e1ginas<\/p>\n<p>Editora Universidade da Fam\u00edlia<\/p>\n<p>2010<\/p>\n<p><em>Tempo de Qualidade com a Fam\u00edlia <\/em>apresenta ideias pr\u00e1ticas de como formar o car\u00e1ter de seus filhos de idade pr\u00e9-escolar, mediante o enfoque em tr\u00eas \u00e1reas principais: a obedi\u00eancia, o crescimento espiritual e a unidade familiar. O leitor encontrar\u00e1 dicas preciosas sobre como conduzir a hora de brincar, a hora de conversar, a hora da leitura, os momentos da crian\u00e7a na igreja, suas tarefas dom\u00e9sticas e muito mais. Esse livro oferece uma ajuda pr\u00e1tica aos pais, capacitando-os a criar filhos felizes, obedientes, ensin\u00e1veis e cuja companhia ser\u00e1 sempre um prazer!<\/p>\n<p><span style=\"color: #993300;\"><em>Por Edson Sakiyama<\/em><\/span><\/p>\n<p>&nbsp;<\/p>\n<p><strong><a href=\"http:\/\/ultimato.com.br\/sites\/blogdaultimato\/files\/2016\/06\/Vamos_ler_familias-mistas-segundo-a-biblia-e1468505724348.jpg\" class=\"lightview\" data-lightview-group=\"group-7673\" data-lightview-options=\"skin: 'dark', controls: 'relative', padding: '10', shadow: { color: '#000000', opacity: 0.08, blur: 3 }\"><img loading=\"lazy\" decoding=\"async\" class=\"alignright wp-image-7840\" src=\"http:\/\/ultimato.com.br\/sites\/blogdaultimato\/files\/2016\/06\/Vamos_ler_familias-mistas-segundo-a-biblia-e1468505724348.jpg\" alt=\"Vamos_ler_familias-mistas-segundo-a-biblia\" width=\"210\" height=\"210\" \/><\/a>Fam\u00edlias Mistas Segundo a B\u00edblia<\/strong><\/p>\n<p>Lance e Susan St. Clair<\/p>\n<p>290 p\u00e1ginas<\/p>\n<p>Editora Universidade da Fam\u00edlia<\/p>\n<p>2013<\/p>\n<p>As b\u00ean\u00e7\u00e3os e os desafios de fundir duas fam\u00edlias. O poder transformador de uma fam\u00edlia cujo compromisso com o amor, o cuidado e a coragem de mudar \u00e9 a prova de que h\u00e1 esperan\u00e7a para milhares de fam\u00edlias mistas. \u201cEste livro n\u00e3o \u00e9 algo comum. \u00c9 a hist\u00f3ria do poder do amor incondicional que hoje permeia tr\u00eas gera\u00e7\u00f5es da fam\u00edlia St. Clair. H\u00e1 mais de 25 anos, temos testemunhado pessoalmente e caminhado juntos com essa fam\u00edlia, desde as dificuldades do in\u00edcio at\u00e9 os dias de hoje. N\u00f3s nos consideramos aben\u00e7oados pelo exemplo de vida da fam\u00edlia St. Clair, que compartilha a f\u00e9, o amor e confian\u00e7a na Palavra de Deus que transforma vidas\u201d. Gary e Anne Marie Ezzo (fundadores e presidentes de Growing Families International).<\/p>\n<p><span style=\"color: #993300;\"><em>Por Edson Sakiyama<\/em><\/span><\/p>\n<p>&nbsp;<\/p>\n<p><strong><a href=\"http:\/\/ultimato.com.br\/sites\/blogdaultimato\/files\/2016\/06\/Vamos_ler_Casamento_para_toda_vida-e1468505773639.jpg\" class=\"lightview\" data-lightview-group=\"group-7673\" data-lightview-options=\"skin: 'dark', controls: 'relative', padding: '10', shadow: { color: '#000000', opacity: 0.08, blur: 3 }\"><img loading=\"lazy\" decoding=\"async\" class=\"alignright size-full wp-image-7841\" src=\"http:\/\/ultimato.com.br\/sites\/blogdaultimato\/files\/2016\/06\/Vamos_ler_Casamento_para_toda_vida-e1468505773639.jpg\" alt=\"Vamos_ler_Casamento_para_toda_vida\" width=\"150\" height=\"218\" \/><\/a>Casamento para Toda a Vida<\/strong><\/p>\n<p>Judith Viorst<\/p>\n<p>284 p\u00e1ginas<\/p>\n<p>Editora Melhoramentos<\/p>\n<p>2004<\/p>\n<p>Judith Viorst narra sobre sua pr\u00f3pria vida conjugal, antes de colocar conceitos sobre a perman\u00eancia no casamento. Em cada cap\u00edtulo, apresenta de forma bem realista, a partir de estudos de casos e entrevistas com outros profissionais e terapeutas de casais, caminhos para se ter n\u00e3o apenas um casamento duradouro, mas divertido, feliz e enriquecedor.<\/p>\n<p><span style=\"color: #993300;\"><em>Por Gilson Bifano<\/em><\/span><\/p>\n<p>&nbsp;<\/p>\n<p><strong><a href=\"http:\/\/ultimato.com.br\/sites\/blogdaultimato\/files\/2016\/06\/Vamos_ler_Sao_Jose-e1468505803928.jpg\" class=\"lightview\" data-lightview-group=\"group-7673\" data-lightview-options=\"skin: 'dark', controls: 'relative', padding: '10', shadow: { color: '#000000', opacity: 0.08, blur: 3 }\"><img loading=\"lazy\" decoding=\"async\" class=\"alignright size-full wp-image-7842\" src=\"http:\/\/ultimato.com.br\/sites\/blogdaultimato\/files\/2016\/06\/Vamos_ler_Sao_Jose-e1468505803928.jpg\" alt=\"Vamos_ler_Sao_Jose\" width=\"150\" height=\"191\" \/><\/a>S\u00e3o Jos\u00e9<\/strong><\/p>\n<p>Leonardo Boff<br \/>\n256 p\u00e1ginas<\/p>\n<p>Editora Vozes<\/p>\n<p>2012<\/p>\n<p>Boff, em seu interessante livro, mostra a import\u00e2ncia de resgatar a figura de Jos\u00e9, pai adotivo de Jesus, para nossa reflex\u00e3o sobre a paternidade. Embora algumas afirma\u00e7\u00f5es do autor contrariam o pensamento protestante, o livro n\u00e3o deixa de ser um valioso instrumento para pensarmos sobre esse (esquecido tamb\u00e9m por n\u00f3s) personagem b\u00edblico e o papel de ser pai nos dias de hoje.<\/p>\n<p><span style=\"color: #993300;\"><em>Por Gilson Bifano<\/em><\/span><\/p>\n<p>&nbsp;<\/p>\n<p><strong><a href=\"http:\/\/ultimato.com.br\/sites\/blogdaultimato\/files\/2016\/06\/Vamos_ler_Amor_Respeito_Familia-e1468505834178.jpg\" class=\"lightview\" data-lightview-group=\"group-7673\" data-lightview-options=\"skin: 'dark', controls: 'relative', padding: '10', shadow: { color: '#000000', opacity: 0.08, blur: 3 }\"><img loading=\"lazy\" decoding=\"async\" class=\"alignright size-full wp-image-7843\" src=\"http:\/\/ultimato.com.br\/sites\/blogdaultimato\/files\/2016\/06\/Vamos_ler_Amor_Respeito_Familia-e1468505834178.jpg\" alt=\"Vamos_ler_Amor_Respeito_Familia\" width=\"150\" height=\"213\" \/><\/a>Amor e Respeito na Fam\u00edlia<\/strong><\/p>\n<p>Emerson Eggerichs<\/p>\n<p>244 p\u00e1ginas<\/p>\n<p>Editora Mundo Crist\u00e3o<\/p>\n<p>2016<\/p>\n<p>Ao ler este livro, percebo que nossa fam\u00edlia \u00e9 cheia de acertos e falhas. Muitas vezes n\u00e3o sabemos lidar com nossos filhos diante das mudan\u00e7as deles, n\u00e3o sabemos lidar com as crises diante das fases de seu crescimento. Como pais, em muitas situa\u00e7\u00f5es gritamos, somos duros e insens\u00edveis com eles. Como lidar com tantas demandas dentro de casa j\u00e1 que \u00e9 o lugar onde n\u00e3o temos como ser superficiais e nem podemos ser hip\u00f3critas? Como agir procurando a sabedoria divina para deixar o legado de bom exemplo de vida? <em>Amor e Respeito na Fam\u00edlia<\/em> nos traz v\u00e1rias respostas em meio a essas d\u00favidas normais e importantes no desenvolvimento da nossa fam\u00edlia.<\/p>\n<p><em><span style=\"color: #993300;\">Por Alcindo Almeida<\/span><\/em><\/p>\n<p>&nbsp;<\/p>\n","protected":false},"excerpt":{"rendered":"<p>&nbsp;<br \/>\nA se\u00e7\u00e3o &#8220;Vamos Ler!&#8221; da revista Ultimato 361 (julho-agosto\/2016) publicou dicas de livros sobre a tem\u00e1tica da fam\u00edlia dadas por nossos leitores amigos. Confira mais outras dicas abaixo.<br \/>\n&nbsp;<br \/>\n&nbsp;<br \/>\n&nbsp;<br \/>\nConversas de F\u00e9 em Fam\u00edlia<br \/>\nJim Burns<br \/>\n254 p\u00e1ginas<br \/>\nEditora Universidade da Fam\u00edlia<br \/>\n2011<br \/>\nJim Burns, fundador do minist\u00e9rio HomeWord e pai de tr\u00eas filhas, descobriu, tanto na pr\u00e1tica de seu minist\u00e9rio quanto [&#8230;]<\/p>\n","protected":false},"author":24,"featured_media":0,"comment_status":"open","ping_status":"open","sticky":false,"template":"","format":"standard","meta":{"ngg_post_thumbnail":0,"footnotes":""},"categories":[9536,22807],"tags":[31068,8441,22202],"class_list":["post-7673","post","type-post","status-publish","format-standard","hentry","category-do-editor","category-extras","tag-dicas-de-livros","tag-familia","tag-vamos-ler"],"_links":{"self":[{"href":"https:\/\/ultimato.com.br\/sites\/blogdaultimato\/wp-json\/wp\/v2\/posts\/7673","targetHints":{"allow":["GET"]}}],"collection":[{"href":"https:\/\/ultimato.com.br\/sites\/blogdaultimato\/wp-json\/wp\/v2\/posts"}],"about":[{"href":"https:\/\/ultimato.com.br\/sites\/blogdaultimato\/wp-json\/wp\/v2\/types\/post"}],"author":[{"embeddable":true,"href":"https:\/\/ultimato.com.br\/sites\/blogdaultimato\/wp-json\/wp\/v2\/users\/24"}],"replies":[{"embeddable":true,"href":"https:\/\/ultimato.com.br\/sites\/blogdaultimato\/wp-json\/wp\/v2\/comments?post=7673"}],"version-history":[{"count":4,"href":"https:\/\/ultimato.com.br\/sites\/blogdaultimato\/wp-json\/wp\/v2\/posts\/7673\/revisions"}],"predecessor-version":[{"id":7845,"href":"https:\/\/ultimato.com.br\/sites\/blogdaultimato\/wp-json\/wp\/v2\/posts\/7673\/revisions\/7845"}],"wp:attachment":[{"href":"https:\/\/ultimato.com.br\/sites\/blogdaultimato\/wp-json\/wp\/v2\/media?parent=7673"}],"wp:term":[{"taxonomy":"category","embeddable":true,"href":"https:\/\/ultimato.com.br\/sites\/blogdaultimato\/wp-json\/wp\/v2\/categories?post=7673"},{"taxonomy":"post_tag","embeddable":true,"href":"https:\/\/ultimato.com.br\/sites\/blogdaultimato\/wp-json\/wp\/v2\/tags?post=7673"}],"curies":[{"name":"wp","href":"https:\/\/api.w.org\/{rel}","templated":true}]}}