{"id":7670,"date":"2016-06-09T15:45:19","date_gmt":"2016-06-09T18:45:19","guid":{"rendered":"http:\/\/ultimato.com.br\/sites\/blogdaultimato\/?p=7670"},"modified":"2016-07-15T16:09:42","modified_gmt":"2016-07-15T19:09:42","slug":"entrevista-com-marcelo-moscheta","status":"publish","type":"post","link":"https:\/\/ultimato.com.br\/sites\/blogdaultimato\/2016\/06\/09\/entrevista-com-marcelo-moscheta\/","title":{"rendered":"Marcelo Moscheta: arte, natureza e f\u00e9"},"content":{"rendered":"<div id=\"attachment_7756\" style=\"width: 610px\" class=\"wp-caption aligncenter\"><a href=\"http:\/\/ultimato.com.br\/sites\/blogdaultimato\/files\/2016\/06\/Arte_cultura_361_moscheta4-S-e1467226504823.jpg\" class=\"lightview\" data-lightview-group=\"group-7670\" data-lightview-options=\"skin: 'dark', controls: 'relative', padding: '10', shadow: { color: '#000000', opacity: 0.08, blur: 3 }\"><img loading=\"lazy\" decoding=\"async\" aria-describedby=\"caption-attachment-7756\" class=\"wp-image-7756 size-full\" src=\"http:\/\/ultimato.com.br\/sites\/blogdaultimato\/files\/2016\/06\/Arte_cultura_361_moscheta4-S-e1467226504823.jpg\" alt=\"Arte_cultura_361_moscheta4-S\" width=\"600\" height=\"326\" \/><\/a><p id=\"caption-attachment-7756\" class=\"wp-caption-text\">Marcelo Moscheta: &#8220;A Line In The Arctic&#8221;. Esta foto ilustrou a se\u00e7\u00e3o Arte e Cultura da revista Ultimato 360 e tamb\u00e9m o topo do boletim \u00daltimas de 04\/07\/2016<\/p><\/div>\n<p>&nbsp;<\/p>\n<p><span style=\"color: #800000;\"><em>Por Ana Claudia Braun Endo<\/em><\/span><\/p>\n<p>&nbsp;<\/p>\n<p>Ele pode estar em seu ateli\u00ea em Campinas, SP, ou em alguma expedi\u00e7\u00e3o pelo mundo, nas \u201cresid\u00eancias-art\u00edsticas\u201d que estabelece quando busca inspira\u00e7\u00e3o. \u00c9 a partir de suas andan\u00e7as por lugares como P\u00f3lo Norte, deserto do Atacama, no Chile, Ucr\u00e2nia, China, Vancouver, no Canad\u00e1, que o artista pl\u00e1stico <strong><span style=\"color: #ff6600;\">Marcelo Moscheta<\/span><\/strong>, um crist\u00e3o de talento reconhecido internacionalmente, inspira-se para produzir sua arte.<\/p>\n<p><a href=\"http:\/\/ultimato.com.br\/sites\/blogdaultimato\/files\/2016\/06\/BlogUlt_30_06_16_Marcelo.jpg\" class=\"lightview\" data-lightview-group=\"group-7670\" data-lightview-options=\"skin: 'dark', controls: 'relative', padding: '10', shadow: { color: '#000000', opacity: 0.08, blur: 3 }\"><img loading=\"lazy\" decoding=\"async\" class=\"alignright wp-image-7763 size-medium\" src=\"http:\/\/ultimato.com.br\/sites\/blogdaultimato\/files\/2016\/06\/BlogUlt_30_06_16_Marcelo-300x300.jpg\" alt=\"BlogUlt_30_06_16_Marcelo\" width=\"300\" height=\"300\" srcset=\"https:\/\/ultimato.com.br\/sites\/blogdaultimato\/files\/2016\/06\/BlogUlt_30_06_16_Marcelo-300x300.jpg 300w, https:\/\/ultimato.com.br\/sites\/blogdaultimato\/files\/2016\/06\/BlogUlt_30_06_16_Marcelo-150x150.jpg 150w, https:\/\/ultimato.com.br\/sites\/blogdaultimato\/files\/2016\/06\/BlogUlt_30_06_16_Marcelo-80x80.jpg 80w, https:\/\/ultimato.com.br\/sites\/blogdaultimato\/files\/2016\/06\/BlogUlt_30_06_16_Marcelo.jpg 354w\" sizes=\"auto, (max-width: 300px) 100vw, 300px\" \/><\/a>Na inf\u00e2ncia, deu seus primeiros passos na arte. J\u00e1 sabia o que pretendia, mas foi a gradua\u00e7\u00e3o em artes pl\u00e1sticas e o mestrado em artes visuais, ambos pela Unicamp, que o lan\u00e7aram definitivamente. A Bolsa Iber\u00ea Camargo, que ganhou em 2007, foi desfrutada na \u00c9cole des Beaux-Arts de Rennes, na Fran\u00e7a.<\/p>\n<p>Uma de suas exposi\u00e7\u00f5es mais trabalhosas, segundo afirma, foi \u201c1.000 km, 10.000 anos\u201d, quando utilizou cer\u00e2micas e produziu cerca de 2,5 mil c\u00f3pias de uma ferramenta paleol\u00edtica encontrada no Atacama.<\/p>\n<p>\u201cFoi emocionante a primeira resid\u00eancia que fiz, na Bretanha, Fran\u00e7a. Meu amadurecimento como artista veio daquela experi\u00eancia e v\u00e1rias propostas surgiram\u201d \u2013 conta o artista que participou de mostras internacionais de grande import\u00e2ncia no \u00faltimo ano, seja na Bienal de Vancouver ou em uma exposi\u00e7\u00e3o em Nova York, e que se prepara para enfrentar um novo momento de resid\u00eancia-art\u00edstica na Col\u00f4mbia, em um trabalho de imers\u00e3o que deve durar dois meses.<\/p>\n<p>\u201cQuando produzo uma obra, sinto-me mais perto de Deus. Tenho uma conex\u00e3o espiritual com aquilo que fa\u00e7o de forma manual e acho isso tocante, n\u00e3o s\u00f3 para mim, mas para aqueles que t\u00eam contato com minha arte. Gosto quando aqueles que interagem com minhas obras s\u00e3o profundamente tocados&#8230; Isso para mim \u00e9 essencial, pois entendo que se a arte tem alguma serventia pr\u00e1tica, ela seria o despertar de quest\u00f5es imposs\u00edveis de serem alcan\u00e7adas atrav\u00e9s do lugar comum.\u201d<\/p>\n<p><span style=\"color: #800000;\"><strong>Voc\u00ea \u00e9 uma daquelas pessoas que sabia, desde pequeno, que tipo de profissional queria ser ou com o que queria se envolver?<\/strong><\/span><\/p>\n<p>Sim, eu costumava dizer que queria ser artista. Essa \u00e9 uma das minhas primeiras lembran\u00e7as. Lembro-me de ficar desenhando e pintando o dia inteiro, de me interessar por tudo relacionado \u00e0s artes. Mas morava em Maring\u00e1, uma cidade que naquela \u00e9poca possu\u00eda somente um museu hist\u00f3rico da coloniza\u00e7\u00e3o da cidade. Encontrei dificuldades imensas para estudar mais sobre hist\u00f3ria da arte, pois na biblioteca da cidade n\u00e3o havia conte\u00fado relativo a esse tema, quando precisei estudar para prestar o vestibular para artes pl\u00e1sticas na Unicamp.<\/p>\n<p><span style=\"color: #800000;\"><strong>Como se deu seu envolvimento com as artes pl\u00e1sticas? Apenas com sua entrada na faculdade?<\/strong><\/span><\/p>\n<p>O meu envolvimento real com a arte aconteceu somente depois de me mudar para Campinas para estudar. Os primeiros semestres foram meio titubeantes, muitas d\u00favidas, mas no fundo sabia que aquilo era a coisa para a qual eu tinha mais envolvimento. No decorrer dos anos, minha decis\u00e3o foi se consolidando e quando terminei a gradua\u00e7\u00e3o estava come\u00e7ando a ter uma proposta clara dentro do meu trabalho, aquilo que chamamos de po\u00e9tica.<\/p>\n<p><span style=\"color: #800000;\"><strong>Qual trabalho foi mais emocionante para voc\u00ea desenvolver?<\/strong><\/span><\/p>\n<p>\u00c9 uma pergunta dif\u00edcil de responder, pois s\u00e3o envolvimentos diferentes que crio com as obras. \u00c0s vezes um trabalho se revela mais interessante do que inicialmente projetado, mas tamb\u00e9m o contr\u00e1rio \u00e9 muito constante. Tudo depende muito de um estado de entrega e os fatores externos contam demais. Eu gosto muito de fazer resid\u00eancias art\u00edsticas, que s\u00e3o per\u00edodos em que posso ficar distante do meu ateli\u00ea, da minha pr\u00e1tica di\u00e1ria de produ\u00e7\u00e3o e me envolver com contextos muito distantes do meu, do cotidiano que tenho em Campinas. Ent\u00e3o, quando viajo para lugares como o Polo Norte, o deserto do Atacama, a Ucr\u00e2nia, a China, as florestas de Vancouver, tenho diferentes hist\u00f3rias para contar e me relacionar com a paisagem, que \u00e9 meu interesse principal. Mas consigo pontuar como emocionante, talvez a primeira resid\u00eancia que fiz, em 2007, na Bretanha, Fran\u00e7a. Acho que meu amadurecimento como artista surgiu daquela experi\u00eancia de deslocamento para aquele espa\u00e7o. V\u00e1rias propostas que tenho hoje em minhas obras surgiram daquele tempo ali.<\/p>\n<p><span style=\"color: #800000;\"><strong>Qual obra ou exposi\u00e7\u00e3o efetivamente deu mais trabalho e por qu\u00ea?<\/strong><\/span><\/p>\n<p>Uma exposi\u00e7\u00e3o que deu bastante trabalho foi \u201c1.000 km, 10.000 anos\u201d, que realizei em 2013 na Galeria Leme, em S\u00e3o Paulo, SP. Tive que pesquisar cer\u00e2mica, que era um meio que nunca tinha utilizado e fazer ent\u00e3o 2.500 c\u00f3pias da mesma matriz \u2013 uma rocha\/ferramenta paleol\u00edtica encontrada no Atacama. Essa obra consumiu cerca de tr\u00eas meses intensos de trabalhos e pesquisas di\u00e1rias, de produ\u00e7\u00e3o com terceiros e viagens sem fim at\u00e9 o ceramista, mas no final fiquei muito satisfeito com o resultado.<\/p>\n<p><span style=\"color: #800000;\"><strong>Como voc\u00ea se inspira para as tem\u00e1ticas que desenvolve com seu trabalho?\u00a0Como se d\u00e1 o processo criativo?<\/strong><\/span><\/p>\n<p>Como j\u00e1 disse, eu gosto de viajar e criar. Acabei juntando os dois numa po\u00e9tica que tem a natureza como foco principal. Eu entendo a paisagem como um lugar onde posso estar para medir a mim mesmo e ter uma vaga ideia do tamanho do mundo. Isso me coloca numa posi\u00e7\u00e3o de insignific\u00e2ncia frente \u00e0 grandeza da Cria\u00e7\u00e3o. O que tento com minhas obras \u00e9 tocar quest\u00f5es relativas a essa intera\u00e7\u00e3o homem\/natureza, mundo artificial\/mundo natural. Gosto tamb\u00e9m de reordenar as coisas, de classificar, um desejo quase ad\u00e2mico de querer nomear as coisas do mundo, e \u00e9 por isso que me interesso tanto por arqueologia e pelas ci\u00eancias naturais. Gosto de geografia e geologia, e trabalho sempre com um GPS em minhas andan\u00e7as, tra\u00e7ando o desenho que o meu deslocamento provoca sobre o mundo, como se pudesse traduzir em dados e coordenadas precisas uma experi\u00eancia sensorial e subjetiva.<\/p>\n<p><em><br \/>\n<\/em><\/p>\n<p>\u2022 <strong>Ana Claudia Braun Endo<\/strong> atua como consultora de <a href=\"http:\/\/marketingeducacional.strikingly.com\">marketing educacional<\/a> na FIPECAFI (FEA-USP) e na PUC-Campinas, SP.\u00a0 Faz doutorado em gest\u00e3o da informa\u00e7\u00e3o pela Universidade Nova de Lisboa e em comunica\u00e7\u00e3o pela ECA-USP, onde estuda as \u201clovemarks\u201d. Entrevista concedida originalmente ao portal <em>Cristianismo Criativo<\/em>.<br \/>\n***<\/p>\n<p><span style=\"color: #ff6600;\"><strong>ARTE E CULTURA &#8211; REVISTA ULTIMATO<\/strong><\/span><br \/>\nA fotografia no in\u00edcio deste post ilustrou o topo da se\u00e7\u00e3o Arte e Cultura, da revista Ultimato 361 (julho-agosto). Ela faz parte da exposi\u00e7\u00e3o <a href=\"http:\/\/www.marcelomoscheta.art.br\/A-Line-In-The-Arctic\">A Line In The Arctic<\/a>, que Marcelo elaborou em viagem \u00e0 regi\u00e3o \u00e1rtica. Confira o v\u00eddeo abaixo em que o artista explica como fez o trabalho.<\/p>\n<p>&nbsp;<\/p>\n<p><iframe loading=\"lazy\" src=\"https:\/\/player.vimeo.com\/video\/57619303\" width=\"640\" height=\"360\" frameborder=\"0\" allowfullscreen=\"allowfullscreen\"><\/iframe><\/p>\n<p><a href=\"https:\/\/vimeo.com\/57619303\">NORTE Marcelo Moscheta | document\u00e1rio<\/a> from <a href=\"https:\/\/vimeo.com\/marcelomoscheta\">marcelo moscheta<\/a> on <a href=\"https:\/\/vimeo.com\">Vimeo<\/a>.<\/p>\n<p>&nbsp;<\/p>\n<p><strong>MAIS FOTOS DE MARCELO MOSCHETA PUBLICADAS NO BOLETIM \u00daLTIMAS:<\/strong><\/p>\n<div id=\"attachment_7827\" style=\"width: 610px\" class=\"wp-caption aligncenter\"><a href=\"http:\/\/ultimato.com.br\/sites\/blogdaultimato\/files\/2016\/06\/Marcelo_Moscheta-e1468413435308.jpg\" class=\"lightview\" data-lightview-group=\"group-7670\" data-lightview-options=\"skin: 'dark', controls: 'relative', padding: '10', shadow: { color: '#000000', opacity: 0.08, blur: 3 }\"><img loading=\"lazy\" decoding=\"async\" aria-describedby=\"caption-attachment-7827\" class=\"size-full wp-image-7827\" src=\"http:\/\/ultimato.com.br\/sites\/blogdaultimato\/files\/2016\/06\/Marcelo_Moscheta-e1468413435308.jpg\" alt=\"Topo do \u00daltimas de hoje\" width=\"600\" height=\"401\" \/><\/a><p id=\"caption-attachment-7827\" class=\"wp-caption-text\">Topo do boletim \u00daltimas de 13\/07\/2016<\/p><\/div>\n<div id=\"attachment_7854\" style=\"width: 610px\" class=\"wp-caption aligncenter\"><a href=\"http:\/\/ultimato.com.br\/sites\/blogdaultimato\/files\/2016\/06\/Marcelo_Moscheta_Arvore_Azul_Reduz-e1468609679570.jpg\" class=\"lightview\" data-lightview-group=\"group-7670\" data-lightview-options=\"skin: 'dark', controls: 'relative', padding: '10', shadow: { color: '#000000', opacity: 0.08, blur: 3 }\"><img loading=\"lazy\" decoding=\"async\" aria-describedby=\"caption-attachment-7854\" class=\"size-full wp-image-7854\" src=\"http:\/\/ultimato.com.br\/sites\/blogdaultimato\/files\/2016\/06\/Marcelo_Moscheta_Arvore_Azul_Reduz-e1468609679570.jpg\" alt=\"Topo do boletim \u00daltimas de 18\/07\/2016\" width=\"600\" height=\"404\" \/><\/a><p id=\"caption-attachment-7854\" class=\"wp-caption-text\">Topo do boletim \u00daltimas de 18\/07\/2016<\/p><\/div>\n","protected":false},"excerpt":{"rendered":"<p>&nbsp;<br \/>\nPor Ana Claudia Braun Endo<br \/>\n&nbsp;<br \/>\nEle pode estar em seu ateli\u00ea em Campinas, SP, ou em alguma expedi\u00e7\u00e3o pelo mundo, nas \u201cresid\u00eancias-art\u00edsticas\u201d que estabelece quando busca inspira\u00e7\u00e3o. \u00c9 a partir de suas andan\u00e7as por lugares como P\u00f3lo Norte, deserto do Atacama, no Chile, Ucr\u00e2nia, China, Vancouver, no Canad\u00e1, que o artista pl\u00e1stico Marcelo Moscheta, um crist\u00e3o [&#8230;]<\/p>\n","protected":false},"author":21,"featured_media":0,"comment_status":"open","ping_status":"open","sticky":false,"template":"","format":"standard","meta":{"ngg_post_thumbnail":0,"footnotes":""},"categories":[9536,22807],"tags":[],"class_list":["post-7670","post","type-post","status-publish","format-standard","hentry","category-do-editor","category-extras"],"_links":{"self":[{"href":"https:\/\/ultimato.com.br\/sites\/blogdaultimato\/wp-json\/wp\/v2\/posts\/7670","targetHints":{"allow":["GET"]}}],"collection":[{"href":"https:\/\/ultimato.com.br\/sites\/blogdaultimato\/wp-json\/wp\/v2\/posts"}],"about":[{"href":"https:\/\/ultimato.com.br\/sites\/blogdaultimato\/wp-json\/wp\/v2\/types\/post"}],"author":[{"embeddable":true,"href":"https:\/\/ultimato.com.br\/sites\/blogdaultimato\/wp-json\/wp\/v2\/users\/21"}],"replies":[{"embeddable":true,"href":"https:\/\/ultimato.com.br\/sites\/blogdaultimato\/wp-json\/wp\/v2\/comments?post=7670"}],"version-history":[{"count":10,"href":"https:\/\/ultimato.com.br\/sites\/blogdaultimato\/wp-json\/wp\/v2\/posts\/7670\/revisions"}],"predecessor-version":[{"id":7856,"href":"https:\/\/ultimato.com.br\/sites\/blogdaultimato\/wp-json\/wp\/v2\/posts\/7670\/revisions\/7856"}],"wp:attachment":[{"href":"https:\/\/ultimato.com.br\/sites\/blogdaultimato\/wp-json\/wp\/v2\/media?parent=7670"}],"wp:term":[{"taxonomy":"category","embeddable":true,"href":"https:\/\/ultimato.com.br\/sites\/blogdaultimato\/wp-json\/wp\/v2\/categories?post=7670"},{"taxonomy":"post_tag","embeddable":true,"href":"https:\/\/ultimato.com.br\/sites\/blogdaultimato\/wp-json\/wp\/v2\/tags?post=7670"}],"curies":[{"name":"wp","href":"https:\/\/api.w.org\/{rel}","templated":true}]}}