{"id":7657,"date":"2016-06-08T13:30:46","date_gmt":"2016-06-08T16:30:46","guid":{"rendered":"http:\/\/ultimato.com.br\/sites\/blogdaultimato\/?p=7657"},"modified":"2016-06-08T14:45:29","modified_gmt":"2016-06-08T17:45:29","slug":"ultimato-em-oracao-pelas-criancas","status":"publish","type":"post","link":"https:\/\/ultimato.com.br\/sites\/blogdaultimato\/2016\/06\/08\/ultimato-em-oracao-pelas-criancas\/","title":{"rendered":"Ultimato em ora\u00e7\u00e3o pelas crian\u00e7as"},"content":{"rendered":"<div id=\"attachment_7658\" style=\"width: 610px\" class=\"wp-caption aligncenter\"><a href=\"http:\/\/ultimato.com.br\/sites\/blogdaultimato\/files\/2016\/06\/BlogUlt_08_06_16_mesa-fotos.jpg\" class=\"lightview\" data-lightview-group=\"group-7657\" data-lightview-options=\"skin: 'dark', controls: 'relative', padding: '10', shadow: { color: '#000000', opacity: 0.08, blur: 3 }\"><img loading=\"lazy\" decoding=\"async\" aria-describedby=\"caption-attachment-7658\" class=\"wp-image-7658\" src=\"http:\/\/ultimato.com.br\/sites\/blogdaultimato\/files\/2016\/06\/BlogUlt_08_06_16_mesa-fotos.jpg\" alt=\"BlogUlt_08_06_16_mesa-fotos\" width=\"600\" height=\"401\" srcset=\"https:\/\/ultimato.com.br\/sites\/blogdaultimato\/files\/2016\/06\/BlogUlt_08_06_16_mesa-fotos.jpg 635w, https:\/\/ultimato.com.br\/sites\/blogdaultimato\/files\/2016\/06\/BlogUlt_08_06_16_mesa-fotos-300x200.jpg 300w, https:\/\/ultimato.com.br\/sites\/blogdaultimato\/files\/2016\/06\/BlogUlt_08_06_16_mesa-fotos-150x100.jpg 150w\" sizes=\"auto, (max-width: 600px) 100vw, 600px\" \/><\/a><p id=\"caption-attachment-7658\" class=\"wp-caption-text\">Mesa de ora\u00e7\u00e3o com fotos de crian\u00e7as e motivos de intercess\u00e3o<\/p><\/div>\n<p><strong>\u00a0<\/strong><\/p>\n<p>Quem entrou no pr\u00e9dio da Editora Ultimato na semana passada n\u00e3o viu apenas livros e revistas. Na parede do corredor que leva \u00e0 sala de reuni\u00f5es havia um varal com fotos de crian\u00e7as e algumas estat\u00edsticas sobre a situa\u00e7\u00e3o da inf\u00e2ncia no mundo. No lado esquerdo: um cavalete com cartazes informativos convocando os colaboradores da editora para orarem pelas crian\u00e7as e adolescentes em vulnerabilidade social.<\/p>\n<div id=\"attachment_7662\" style=\"width: 350px\" class=\"wp-caption alignleft\"><a href=\"http:\/\/ultimato.com.br\/sites\/blogdaultimato\/files\/2016\/06\/BlogUlt_08_06_16_Orando-e1465403342194.jpg\" class=\"lightview\" data-lightview-group=\"group-7657\" data-lightview-options=\"skin: 'dark', controls: 'relative', padding: '10', shadow: { color: '#000000', opacity: 0.08, blur: 3 }\"><img loading=\"lazy\" decoding=\"async\" aria-describedby=\"caption-attachment-7662\" class=\"wp-image-7662 size-full\" src=\"http:\/\/ultimato.com.br\/sites\/blogdaultimato\/files\/2016\/06\/BlogUlt_08_06_16_Orando-e1465403342194.jpg\" alt=\"BlogUlt_08_06_16_Orando\" width=\"340\" height=\"226\" \/><\/a><p id=\"caption-attachment-7662\" class=\"wp-caption-text\">Colaboradores da Ultimato em ora\u00e7\u00e3o<\/p><\/div>\n<p>H\u00e1 14 anos a Ultimato participa do <a href=\"http:\/\/www.redemaosdadas.org\/mutirao-mundial-de-oracao\/\">Mutir\u00e3o Mundial de Ora\u00e7\u00e3o pelas Crian\u00e7as em Vulnerabilidade Social<\/a>. Esta campanha <a href=\"http:\/\/ultimato.com.br\/sites\/blogdaultimato\/2012\/05\/30\/como-o-mutirao-de-oracao-pelas-criancas-mudou-a-ultimato\/\">mudou a gente<\/a>. Mas n\u00e3o participamos somente orando; tamb\u00e9m ajudamos a promover a campanha. O cartaz anual \u00e9 publicado nas p\u00e1ginas centrais da revista . \u00a0Ajudamos a divulgar a iniciativa no Portal e em nossos outros canais de comunica\u00e7\u00e3o. Por quase 10 anos abrigamos em nossas depend\u00eancias a Rede M\u00e3os Dadas, respons\u00e1vel pelo Mutir\u00e3o no Brasil. Atualmente, a rede tem um <a href=\"http:\/\/ultimato.com.br\/sites\/maosdadas\/\">blog<\/a> em nosso portal.<\/p>\n<p>Acreditamos que a causa da crian\u00e7a \u00e9 uma causa de Deus, que tem um car\u00e1ter de acolher os mais fr\u00e1geis. \u00c9 tamb\u00e9m a causa da igreja, que em tantos lugares e de formas t\u00e3o diferentes, luta pelas crian\u00e7as e acolhe as que s\u00e3o mais necessitadas. Nossos olhos \u2013 e ora\u00e7\u00f5es &#8211; n\u00e3o devem ser voltados para a crian\u00e7a somente porque ela \u00e9 necessitada, mas tamb\u00e9m porque, de alguma forma, elas s\u00e3o modelos para n\u00f3s (Mc 10.14, 15).<\/p>\n<div id=\"attachment_7661\" style=\"width: 310px\" class=\"wp-caption alignright\"><a href=\"http:\/\/ultimato.com.br\/sites\/blogdaultimato\/files\/2016\/06\/BlogUlt_08_06_16_fotos_filhos-e1465403298205.jpg\" class=\"lightview\" data-lightview-group=\"group-7657\" data-lightview-options=\"skin: 'dark', controls: 'relative', padding: '10', shadow: { color: '#000000', opacity: 0.08, blur: 3 }\"><img loading=\"lazy\" decoding=\"async\" aria-describedby=\"caption-attachment-7661\" class=\"size-full wp-image-7661\" src=\"http:\/\/ultimato.com.br\/sites\/blogdaultimato\/files\/2016\/06\/BlogUlt_08_06_16_fotos_filhos-e1465403298205.jpg\" alt=\"Mural com fotos dos filhos dos colaboradores da Ultimato\" width=\"300\" height=\"450\" \/><\/a><p id=\"caption-attachment-7661\" class=\"wp-caption-text\">Mural com fotos dos filhos dos colaboradores da Ultimato<\/p><\/div>\n<p>A realidade ainda \u00e9 desfavor\u00e1vel para que as crian\u00e7as exer\u00e7am seus plenos direitos. Quando os adultos erram, elas s\u00e3o as primeiras a sofrerem as consequ\u00eancias. Mas h\u00e1 esperan\u00e7a. Um dos benef\u00edcios da ora\u00e7\u00e3o intercess\u00f3ria \u00e9 sentirmos mais sincera e profundamente a dor das crian\u00e7as e vermos com mais clareza os planos e sonhos de Deus para elas.<\/p>\n<p>Aqui na Ultimato gostamos de nos lembrar que participamos do Mutir\u00e3o de Ora\u00e7\u00e3o desde quanto nossos filhos eram pequenos. Temos um pote com os nomes destes que agora s\u00e3o adolescentes ou adultos. \u00c9 para n\u00e3o esquecermos que devemos orar pelas crian\u00e7as assim como oramos por nossos pr\u00f3prios filhos. Com intensidade e esperan\u00e7a.<\/p>\n<p>Na campanha deste ano, espalhamos fotos de crian\u00e7as (nossos filhos e de outras) pelas paredes da editora, oramos na quinta-feira, dia 02, em setores, e na sexta-feira, dia 03, em 12 trios com gente de setores diferentes. As mesas de ora\u00e7\u00e3o foram ornamentadas com fotos de nossas crian\u00e7as e balinhas. As ora\u00e7\u00f5es foram motivadas por uma pergunta \u00fanica:<\/p>\n<p><strong>\u201cQue mudan\u00e7as precisamos pedir ao Pai para que nossas crian\u00e7as vivam, e vivam de forma plena?\u201d<\/strong><\/p>\n<p>Tente responder voc\u00ea tamb\u00e9m.<\/p>\n<p>&nbsp;<\/p>\n","protected":false},"excerpt":{"rendered":"<p>\u00a0<br \/>\nQuem entrou no pr\u00e9dio da Editora Ultimato na semana passada n\u00e3o viu apenas livros e revistas. Na parede do corredor que leva \u00e0 sala de reuni\u00f5es havia um varal com fotos de crian\u00e7as e algumas estat\u00edsticas sobre a situa\u00e7\u00e3o da inf\u00e2ncia no mundo. No lado esquerdo: um cavalete com cartazes informativos convocando os colaboradores da [&#8230;]<\/p>\n","protected":false},"author":21,"featured_media":0,"comment_status":"open","ping_status":"open","sticky":false,"template":"","format":"standard","meta":{"ngg_post_thumbnail":0,"footnotes":""},"categories":[22790,6111],"tags":[],"class_list":["post-7657","post","type-post","status-publish","format-standard","hentry","category-acoes-ministeriais-ultimas-de-ca","category-ultimas-de-ca"],"_links":{"self":[{"href":"https:\/\/ultimato.com.br\/sites\/blogdaultimato\/wp-json\/wp\/v2\/posts\/7657","targetHints":{"allow":["GET"]}}],"collection":[{"href":"https:\/\/ultimato.com.br\/sites\/blogdaultimato\/wp-json\/wp\/v2\/posts"}],"about":[{"href":"https:\/\/ultimato.com.br\/sites\/blogdaultimato\/wp-json\/wp\/v2\/types\/post"}],"author":[{"embeddable":true,"href":"https:\/\/ultimato.com.br\/sites\/blogdaultimato\/wp-json\/wp\/v2\/users\/21"}],"replies":[{"embeddable":true,"href":"https:\/\/ultimato.com.br\/sites\/blogdaultimato\/wp-json\/wp\/v2\/comments?post=7657"}],"version-history":[{"count":5,"href":"https:\/\/ultimato.com.br\/sites\/blogdaultimato\/wp-json\/wp\/v2\/posts\/7657\/revisions"}],"predecessor-version":[{"id":7665,"href":"https:\/\/ultimato.com.br\/sites\/blogdaultimato\/wp-json\/wp\/v2\/posts\/7657\/revisions\/7665"}],"wp:attachment":[{"href":"https:\/\/ultimato.com.br\/sites\/blogdaultimato\/wp-json\/wp\/v2\/media?parent=7657"}],"wp:term":[{"taxonomy":"category","embeddable":true,"href":"https:\/\/ultimato.com.br\/sites\/blogdaultimato\/wp-json\/wp\/v2\/categories?post=7657"},{"taxonomy":"post_tag","embeddable":true,"href":"https:\/\/ultimato.com.br\/sites\/blogdaultimato\/wp-json\/wp\/v2\/tags?post=7657"}],"curies":[{"name":"wp","href":"https:\/\/api.w.org\/{rel}","templated":true}]}}