{"id":7572,"date":"2016-05-18T00:01:33","date_gmt":"2016-05-18T03:01:33","guid":{"rendered":"http:\/\/ultimato.com.br\/sites\/blogdaultimato\/?p=7572"},"modified":"2016-05-17T11:14:13","modified_gmt":"2016-05-17T14:14:13","slug":"davi-e-uma-revista-ultimato-de-10-anos-atras","status":"publish","type":"post","link":"https:\/\/ultimato.com.br\/sites\/blogdaultimato\/2016\/05\/18\/davi-e-uma-revista-ultimato-de-10-anos-atras\/","title":{"rendered":"Davi e uma revista Ultimato de 10 anos atr\u00e1s"},"content":{"rendered":"<div id=\"attachment_7573\" style=\"width: 555px\" class=\"wp-caption aligncenter\"><a href=\"http:\/\/ultimato.com.br\/sites\/blogdaultimato\/files\/2016\/05\/BlogUlt_18_05_16_Davi_Ult.jpg\" class=\"lightview\" data-lightview-group=\"group-7572\" data-lightview-options=\"skin: 'dark', controls: 'relative', padding: '10', shadow: { color: '#000000', opacity: 0.08, blur: 3 }\"><img loading=\"lazy\" decoding=\"async\" aria-describedby=\"caption-attachment-7573\" class=\"size-full wp-image-7573\" src=\"http:\/\/ultimato.com.br\/sites\/blogdaultimato\/files\/2016\/05\/BlogUlt_18_05_16_Davi_Ult.jpg\" alt=\"Mat\u00e9ria de capa da revista Ultimato 303 (Novembro-Dezembro 2006) sobre o rei Davi\" width=\"545\" height=\"409\" srcset=\"https:\/\/ultimato.com.br\/sites\/blogdaultimato\/files\/2016\/05\/BlogUlt_18_05_16_Davi_Ult.jpg 545w, https:\/\/ultimato.com.br\/sites\/blogdaultimato\/files\/2016\/05\/BlogUlt_18_05_16_Davi_Ult-300x225.jpg 300w, https:\/\/ultimato.com.br\/sites\/blogdaultimato\/files\/2016\/05\/BlogUlt_18_05_16_Davi_Ult-150x113.jpg 150w\" sizes=\"auto, (max-width: 545px) 100vw, 545px\" \/><\/a><p id=\"caption-attachment-7573\" class=\"wp-caption-text\">Mat\u00e9ria de capa da revista Ultimato 303 (Novembro-Dezembro 2006) sobre o rei Davi<\/p><\/div>\n<p>\u201cDavi era um homem formid\u00e1vel. Sou f\u00e3 dele\u201d. Assim o Pr. Elben C\u00e9sar come\u00e7ou sua lembran\u00e7a na devocional semanal para a equipe Ultimato nesta ter\u00e7a-feira, dia 17, sobre um dos personagens b\u00edblicos mais famosos e cativantes: o rei Davi. Ele trouxe um recorte da <a href=\"http:\/\/www.ultimato.com.br\/revista\/303\">revista <strong>Ultimato<\/strong> 303<\/a> de dez anos atr\u00e1s para mostrar as virtudes do \u201chomem segundo o cora\u00e7\u00e3o de Deus\u201d. Elben lembrou alguns feitos de Davi, entre eles, aquele epis\u00f3dio quando o futuro rei poderia ter matado seu antecessor ao trono, Saul, na caverna, mas, por respeito, o poupou. Lembrou-se tamb\u00e9m da honra que Davi dava a Deus em situa\u00e7\u00f5es cotidianas.<\/p>\n<p><a href=\"http:\/\/ultimato.com.br\/sites\/blogdaultimato\/files\/2016\/05\/BlogUlt_18_05_16_Rei_Davi.jpg\" class=\"lightview\" data-lightview-group=\"group-7572\" data-lightview-options=\"skin: 'dark', controls: 'relative', padding: '10', shadow: { color: '#000000', opacity: 0.08, blur: 3 }\"><img loading=\"lazy\" decoding=\"async\" class=\"alignright size-full wp-image-7574\" src=\"http:\/\/ultimato.com.br\/sites\/blogdaultimato\/files\/2016\/05\/BlogUlt_18_05_16_Rei_Davi.jpg\" alt=\"BlogUlt_18_05_16_Rei_Davi\" width=\"248\" height=\"372\" srcset=\"https:\/\/ultimato.com.br\/sites\/blogdaultimato\/files\/2016\/05\/BlogUlt_18_05_16_Rei_Davi.jpg 248w, https:\/\/ultimato.com.br\/sites\/blogdaultimato\/files\/2016\/05\/BlogUlt_18_05_16_Rei_Davi-200x300.jpg 200w, https:\/\/ultimato.com.br\/sites\/blogdaultimato\/files\/2016\/05\/BlogUlt_18_05_16_Rei_Davi-100x150.jpg 100w\" sizes=\"auto, (max-width: 248px) 100vw, 248px\" \/><\/a>A <a href=\"http:\/\/www.ultimato.com.br\/revista\/artigos\/303\/o-cartaz-de-davi-escrituras\">mat\u00e9ria de capa<\/a> da revista <strong>Ultimato<\/strong> 303 come\u00e7a assim:<\/p>\n<blockquote><p>Em toda a B\u00edblia n\u00e3o h\u00e1 outra pessoa de tanta notoriedade quanto Davi. Nem Abra\u00e3o, que Deus chama de \u201cmeu amigo\u201d (Is 41.8). Nem Mois\u00e9s, que preferiu sofrer o desprezo por causa do Messias a possuir todos os tesouros do Egito (Hb 11.26). Nem os grandes profetas, como Isa\u00edas e Jeremias, que gastaram todos os seus dias e todas as suas for\u00e7as para chamar de volta para Deus o povo eleito. Nem Paulo, o maior mission\u00e1rio e maior expositor do evangelho de todos os tempos.<br \/>\nA notoriedade de Davi nasce do seu relacionamento com Deus, o que se pode ver nas atitudes e nas composi\u00e7\u00f5es po\u00e9ticas e mel\u00f3dicas do ex-pastor de ovelhas. Tudo se resume nestas duas declara\u00e7\u00f5es que se completam: Davi \u00e9 o \u201chomem de Deus\u201d (2 Cr 8.14) e o Senhor \u00e9 o \u201cDeus de Davi\u201d (2 Rs 20.5).<\/p><\/blockquote>\n<p>\u201cDavi tem cartaz nas Escrituras e na minha mente. Ele cometeu pecados graves, mas tinha uma nobreza de esp\u00edrito, uma delicadeza\u201d, disse o Pr. Elben, que terminou sua medita\u00e7\u00e3o com a seguinte ora\u00e7\u00e3o:<\/p>\n<p>\u201cSenhor, d\u00e1-nos uma beleza de car\u00e1ter, uma delicadeza de esp\u00edrito. Opera em n\u00f3s!\u201d.<\/p>\n","protected":false},"excerpt":{"rendered":"<p>\u201cDavi era um homem formid\u00e1vel. Sou f\u00e3 dele\u201d. Assim o Pr. Elben C\u00e9sar come\u00e7ou sua lembran\u00e7a na devocional semanal para a equipe Ultimato nesta ter\u00e7a-feira, dia 17, sobre um dos personagens b\u00edblicos mais famosos e cativantes: o rei Davi. Ele trouxe um recorte da revista Ultimato 303 de dez anos atr\u00e1s para mostrar as virtudes [&#8230;]<\/p>\n","protected":false},"author":21,"featured_media":0,"comment_status":"open","ping_status":"open","sticky":false,"template":"","format":"standard","meta":{"ngg_post_thumbnail":0,"footnotes":""},"categories":[16246,6111],"tags":[16257,13869,5953,30117,154],"class_list":["post-7572","post","type-post","status-publish","format-standard","hentry","category-cafe-ultimato","category-ultimas-de-ca","tag-cafe-ultimato-2","tag-davi","tag-revista-ultimato","tag-revista-ultimato-303","tag-ultimato"],"_links":{"self":[{"href":"https:\/\/ultimato.com.br\/sites\/blogdaultimato\/wp-json\/wp\/v2\/posts\/7572","targetHints":{"allow":["GET"]}}],"collection":[{"href":"https:\/\/ultimato.com.br\/sites\/blogdaultimato\/wp-json\/wp\/v2\/posts"}],"about":[{"href":"https:\/\/ultimato.com.br\/sites\/blogdaultimato\/wp-json\/wp\/v2\/types\/post"}],"author":[{"embeddable":true,"href":"https:\/\/ultimato.com.br\/sites\/blogdaultimato\/wp-json\/wp\/v2\/users\/21"}],"replies":[{"embeddable":true,"href":"https:\/\/ultimato.com.br\/sites\/blogdaultimato\/wp-json\/wp\/v2\/comments?post=7572"}],"version-history":[{"count":3,"href":"https:\/\/ultimato.com.br\/sites\/blogdaultimato\/wp-json\/wp\/v2\/posts\/7572\/revisions"}],"predecessor-version":[{"id":7577,"href":"https:\/\/ultimato.com.br\/sites\/blogdaultimato\/wp-json\/wp\/v2\/posts\/7572\/revisions\/7577"}],"wp:attachment":[{"href":"https:\/\/ultimato.com.br\/sites\/blogdaultimato\/wp-json\/wp\/v2\/media?parent=7572"}],"wp:term":[{"taxonomy":"category","embeddable":true,"href":"https:\/\/ultimato.com.br\/sites\/blogdaultimato\/wp-json\/wp\/v2\/categories?post=7572"},{"taxonomy":"post_tag","embeddable":true,"href":"https:\/\/ultimato.com.br\/sites\/blogdaultimato\/wp-json\/wp\/v2\/tags?post=7572"}],"curies":[{"name":"wp","href":"https:\/\/api.w.org\/{rel}","templated":true}]}}