{"id":7506,"date":"2016-05-06T10:34:59","date_gmt":"2016-05-06T13:34:59","guid":{"rendered":"http:\/\/ultimato.com.br\/sites\/blogdaultimato\/?p=7506"},"modified":"2016-05-06T10:43:25","modified_gmt":"2016-05-06T13:43:25","slug":"ela-plantou-e-eu-colhi-doar-se","status":"publish","type":"post","link":"https:\/\/ultimato.com.br\/sites\/blogdaultimato\/2016\/05\/06\/ela-plantou-e-eu-colhi-doar-se\/","title":{"rendered":"Ela plantou e eu colhi \u201cdoar-se\u201d"},"content":{"rendered":"<div id=\"attachment_7507\" style=\"width: 610px\" class=\"wp-caption aligncenter\"><a href=\"http:\/\/ultimato.com.br\/sites\/blogdaultimato\/files\/2016\/05\/diadasmaes2016_2baixa-Copia-e1462541598917.jpg\" class=\"lightview\" data-lightview-group=\"group-7506\" data-lightview-options=\"skin: 'dark', controls: 'relative', padding: '10', shadow: { color: '#000000', opacity: 0.08, blur: 3 }\" rel=\"attachment wp-att-7507\"><img loading=\"lazy\" decoding=\"async\" aria-describedby=\"caption-attachment-7507\" class=\"size-full wp-image-7507\" src=\"http:\/\/ultimato.com.br\/sites\/blogdaultimato\/files\/2016\/05\/diadasmaes2016_2baixa-Copia-e1462541598917.jpg\" alt=\"\u201cQuando produzi essa ilustra\u00e7\u00e3o, eu tinha em mente sentimentos e valores que minha m\u00e3e me passou\u201d, diz Marcelo Bittencourt\" width=\"600\" height=\"689\" \/><\/a><p id=\"caption-attachment-7507\" class=\"wp-caption-text\">\u201cQuando produzi essa ilustra\u00e7\u00e3o, eu tinha em mente sentimentos e valores que minha m\u00e3e me passou\u201d, diz Marcelo Bittencourt<\/p><\/div>\n<p><strong><span style=\"color: #ff6600;\">ESPECIAL &#8211; Dia das M\u00e3es<\/span> <\/strong><\/p>\n<p>O artista de artes visuais Marcelo Bittencourt mora em Curitiba e tem uma imensa gratid\u00e3o pelo que sua m\u00e3e Maria Herm\u00ednia ensinou a ele (n\u00e3o muito com palavras, mas com a\u00e7\u00f5es). Al\u00e9m de criar uma ilustra\u00e7\u00e3o exclusiva para este portal e de outra que j\u00e1 estava pronta, Bittencourt tamb\u00e9m fez quest\u00e3o de falar um pouco da hist\u00f3ria da sua m\u00e3e:<\/p>\n<div id=\"attachment_7509\" style=\"width: 411px\" class=\"wp-caption alignright\"><a href=\"http:\/\/ultimato.com.br\/sites\/blogdaultimato\/files\/2016\/05\/OPi_06_05_16_Maae_Marcelo.jpg\" class=\"lightview\" data-lightview-group=\"group-7506\" data-lightview-options=\"skin: 'dark', controls: 'relative', padding: '10', shadow: { color: '#000000', opacity: 0.08, blur: 3 }\" rel=\"attachment wp-att-7509\"><img loading=\"lazy\" decoding=\"async\" aria-describedby=\"caption-attachment-7509\" class=\"wp-image-7509 size-full\" src=\"http:\/\/ultimato.com.br\/sites\/blogdaultimato\/files\/2016\/05\/OPi_06_05_16_Maae_Marcelo.jpg\" alt=\"OPi_06_05_16_Maae_Marcelo\" width=\"401\" height=\"401\" srcset=\"https:\/\/ultimato.com.br\/sites\/blogdaultimato\/files\/2016\/05\/OPi_06_05_16_Maae_Marcelo.jpg 401w, https:\/\/ultimato.com.br\/sites\/blogdaultimato\/files\/2016\/05\/OPi_06_05_16_Maae_Marcelo-150x150.jpg 150w, https:\/\/ultimato.com.br\/sites\/blogdaultimato\/files\/2016\/05\/OPi_06_05_16_Maae_Marcelo-300x300.jpg 300w, https:\/\/ultimato.com.br\/sites\/blogdaultimato\/files\/2016\/05\/OPi_06_05_16_Maae_Marcelo-80x80.jpg 80w\" sizes=\"auto, (max-width: 401px) 100vw, 401px\" \/><\/a><p id=\"caption-attachment-7509\" class=\"wp-caption-text\">Ilustra\u00e7\u00e3o de Marcelo Bittencourt retrata o bom humor na rela\u00e7\u00e3o m\u00e3e e filho<\/p><\/div>\n<blockquote><p>Acho que um dos valores mais fortes que minha m\u00e3e Maria Herm\u00ednia me passou de maneira bem natural foi o \u201cdoar-se\u201d. Minha m\u00e3e veio de uma fam\u00edlia com muitas dificuldades financeiras. Ela trabalhava para pagar a faculdade e ajudar no sustento da casa. Mas sempre se envolveu com projetos da igreja e projetos sociais.<\/p>\n<p>Em S\u00e3o Paulo, nossa cidade natal, lembro de que ela sempre me levava ao Projeto Tiago, um projeto que trabalhava no contraturno de meninas bastante carentes. Minha m\u00e3e nos levava, eu e meu irm\u00e3o, para esse Projeto, enquanto dividia seu tempo conosco e com as meninas. N\u00e3o foram poucas as vezes em que ela levava as meninas e pessoas das fam\u00edlias dela ao seu consult\u00f3rio odontol\u00f3gico onde oferecia servi\u00e7os gratuitos. Muitas vezes o tempo tomado com o projeto social sobrepunha ao seu trabalho remunerado. Se ela pudesse \u201ccortar da pr\u00f3pria carne\u201d e dar para aquelas meninas, ela faria. Minha m\u00e3e nunca fez discurso de que precisamos nos doar. N\u00e3o me lembro disso. Mas me lembro das atitudes dela. Me lembro de ter ci\u00fames, quando pequeno, por\u00e9m mais tarde eu pude entender o quanto era importante ela se conectar e se doar para aquelas vidas preciosas. Minha m\u00e3e sempre se doou, n\u00e3o somente por mim ou meu irm\u00e3o, mas pelos mais carentes.<\/p><\/blockquote>\n","protected":false},"excerpt":{"rendered":"<p>ESPECIAL &#8211; Dia das M\u00e3es<br \/>\nO artista de artes visuais Marcelo Bittencourt mora em Curitiba e tem uma imensa gratid\u00e3o pelo que sua m\u00e3e Maria Herm\u00ednia ensinou a ele (n\u00e3o muito com palavras, mas com a\u00e7\u00f5es). Al\u00e9m de criar uma ilustra\u00e7\u00e3o exclusiva para este portal e de outra que j\u00e1 estava pronta, Bittencourt tamb\u00e9m fez [&#8230;]<\/p>\n","protected":false},"author":21,"featured_media":0,"comment_status":"open","ping_status":"open","sticky":false,"template":"","format":"standard","meta":{"ngg_post_thumbnail":0,"footnotes":""},"categories":[9538,4230],"tags":[33,30108,30110,28473,5732,8449],"class_list":["post-7506","post","type-post","status-publish","format-standard","hentry","category-fotos-multimidia","category-multimidia","tag-arte","tag-dia-das-maes","tag-ilustracao","tag-ilustracoes","tag-mae","tag-maes"],"_links":{"self":[{"href":"https:\/\/ultimato.com.br\/sites\/blogdaultimato\/wp-json\/wp\/v2\/posts\/7506","targetHints":{"allow":["GET"]}}],"collection":[{"href":"https:\/\/ultimato.com.br\/sites\/blogdaultimato\/wp-json\/wp\/v2\/posts"}],"about":[{"href":"https:\/\/ultimato.com.br\/sites\/blogdaultimato\/wp-json\/wp\/v2\/types\/post"}],"author":[{"embeddable":true,"href":"https:\/\/ultimato.com.br\/sites\/blogdaultimato\/wp-json\/wp\/v2\/users\/21"}],"replies":[{"embeddable":true,"href":"https:\/\/ultimato.com.br\/sites\/blogdaultimato\/wp-json\/wp\/v2\/comments?post=7506"}],"version-history":[{"count":5,"href":"https:\/\/ultimato.com.br\/sites\/blogdaultimato\/wp-json\/wp\/v2\/posts\/7506\/revisions"}],"predecessor-version":[{"id":7513,"href":"https:\/\/ultimato.com.br\/sites\/blogdaultimato\/wp-json\/wp\/v2\/posts\/7506\/revisions\/7513"}],"wp:attachment":[{"href":"https:\/\/ultimato.com.br\/sites\/blogdaultimato\/wp-json\/wp\/v2\/media?parent=7506"}],"wp:term":[{"taxonomy":"category","embeddable":true,"href":"https:\/\/ultimato.com.br\/sites\/blogdaultimato\/wp-json\/wp\/v2\/categories?post=7506"},{"taxonomy":"post_tag","embeddable":true,"href":"https:\/\/ultimato.com.br\/sites\/blogdaultimato\/wp-json\/wp\/v2\/tags?post=7506"}],"curies":[{"name":"wp","href":"https:\/\/api.w.org\/{rel}","templated":true}]}}