{"id":7489,"date":"2016-05-02T16:08:22","date_gmt":"2016-05-02T19:08:22","guid":{"rendered":"http:\/\/ultimato.com.br\/sites\/blogdaultimato\/?p=7489"},"modified":"2016-05-03T08:48:50","modified_gmt":"2016-05-03T11:48:50","slug":"ultimato-so-pra-mim-de-jeito-nenhum","status":"publish","type":"post","link":"https:\/\/ultimato.com.br\/sites\/blogdaultimato\/2016\/05\/02\/ultimato-so-pra-mim-de-jeito-nenhum\/","title":{"rendered":"Ultimato s\u00f3 pra mim? De jeito nenhum!"},"content":{"rendered":"<p><a href=\"http:\/\/ultimato.com.br\/sites\/blogdaultimato\/files\/2014\/06\/selo_acoes_ministeriais.jpg\" class=\"lightview\" data-lightview-group=\"group-7489\" data-lightview-options=\"skin: 'dark', controls: 'relative', padding: '10', shadow: { color: '#000000', opacity: 0.08, blur: 3 }\" rel=\"attachment wp-att-5637\"><img loading=\"lazy\" decoding=\"async\" class=\"aligncenter size-full wp-image-5637\" src=\"http:\/\/ultimato.com.br\/sites\/blogdaultimato\/files\/2014\/06\/selo_acoes_ministeriais.jpg\" alt=\"selo_acoes_ministeriais\" width=\"662\" height=\"127\" \/><\/a><\/p>\n<p><span style=\"color: #993300;\"><em>Por Ariane Gomes<\/em><\/span><\/p>\n<p><a href=\"http:\/\/ultimato.com.br\/sites\/blogdaultimato\/files\/2016\/05\/Carlos_Bonfa_Ultimato_SaloesBeleza_1.jpg\" class=\"lightview\" data-lightview-group=\"group-7489\" data-lightview-options=\"skin: 'dark', controls: 'relative', padding: '10', shadow: { color: '#000000', opacity: 0.08, blur: 3 }\" rel=\"attachment wp-att-7492\"><img loading=\"lazy\" decoding=\"async\" class=\"size-full wp-image-7492 alignright\" src=\"http:\/\/ultimato.com.br\/sites\/blogdaultimato\/files\/2016\/05\/Carlos_Bonfa_Ultimato_SaloesBeleza_1.jpg\" alt=\"Carlos_Bonfa_Ultimato_SaloesBeleza_1\" width=\"349\" height=\"262\" srcset=\"https:\/\/ultimato.com.br\/sites\/blogdaultimato\/files\/2016\/05\/Carlos_Bonfa_Ultimato_SaloesBeleza_1.jpg 349w, https:\/\/ultimato.com.br\/sites\/blogdaultimato\/files\/2016\/05\/Carlos_Bonfa_Ultimato_SaloesBeleza_1-300x225.jpg 300w, https:\/\/ultimato.com.br\/sites\/blogdaultimato\/files\/2016\/05\/Carlos_Bonfa_Ultimato_SaloesBeleza_1-150x113.jpg 150w\" sizes=\"auto, (max-width: 349px) 100vw, 349px\" \/><\/a>Alguns assinantes da revista <strong>Ultimato,<\/strong> n\u00e3o satisfeitos em manter o conte\u00fado dela apenas para si, t\u00eam se desdobrado para compartilh\u00e1-lo nos quatro cantos da cidade onde vivem. Por causa desse esfor\u00e7o, a revista tem passado de m\u00e3o em m\u00e3o entre vizinhos, amigos e familiares e ido parar em mercados, escolas, farm\u00e1cias e at\u00e9 sal\u00f5es de beleza.<\/p>\n<p>Carlos Bonf\u00e1, morador de Belo Horizonte, MG, contou-nos em mensagem recente que al\u00e9m de entregar a revista a vizinhos e amigos, ele firmou um novo prop\u00f3sito, j\u00e1 em curso: entregar <strong>Ultimato<\/strong> \u00e0s pessoas que frequentam os sal\u00f5es de beleza na capital mineira.<\/p>\n<p>\u201cMais de seis mil sal\u00f5es em Belo Horizonte s\u00e3o visitados diariamente por um sem n\u00famero de pessoas. Enquanto tratam a pele e os cabelos, elas leem (nem sempre uma boa literatura). Queremos levar <strong>Ultimato<\/strong>, que \u00e9 um excelente instrumento na proclama\u00e7\u00e3o do Evangelho, para esse p\u00fablico. Comprei um carro no m\u00eas passado, que trouxe mais mobilidade e agilidade ao trabalho e, consequentemente, est\u00e1 melhorando a distribui\u00e7\u00e3o da revista\u201d, conta Bonf\u00e1.<\/p>\n<p><a href=\"http:\/\/ultimato.com.br\/sites\/blogdaultimato\/files\/2016\/05\/Carlos_Bonfa_Ultimato_SaloesBeleza_2.jpg\" class=\"lightview\" data-lightview-group=\"group-7489\" data-lightview-options=\"skin: 'dark', controls: 'relative', padding: '10', shadow: { color: '#000000', opacity: 0.08, blur: 3 }\" rel=\"attachment wp-att-7493\"><img loading=\"lazy\" decoding=\"async\" class=\"wp-image-7493 size-full alignright\" src=\"http:\/\/ultimato.com.br\/sites\/blogdaultimato\/files\/2016\/05\/Carlos_Bonfa_Ultimato_SaloesBeleza_2.jpg\" alt=\"\" width=\"282\" height=\"211\" srcset=\"https:\/\/ultimato.com.br\/sites\/blogdaultimato\/files\/2016\/05\/Carlos_Bonfa_Ultimato_SaloesBeleza_2.jpg 282w, https:\/\/ultimato.com.br\/sites\/blogdaultimato\/files\/2016\/05\/Carlos_Bonfa_Ultimato_SaloesBeleza_2-150x112.jpg 150w\" sizes=\"auto, (max-width: 282px) 100vw, 282px\" \/><\/a><\/p>\n<p>Toninho e L\u00e9a, moradores de Rio Pomba, MG, n\u00e3o ficam atr\u00e1s. A distribui\u00e7\u00e3o da revista feita por eles j\u00e1 tem surtido efeitos: um lojista voltou a ler a B\u00edblia para recordar a hist\u00f3ria de Deus e seu povo; um aluno usou um artigo da revista em trabalho escolar; um padre lembrou com saudade que quando era membro da C\u00faria de Leopoldina, MG, recebia gratuitamente a revista; uma dona de farm\u00e1cia que, enquanto aguarda a chegada dos clientes, passa bem melhor o seu tempo lendo <strong>Ultimato<\/strong>. Segundo L\u00e9a, \u201ca dona da farm\u00e1cia l\u00ea com entusiasmo e disse que j\u00e1 fazia tempo que n\u00e3o lia conte\u00fado t\u00e3o bom\u201d e \u201calguns consult\u00f3rios m\u00e9dicos e sal\u00f5es de beleza da cidade tamb\u00e9m querem receber a revista!\u201d.<\/p>\n<p>Al\u00e9m da espont\u00e2nea e simp\u00e1tica iniciativa desses assinantes ao distribuir a <strong>Ultimato<\/strong>, bimestralmente, cerca de 4.500 exemplares da revista s\u00e3o graciosamente enviados a centros esp\u00edritas, emissoras de r\u00e1dio, cl\u00ednicas, hospitais, casas de recupera\u00e7\u00e3o, ag\u00eancias de assist\u00eancia a idosos, mulheres, crian\u00e7as, a presidi\u00e1rios, estabelecimentos de ensino, bibliotecas, associa\u00e7\u00f5es comerciais, par\u00f3quias cat\u00f3licas, mission\u00e1rios e outros minist\u00e9rios. Essa a\u00e7\u00e3o \u00e9 poss\u00edvel, entre outras coisas, gra\u00e7as ao apoio de assinantes que, al\u00e9m da pr\u00f3pria assinatura, patrocinam outras.<\/p>\n<p>Se como Carlos, Toninho e L\u00e9a voc\u00ea tamb\u00e9m quer que o conte\u00fado de <strong>Ultimato<\/strong> seja amplamente divulgado, h\u00e1 duas maneiras de participar:<\/p>\n<ol>\n<li>Patrocine assinaturas para serem enviadas a diferentes minist\u00e9rios. Saiba como patrocinar <a href=\"http:\/\/ultimato.com.br\/revista\/assinatura-patrocinada\" target=\"_blank\">aqui<\/a>.<\/li>\n<\/ol>\n<ol start=\"2\">\n<li>Envie uma mensagem para atendimento@ultimato.com.br solicitando exemplares <strong>antigos<\/strong> da revista para serem distribu\u00eddos em sua cidade. N\u00f3s doaremos um pacote com 10 exemplares da revista como cortesia e voc\u00ea fica respons\u00e1vel pelo frete.<\/li>\n<\/ol>\n<p>&nbsp;<\/p>\n<p>\u2022 <strong>Ariane Gomes<\/strong> \u00e9 respons\u00e1vel pelos projetos ligados \u00e0s a\u00e7\u00f5es ministeriais da Ultimato.<\/p>\n<p>&nbsp;<\/p>\n<p>&nbsp;<\/p>\n","protected":false},"excerpt":{"rendered":"<p>Por Ariane Gomes<br \/>\nAlguns assinantes da revista Ultimato, n\u00e3o satisfeitos em manter o conte\u00fado dela apenas para si, t\u00eam se desdobrado para compartilh\u00e1-lo nos quatro cantos da cidade onde vivem. Por causa desse esfor\u00e7o, a revista tem passado de m\u00e3o em m\u00e3o entre vizinhos, amigos e familiares e ido parar em mercados, escolas, farm\u00e1cias e at\u00e9 [&#8230;]<\/p>\n","protected":false},"author":21,"featured_media":0,"comment_status":"open","ping_status":"open","sticky":false,"template":"","format":"standard","meta":{"ngg_post_thumbnail":0,"footnotes":""},"categories":[22790,6111],"tags":[19284,5953],"class_list":["post-7489","post","type-post","status-publish","format-standard","hentry","category-acoes-ministeriais-ultimas-de-ca","category-ultimas-de-ca","tag-acoes-ministeriais","tag-revista-ultimato"],"_links":{"self":[{"href":"https:\/\/ultimato.com.br\/sites\/blogdaultimato\/wp-json\/wp\/v2\/posts\/7489","targetHints":{"allow":["GET"]}}],"collection":[{"href":"https:\/\/ultimato.com.br\/sites\/blogdaultimato\/wp-json\/wp\/v2\/posts"}],"about":[{"href":"https:\/\/ultimato.com.br\/sites\/blogdaultimato\/wp-json\/wp\/v2\/types\/post"}],"author":[{"embeddable":true,"href":"https:\/\/ultimato.com.br\/sites\/blogdaultimato\/wp-json\/wp\/v2\/users\/21"}],"replies":[{"embeddable":true,"href":"https:\/\/ultimato.com.br\/sites\/blogdaultimato\/wp-json\/wp\/v2\/comments?post=7489"}],"version-history":[{"count":4,"href":"https:\/\/ultimato.com.br\/sites\/blogdaultimato\/wp-json\/wp\/v2\/posts\/7489\/revisions"}],"predecessor-version":[{"id":7495,"href":"https:\/\/ultimato.com.br\/sites\/blogdaultimato\/wp-json\/wp\/v2\/posts\/7489\/revisions\/7495"}],"wp:attachment":[{"href":"https:\/\/ultimato.com.br\/sites\/blogdaultimato\/wp-json\/wp\/v2\/media?parent=7489"}],"wp:term":[{"taxonomy":"category","embeddable":true,"href":"https:\/\/ultimato.com.br\/sites\/blogdaultimato\/wp-json\/wp\/v2\/categories?post=7489"},{"taxonomy":"post_tag","embeddable":true,"href":"https:\/\/ultimato.com.br\/sites\/blogdaultimato\/wp-json\/wp\/v2\/tags?post=7489"}],"curies":[{"name":"wp","href":"https:\/\/api.w.org\/{rel}","templated":true}]}}