{"id":7482,"date":"2016-04-29T08:50:47","date_gmt":"2016-04-29T11:50:47","guid":{"rendered":"http:\/\/ultimato.com.br\/sites\/blogdaultimato\/?p=7482"},"modified":"2016-04-29T09:47:15","modified_gmt":"2016-04-29T12:47:15","slug":"adivinha-quem-veio-para-o-cafe-carlinhos-veiga","status":"publish","type":"post","link":"https:\/\/ultimato.com.br\/sites\/blogdaultimato\/2016\/04\/29\/adivinha-quem-veio-para-o-cafe-carlinhos-veiga\/","title":{"rendered":"Adivinha quem veio para o caf\u00e9? Carlinhos Veiga"},"content":{"rendered":"<div id=\"attachment_7483\" style=\"width: 509px\" class=\"wp-caption aligncenter\"><a href=\"http:\/\/ultimato.com.br\/sites\/blogdaultimato\/files\/2016\/04\/BlogUlt_29_04_16_Carlinhos_Veiga.jpg\" class=\"lightview\" data-lightview-group=\"group-7482\" data-lightview-options=\"skin: 'dark', controls: 'relative', padding: '10', shadow: { color: '#000000', opacity: 0.08, blur: 3 }\" rel=\"attachment wp-att-7483\"><img loading=\"lazy\" decoding=\"async\" aria-describedby=\"caption-attachment-7483\" class=\"size-full wp-image-7483\" src=\"http:\/\/ultimato.com.br\/sites\/blogdaultimato\/files\/2016\/04\/BlogUlt_29_04_16_Carlinhos_Veiga.jpg\" alt=\"Carlinhos Veiga (ao fundo) canta para a equipe da Ultimato\" width=\"499\" height=\"333\" srcset=\"https:\/\/ultimato.com.br\/sites\/blogdaultimato\/files\/2016\/04\/BlogUlt_29_04_16_Carlinhos_Veiga.jpg 499w, https:\/\/ultimato.com.br\/sites\/blogdaultimato\/files\/2016\/04\/BlogUlt_29_04_16_Carlinhos_Veiga-300x200.jpg 300w, https:\/\/ultimato.com.br\/sites\/blogdaultimato\/files\/2016\/04\/BlogUlt_29_04_16_Carlinhos_Veiga-150x100.jpg 150w\" sizes=\"auto, (max-width: 499px) 100vw, 499px\" \/><\/a><p id=\"caption-attachment-7483\" class=\"wp-caption-text\">Carlinhos Veiga (ao fundo) canta para a equipe da Ultimato<\/p><\/div>\n<p>Na manh\u00e3 desta quarta-feira (27\/04) recebemos no caf\u00e9 da Ultimato o m\u00fasico e pastor Carlinhos Veiga. Carlinhos \u00e9 colunista h\u00e1 quase 15 anos da se\u00e7\u00e3o \u201cNovos Acordes\u201d, da revista <strong>Ultimato<\/strong>, al\u00e9m de <a href=\"http:\/\/ultimato.com.br\/sites\/carlinhosveiga\/\">blogueiro<\/a> em nosso portal. Ele veio acompanhado de sua esposa, Cl\u00e1udia Veiga, e dos amigos Richard Werner (diretor da Editora Palavra) e sua esposa Nanny.<\/p>\n<p>O caf\u00e9 foi recheado de prosa agrad\u00e1vel e boa m\u00fasica. Carlinhos tocou can\u00e7\u00f5es de seu novo disco <a href=\"http:\/\/www.carlinhosveiga.com\/\">Aurora Me Raiou<\/a>. Compartilhando sobre seu atual momento de vida e explicando o motivo por ter escrito a can\u00e7\u00e3o \u201cTempo e Eternidade\u201d, ele lembrou-se do livro <a href=\"http:\/\/www.ultimato.com.br\/loja\/produtos\/e-preciso-saber-envelhecer\">\u00c9 Preciso Saber Envelhecer<\/a>, de Paul Tournier. \u201cA gente come\u00e7a a perceber as fraquezas f\u00edsicas, os filhos saem de casa e agora sou av\u00f4. Esta can\u00e7\u00e3o veio neste momento de reflex\u00e3o sobre minha vida e na leitura do Salmo 90 escrito por Mois\u00e9s\u201d.<\/p>\n<p>Carlinhos tamb\u00e9m almo\u00e7ou com alguns diretores da Ultimato e depois visitou o Pr. Elben C\u00e9sar e sua esposa Djanira, que se recupera de uma cirurgia no f\u00eamur.<\/p>\n<div id=\"attachment_7484\" style=\"width: 428px\" class=\"wp-caption aligncenter\"><a href=\"http:\/\/ultimato.com.br\/sites\/blogdaultimato\/files\/2016\/04\/BlogUlt_29_04_16_Carlinhos_instagram.jpg\" class=\"lightview\" data-lightview-group=\"group-7482\" data-lightview-options=\"skin: 'dark', controls: 'relative', padding: '10', shadow: { color: '#000000', opacity: 0.08, blur: 3 }\" rel=\"attachment wp-att-7484\"><img loading=\"lazy\" decoding=\"async\" aria-describedby=\"caption-attachment-7484\" class=\"size-full wp-image-7484\" src=\"http:\/\/ultimato.com.br\/sites\/blogdaultimato\/files\/2016\/04\/BlogUlt_29_04_16_Carlinhos_instagram.jpg\" alt=\"Visitando o escrit\u00f3rio do Pr. Elben Lenz C\u00e9sar\" width=\"418\" height=\"416\" srcset=\"https:\/\/ultimato.com.br\/sites\/blogdaultimato\/files\/2016\/04\/BlogUlt_29_04_16_Carlinhos_instagram.jpg 418w, https:\/\/ultimato.com.br\/sites\/blogdaultimato\/files\/2016\/04\/BlogUlt_29_04_16_Carlinhos_instagram-150x150.jpg 150w, https:\/\/ultimato.com.br\/sites\/blogdaultimato\/files\/2016\/04\/BlogUlt_29_04_16_Carlinhos_instagram-300x300.jpg 300w, https:\/\/ultimato.com.br\/sites\/blogdaultimato\/files\/2016\/04\/BlogUlt_29_04_16_Carlinhos_instagram-80x80.jpg 80w\" sizes=\"auto, (max-width: 418px) 100vw, 418px\" \/><\/a><p id=\"caption-attachment-7484\" class=\"wp-caption-text\">Visitando o escrit\u00f3rio do Pr. Elben C\u00e9sar. Fonte: Instagram\/Carlinhos Veiga<\/p><\/div>\n<p>&nbsp;<\/p>\n","protected":false},"excerpt":{"rendered":"<p>Na manh\u00e3 desta quarta-feira (27\/04) recebemos no caf\u00e9 da Ultimato o m\u00fasico e pastor Carlinhos Veiga. Carlinhos \u00e9 colunista h\u00e1 quase 15 anos da se\u00e7\u00e3o \u201cNovos Acordes\u201d, da revista Ultimato, al\u00e9m de blogueiro em nosso portal. Ele veio acompanhado de sua esposa, Cl\u00e1udia Veiga, e dos amigos Richard Werner (diretor da Editora Palavra) e sua [&#8230;]<\/p>\n","protected":false},"author":21,"featured_media":0,"comment_status":"open","ping_status":"open","sticky":false,"template":"","format":"standard","meta":{"ngg_post_thumbnail":0,"footnotes":""},"categories":[16246,6111],"tags":[30077,16257,35,18],"class_list":["post-7482","post","type-post","status-publish","format-standard","hentry","category-cafe-ultimato","category-ultimas-de-ca","tag-adivinha-que-veio-para-o-cafe","tag-cafe-ultimato-2","tag-carlinhos-veiga","tag-musica"],"_links":{"self":[{"href":"https:\/\/ultimato.com.br\/sites\/blogdaultimato\/wp-json\/wp\/v2\/posts\/7482","targetHints":{"allow":["GET"]}}],"collection":[{"href":"https:\/\/ultimato.com.br\/sites\/blogdaultimato\/wp-json\/wp\/v2\/posts"}],"about":[{"href":"https:\/\/ultimato.com.br\/sites\/blogdaultimato\/wp-json\/wp\/v2\/types\/post"}],"author":[{"embeddable":true,"href":"https:\/\/ultimato.com.br\/sites\/blogdaultimato\/wp-json\/wp\/v2\/users\/21"}],"replies":[{"embeddable":true,"href":"https:\/\/ultimato.com.br\/sites\/blogdaultimato\/wp-json\/wp\/v2\/comments?post=7482"}],"version-history":[{"count":4,"href":"https:\/\/ultimato.com.br\/sites\/blogdaultimato\/wp-json\/wp\/v2\/posts\/7482\/revisions"}],"predecessor-version":[{"id":7488,"href":"https:\/\/ultimato.com.br\/sites\/blogdaultimato\/wp-json\/wp\/v2\/posts\/7482\/revisions\/7488"}],"wp:attachment":[{"href":"https:\/\/ultimato.com.br\/sites\/blogdaultimato\/wp-json\/wp\/v2\/media?parent=7482"}],"wp:term":[{"taxonomy":"category","embeddable":true,"href":"https:\/\/ultimato.com.br\/sites\/blogdaultimato\/wp-json\/wp\/v2\/categories?post=7482"},{"taxonomy":"post_tag","embeddable":true,"href":"https:\/\/ultimato.com.br\/sites\/blogdaultimato\/wp-json\/wp\/v2\/tags?post=7482"}],"curies":[{"name":"wp","href":"https:\/\/api.w.org\/{rel}","templated":true}]}}