{"id":7472,"date":"2016-04-18T15:07:52","date_gmt":"2016-04-18T18:07:52","guid":{"rendered":"http:\/\/ultimato.com.br\/sites\/blogdaultimato\/?p=7472"},"modified":"2016-04-18T15:23:23","modified_gmt":"2016-04-18T18:23:23","slug":"nenhum-rei-nenhum-politico-se-salva","status":"publish","type":"post","link":"https:\/\/ultimato.com.br\/sites\/blogdaultimato\/2016\/04\/18\/nenhum-rei-nenhum-politico-se-salva\/","title":{"rendered":"Nenhum rei [nenhum pol\u00edtico] se salva"},"content":{"rendered":"<p><a href=\"http:\/\/ultimato.com.br\/sites\/blogdaultimato\/files\/2016\/04\/imag_brasilia_muro.jpg\" class=\"lightview\" data-lightview-group=\"group-7472\" data-lightview-options=\"skin: 'dark', controls: 'relative', padding: '10', shadow: { color: '#000000', opacity: 0.08, blur: 3 }\" rel=\"attachment wp-att-7475\"><img loading=\"lazy\" decoding=\"async\" class=\"alignleft size-full wp-image-7475\" src=\"http:\/\/ultimato.com.br\/sites\/blogdaultimato\/files\/2016\/04\/imag_brasilia_muro.jpg\" alt=\"imag_brasilia_muro\" width=\"750\" height=\"369\" srcset=\"https:\/\/ultimato.com.br\/sites\/blogdaultimato\/files\/2016\/04\/imag_brasilia_muro.jpg 750w, https:\/\/ultimato.com.br\/sites\/blogdaultimato\/files\/2016\/04\/imag_brasilia_muro-300x148.jpg 300w, https:\/\/ultimato.com.br\/sites\/blogdaultimato\/files\/2016\/04\/imag_brasilia_muro-150x74.jpg 150w\" sizes=\"auto, (max-width: 750px) 100vw, 750px\" \/><\/a><span style=\"color: #808000;\">Grades come\u00e7am a ser retiradas da Esplanada dos Minist\u00e9rios (Foto: Ag\u00eancia Brasil)<\/span><\/p>\n<p>Um presidente com possibilidades reais de ser retirado do cargo antes do t\u00e9rmino do seu mandato. Poucas vezes isso aconteceu no Brasil. A \u00faltima foi com o ex-presidente Collor, h\u00e1 25 anos. Talvez a juventude crist\u00e3 n\u00e3o se lembre. No entanto, diferente de 1992, nem o Brasil nem a igreja s\u00e3o un\u00e2nimes sobre o processo de impeachment da presidente Dilma.<\/p>\n<p>N\u00e3o \u00e9 raro encontrar crist\u00e3os com palavras e abomina\u00e7\u00f5es de toda esp\u00e9cie nas redes sociais por causa do assunto. Na semana passada fomos confrontados por um irm\u00e3o de longa data, desafiando-nos a \u201csair de cima do muro\u201d.<\/p>\n<p>N\u00e3o queremos criar plateias e nem pretendemos separar o joio do trigo. Mais importante do que estar de um lado ou de outro, \u00e9 n\u00e3o distorcer as palavras, a hist\u00f3ria e motiva\u00e7\u00f5es daqueles cujas convic\u00e7\u00f5es n\u00e3o compartilhamos.<\/p>\n<p>N\u00e3o afirmamos nossa opini\u00e3o pol\u00edtica com a mesma for\u00e7a com que proclamamos as verdades b\u00edblicas. N\u00e3o queremos organiza\u00e7\u00f5es crist\u00e3s e igrejas rachadas pelo dogmatismo das opini\u00f5es, exatamente porque reconhecemos a natureza contingente da pol\u00edtica.<\/p>\n<p>Queremos melhorar o n\u00edvel do debate. Um debate inteligente, sereno e respeitoso, sem excomunh\u00e3o m\u00fatua. Precisamos de evang\u00e9licos s\u00e9rios pensantes em todos os pontos do espectro pol\u00edtico.<\/p>\n<p>Continuamos pregando o evangelho todo ao homem todo e apoiando as a\u00e7\u00f5es de justi\u00e7a da igreja. Ao mesmo tempo, oramos para que nem pol\u00edticos oportunistas defendendo o impeachment nem devotos ideol\u00f3gicos gritando \u201cn\u00e3o vai ter golpe\u201d sejam os verdadeiros protagonistas deste processo sens\u00edvel e delicado. Uma democracia robusta precisa de um governo forte e respons\u00e1vel e uma oposi\u00e7\u00e3o forte e respons\u00e1vel.<\/p>\n<p>Enfim, fazemos coro com o salmista: \u201cNenhum rei [nenhum pol\u00edtico] se salva pelo tamanho do seu ex\u00e9rcito; nenhum guerreiro escapa por sua grande for\u00e7a. [&#8230;] Nossa esperan\u00e7a est\u00e1 no Senhor; ele \u00e9 o nosso aux\u00edlio e a nossa prote\u00e7\u00e3o\u201d (Sl 33.16, 20).<\/p>\n","protected":false},"excerpt":{"rendered":"<p>Grades come\u00e7am a ser retiradas da Esplanada dos Minist\u00e9rios (Foto: Ag\u00eancia Brasil)<br \/>\nUm presidente com possibilidades reais de ser retirado do cargo antes do t\u00e9rmino do seu mandato. Poucas vezes isso aconteceu no Brasil. A \u00faltima foi com o ex-presidente Collor, h\u00e1 25 anos. Talvez a juventude crist\u00e3 n\u00e3o se lembre. No entanto, diferente de 1992, [&#8230;]<\/p>\n","protected":false},"author":6,"featured_media":0,"comment_status":"open","ping_status":"open","sticky":false,"template":"","format":"standard","meta":{"ngg_post_thumbnail":0,"footnotes":""},"categories":[9536],"tags":[],"class_list":["post-7472","post","type-post","status-publish","format-standard","hentry","category-do-editor"],"_links":{"self":[{"href":"https:\/\/ultimato.com.br\/sites\/blogdaultimato\/wp-json\/wp\/v2\/posts\/7472","targetHints":{"allow":["GET"]}}],"collection":[{"href":"https:\/\/ultimato.com.br\/sites\/blogdaultimato\/wp-json\/wp\/v2\/posts"}],"about":[{"href":"https:\/\/ultimato.com.br\/sites\/blogdaultimato\/wp-json\/wp\/v2\/types\/post"}],"author":[{"embeddable":true,"href":"https:\/\/ultimato.com.br\/sites\/blogdaultimato\/wp-json\/wp\/v2\/users\/6"}],"replies":[{"embeddable":true,"href":"https:\/\/ultimato.com.br\/sites\/blogdaultimato\/wp-json\/wp\/v2\/comments?post=7472"}],"version-history":[{"count":5,"href":"https:\/\/ultimato.com.br\/sites\/blogdaultimato\/wp-json\/wp\/v2\/posts\/7472\/revisions"}],"predecessor-version":[{"id":7478,"href":"https:\/\/ultimato.com.br\/sites\/blogdaultimato\/wp-json\/wp\/v2\/posts\/7472\/revisions\/7478"}],"wp:attachment":[{"href":"https:\/\/ultimato.com.br\/sites\/blogdaultimato\/wp-json\/wp\/v2\/media?parent=7472"}],"wp:term":[{"taxonomy":"category","embeddable":true,"href":"https:\/\/ultimato.com.br\/sites\/blogdaultimato\/wp-json\/wp\/v2\/categories?post=7472"},{"taxonomy":"post_tag","embeddable":true,"href":"https:\/\/ultimato.com.br\/sites\/blogdaultimato\/wp-json\/wp\/v2\/tags?post=7472"}],"curies":[{"name":"wp","href":"https:\/\/api.w.org\/{rel}","templated":true}]}}