{"id":7340,"date":"2016-03-14T08:47:42","date_gmt":"2016-03-14T11:47:42","guid":{"rendered":"http:\/\/ultimato.com.br\/sites\/blogdaultimato\/?p=7340"},"modified":"2016-03-14T08:47:42","modified_gmt":"2016-03-14T11:47:42","slug":"vem-ai-o-novo-livro-de-ricardo-barbosa","status":"publish","type":"post","link":"https:\/\/ultimato.com.br\/sites\/blogdaultimato\/2016\/03\/14\/vem-ai-o-novo-livro-de-ricardo-barbosa\/","title":{"rendered":"VEM A\u00cd! O novo livro de Ricardo Barbosa"},"content":{"rendered":"<p><a href=\"http:\/\/ultimato.com.br\/sites\/blogdaultimato\/files\/2016\/03\/Opi_14_03_16_capa_pensamentos_transformados-1.jpg\" class=\"lightview\" data-lightview-group=\"group-7340\" data-lightview-options=\"skin: 'dark', controls: 'relative', padding: '10', shadow: { color: '#000000', opacity: 0.08, blur: 3 }\" rel=\"attachment wp-att-7341\"><img loading=\"lazy\" decoding=\"async\" class=\"alignright size-full wp-image-7341\" src=\"http:\/\/ultimato.com.br\/sites\/blogdaultimato\/files\/2016\/03\/Opi_14_03_16_capa_pensamentos_transformados-1.jpg\" alt=\"Opi_14_03_16_capa_pensamentos_transformados-1\" width=\"293\" height=\"431\" srcset=\"https:\/\/ultimato.com.br\/sites\/blogdaultimato\/files\/2016\/03\/Opi_14_03_16_capa_pensamentos_transformados-1.jpg 293w, https:\/\/ultimato.com.br\/sites\/blogdaultimato\/files\/2016\/03\/Opi_14_03_16_capa_pensamentos_transformados-1-204x300.jpg 204w, https:\/\/ultimato.com.br\/sites\/blogdaultimato\/files\/2016\/03\/Opi_14_03_16_capa_pensamentos_transformados-1-102x150.jpg 102w\" sizes=\"auto, (max-width: 293px) 100vw, 293px\" \/><\/a><\/p>\n<p>&nbsp;<\/p>\n<p>Como sentimentos e pensamentos devem andar juntos? E por que quase sempre n\u00e3o conseguimos coloc\u00e1-los nos mesmos passos? Este \u00e9 o tema do novo livro do Pr. Ricardo Barbosa de Sousa, autor de <a href=\"http:\/\/www.ultimato.com.br\/loja\/produtos\/a-espiritualidade-o-evangelho-e-a-igreja\" target=\"_blank\">A Espiritualidade, o Evangelho e a Igreja<\/a> e do cl\u00e1ssico brasileiro &#8220;O Caminho do Cora\u00e7\u00e3o&#8221;. Ricardo \u00e9 pastor da Igreja Presbiteriana do Planalto, em Bras\u00edlia (DF) e colunista da revista <strong><a href=\"http:\/\/www.ultimato.com.br\/revista\/\" target=\"_blank\">Ultimato<\/a><\/strong>.<\/p>\n<p><strong>Pensamentos Transformados, Emo\u00e7\u00f5es Redimidas <\/strong>ser\u00e1 nosso lan\u00e7amento de abril e j\u00e1 recebeu boas indica\u00e7\u00f5es. Confira algumas:<\/p>\n<blockquote><p>O novo livro de Ricardo Barbosa nos ajuda a aterrizar \u2013 na vida \u2013 os conceitos crist\u00e3os que teimamos em manter na caixinha das ideias.<\/p>\n<p>\u2013 Ziel J.O. Machado<\/p><\/blockquote>\n<p>&nbsp;<\/p>\n<blockquote><p>Este livro vai nos ajudar a nos tornar homens e mulheres cuja f\u00e9 se expresse com maturidade espiritual, sa\u00fade emocional e significado existencial.<\/p>\n<p>\u2013 Osmar Ludovico da Silva<\/p><\/blockquote>\n<p>&nbsp;<\/p>\n<p>Aguarde!<\/p>\n","protected":false},"excerpt":{"rendered":"<p>&nbsp;<br \/>\nComo sentimentos e pensamentos devem andar juntos? E por que quase sempre n\u00e3o conseguimos coloc\u00e1-los nos mesmos passos? Este \u00e9 o tema do novo livro do Pr. Ricardo Barbosa de Sousa, autor de A Espiritualidade, o Evangelho e a Igreja e do cl\u00e1ssico brasileiro &#8220;O Caminho do Cora\u00e7\u00e3o&#8221;. Ricardo \u00e9 pastor da Igreja Presbiteriana do [&#8230;]<\/p>\n","protected":false},"author":21,"featured_media":0,"comment_status":"open","ping_status":"open","sticky":false,"template":"","format":"standard","meta":{"ngg_post_thumbnail":0,"footnotes":""},"categories":[6111],"tags":[30084,4783,10376,5954,30083,27196,22785],"class_list":["post-7340","post","type-post","status-publish","format-standard","hentry","category-ultimas-de-ca","tag-emocoes","tag-espiritualidade","tag-pensamentos","tag-ricardo-barbosa","tag-sentimentos","tag-ultimas-de-ca","tag-vem-ai"],"_links":{"self":[{"href":"https:\/\/ultimato.com.br\/sites\/blogdaultimato\/wp-json\/wp\/v2\/posts\/7340","targetHints":{"allow":["GET"]}}],"collection":[{"href":"https:\/\/ultimato.com.br\/sites\/blogdaultimato\/wp-json\/wp\/v2\/posts"}],"about":[{"href":"https:\/\/ultimato.com.br\/sites\/blogdaultimato\/wp-json\/wp\/v2\/types\/post"}],"author":[{"embeddable":true,"href":"https:\/\/ultimato.com.br\/sites\/blogdaultimato\/wp-json\/wp\/v2\/users\/21"}],"replies":[{"embeddable":true,"href":"https:\/\/ultimato.com.br\/sites\/blogdaultimato\/wp-json\/wp\/v2\/comments?post=7340"}],"version-history":[{"count":2,"href":"https:\/\/ultimato.com.br\/sites\/blogdaultimato\/wp-json\/wp\/v2\/posts\/7340\/revisions"}],"predecessor-version":[{"id":7343,"href":"https:\/\/ultimato.com.br\/sites\/blogdaultimato\/wp-json\/wp\/v2\/posts\/7340\/revisions\/7343"}],"wp:attachment":[{"href":"https:\/\/ultimato.com.br\/sites\/blogdaultimato\/wp-json\/wp\/v2\/media?parent=7340"}],"wp:term":[{"taxonomy":"category","embeddable":true,"href":"https:\/\/ultimato.com.br\/sites\/blogdaultimato\/wp-json\/wp\/v2\/categories?post=7340"},{"taxonomy":"post_tag","embeddable":true,"href":"https:\/\/ultimato.com.br\/sites\/blogdaultimato\/wp-json\/wp\/v2\/tags?post=7340"}],"curies":[{"name":"wp","href":"https:\/\/api.w.org\/{rel}","templated":true}]}}