{"id":7312,"date":"2016-03-02T09:49:31","date_gmt":"2016-03-02T12:49:31","guid":{"rendered":"http:\/\/ultimato.com.br\/sites\/blogdaultimato\/?p=7312"},"modified":"2016-03-02T09:49:31","modified_gmt":"2016-03-02T12:49:31","slug":"ficar-calado","status":"publish","type":"post","link":"https:\/\/ultimato.com.br\/sites\/blogdaultimato\/2016\/03\/02\/ficar-calado\/","title":{"rendered":"Ficar calado"},"content":{"rendered":"<div id=\"attachment_7313\" style=\"width: 310px\" class=\"wp-caption alignright\"><a href=\"http:\/\/ultimato.com.br\/sites\/blogdaultimato\/files\/2016\/03\/BlogUlt_02_03_16_Devocional_Reve.jpg\" class=\"lightview\" data-lightview-group=\"group-7312\" data-lightview-options=\"skin: 'dark', controls: 'relative', padding: '10', shadow: { color: '#000000', opacity: 0.08, blur: 3 }\" rel=\"attachment wp-att-7313\"><img loading=\"lazy\" decoding=\"async\" aria-describedby=\"caption-attachment-7313\" class=\"wp-image-7313 size-medium\" src=\"http:\/\/ultimato.com.br\/sites\/blogdaultimato\/files\/2016\/03\/BlogUlt_02_03_16_Devocional_Reve-300x280.jpg\" alt=\"Pr. Elben (\u00e0 esquerda) em sua medita\u00e7\u00e3o semanal para a equipe da Ultimato.\" width=\"300\" height=\"280\" srcset=\"https:\/\/ultimato.com.br\/sites\/blogdaultimato\/files\/2016\/03\/BlogUlt_02_03_16_Devocional_Reve-300x280.jpg 300w, https:\/\/ultimato.com.br\/sites\/blogdaultimato\/files\/2016\/03\/BlogUlt_02_03_16_Devocional_Reve-150x140.jpg 150w, https:\/\/ultimato.com.br\/sites\/blogdaultimato\/files\/2016\/03\/BlogUlt_02_03_16_Devocional_Reve.jpg 396w\" sizes=\"auto, (max-width: 300px) 100vw, 300px\" \/><\/a><p id=\"caption-attachment-7313\" class=\"wp-caption-text\">Pr. Elben (\u00e0 esquerda) em sua medita\u00e7\u00e3o semanal para a equipe da Ultimato.<\/p><\/div>\n<p>\u00c9 praticamente imposs\u00edvel ficar calado quando somos injusti\u00e7ados ou ofendidos. \u00c9 dif\u00edcil manter a boca fechada. Mas foi o que Jesus fez, como nos lembrou o Pr. Elben C\u00e9sar em sua medita\u00e7\u00e3o semanal para a equipe da Ultimato, nesta ter\u00e7a-feira (01\/03). Elben mostrou que o profeta Isa\u00edas j\u00e1 havia antecipado a rea\u00e7\u00e3o de Cristo no Antigo Testamento:<\/p>\n<blockquote><p>\nEle foi maltratado, mas aguentou tudo humildemente e n\u00e3o disse uma s\u00f3 palavra. Ficou calado como um cordeiro que vai ser morto, como uma ovelha quando cortam a sua l\u00e3.<br \/>\nIsa\u00edas 53.7 (NTLH)<\/p><\/blockquote>\n<p>[Em outras vers\u00f5es: \u201cse relaxou\u201d, \u201cdeixou-se humilhar\u201d, \u201cresignou-se\u201d, \u201csuportou\u201d, \u201caceitou tudo em sil\u00eancio\u201d]<\/p>\n<p>&nbsp;<\/p>\n<blockquote><p>O que foi confirmado quando chegou a hora: Mas Jesus ficou calado. (Mt 26.63 \u2013 NTLH)<\/p>\n<p>Por\u00e9m Jesus n\u00e3o disse nada, e o Governador ficou admirado com isso. (Mt 27.14 \u2013 NTLH)<\/p>\n<p>Ent\u00e3o fez muitas perguntas a Jesus, mas ele n\u00e3o respondeu nada. (Lc 23.9 \u2013 NTLH)<\/p>\n<p>Entrou outra vez no pal\u00e1cio e perguntou a Jesus:<br \/>\n&#8212; De onde voc\u00ea \u00e9?<br \/>\nMas Jesus n\u00e3o respondeu nada.<br \/>\n(Jo 19.9)<\/p>\n<p>Foi humilhado, e foram injustos com ele. (At 8.33)<\/p><\/blockquote>\n<p>&nbsp;<\/p>\n<p>A postura de Jesus revela seu car\u00e1ter humilde e convicto. Que Deus nos ajude a frear a l\u00edngua para que possamos expressar o car\u00e1ter de Cristo em meio \u00e0s adversidades.<\/p>\n<p>Ao final, oramos para que Deus aben\u00e7oe o envio e a leitura da revista <strong>Ultimato<\/strong> 359.<\/p>\n<p>&nbsp;<\/p>\n","protected":false},"excerpt":{"rendered":"<p>\u00c9 praticamente imposs\u00edvel ficar calado quando somos injusti\u00e7ados ou ofendidos. \u00c9 dif\u00edcil manter a boca fechada. Mas foi o que Jesus fez, como nos lembrou o Pr. Elben C\u00e9sar em sua medita\u00e7\u00e3o semanal para a equipe da Ultimato, nesta ter\u00e7a-feira (01\/03). Elben mostrou que o profeta Isa\u00edas j\u00e1 havia antecipado a rea\u00e7\u00e3o de Cristo no [&#8230;]<\/p>\n","protected":false},"author":21,"featured_media":0,"comment_status":"open","ping_status":"open","sticky":false,"template":"","format":"standard","meta":{"ngg_post_thumbnail":0,"footnotes":""},"categories":[16246,6111],"tags":[30077,16257,16261,103,30078,4794],"class_list":["post-7312","post","type-post","status-publish","format-standard","hentry","category-cafe-ultimato","category-ultimas-de-ca","tag-adivinha-que-veio-para-o-cafe","tag-cafe-ultimato-2","tag-falar","tag-jesus","tag-meditacao-biblica","tag-silencio"],"_links":{"self":[{"href":"https:\/\/ultimato.com.br\/sites\/blogdaultimato\/wp-json\/wp\/v2\/posts\/7312","targetHints":{"allow":["GET"]}}],"collection":[{"href":"https:\/\/ultimato.com.br\/sites\/blogdaultimato\/wp-json\/wp\/v2\/posts"}],"about":[{"href":"https:\/\/ultimato.com.br\/sites\/blogdaultimato\/wp-json\/wp\/v2\/types\/post"}],"author":[{"embeddable":true,"href":"https:\/\/ultimato.com.br\/sites\/blogdaultimato\/wp-json\/wp\/v2\/users\/21"}],"replies":[{"embeddable":true,"href":"https:\/\/ultimato.com.br\/sites\/blogdaultimato\/wp-json\/wp\/v2\/comments?post=7312"}],"version-history":[{"count":2,"href":"https:\/\/ultimato.com.br\/sites\/blogdaultimato\/wp-json\/wp\/v2\/posts\/7312\/revisions"}],"predecessor-version":[{"id":7315,"href":"https:\/\/ultimato.com.br\/sites\/blogdaultimato\/wp-json\/wp\/v2\/posts\/7312\/revisions\/7315"}],"wp:attachment":[{"href":"https:\/\/ultimato.com.br\/sites\/blogdaultimato\/wp-json\/wp\/v2\/media?parent=7312"}],"wp:term":[{"taxonomy":"category","embeddable":true,"href":"https:\/\/ultimato.com.br\/sites\/blogdaultimato\/wp-json\/wp\/v2\/categories?post=7312"},{"taxonomy":"post_tag","embeddable":true,"href":"https:\/\/ultimato.com.br\/sites\/blogdaultimato\/wp-json\/wp\/v2\/tags?post=7312"}],"curies":[{"name":"wp","href":"https:\/\/api.w.org\/{rel}","templated":true}]}}