{"id":7143,"date":"2015-11-26T12:57:14","date_gmt":"2015-11-26T15:57:14","guid":{"rendered":"http:\/\/ultimato.com.br\/sites\/blogdaultimato\/?p=7143"},"modified":"2015-12-22T15:48:46","modified_gmt":"2015-12-22T18:48:46","slug":"qual-seu-livro-predileto-de-2015","status":"publish","type":"post","link":"https:\/\/ultimato.com.br\/sites\/blogdaultimato\/2015\/11\/26\/qual-seu-livro-predileto-de-2015\/","title":{"rendered":"Que livro voc\u00ea mais gostou de ler em 2015?"},"content":{"rendered":"<p>Reunimos opini\u00f5es de leitores de <strong>Ultimato<\/strong> sobre qual livro que eles mais gostaram de ler em 2015. Confira abaixo e d\u00ea a sua dica tamb\u00e9m (no espa\u00e7o de coment\u00e1rios deste post):<\/p>\n<p><strong><a href=\"http:\/\/ultimato.com.br\/sites\/blogdaultimato\/files\/2015\/11\/Igreja_Missionaria_capa-e1450809572806.jpg\" class=\"lightview\" data-lightview-group=\"group-7143\" data-lightview-options=\"skin: 'dark', controls: 'relative', padding: '10', shadow: { color: '#000000', opacity: 0.08, blur: 3 }\"><img loading=\"lazy\" decoding=\"async\" class=\"alignleft wp-image-7213\" src=\"http:\/\/ultimato.com.br\/sites\/blogdaultimato\/files\/2015\/11\/Igreja_Missionaria_capa-e1450809572806.jpg\" alt=\"Igreja_Missionaria_capa\" width=\"190\" height=\"245\" \/><\/a>Igreja mission\u00e1ria, igreja cuidadora<\/strong><\/p>\n<p>S\u00e9rgio Victalino<\/p>\n<p>113 p\u00e1ginas<\/p>\n<p>Impress\u00e3o independente<br \/>\n2014<br \/>\nEste livro \u00e9 um manual que orienta a igreja a lidar com seus mission\u00e1rios antes, durante e depois do campo. Com cap\u00edtulos curtos e objetivos, ele pode ser colocado em pr\u00e1tica sem muito esfor\u00e7o por pastores, l\u00edderes e departamento de miss\u00f5es. O grande diferencial desta obra \u00e9 que ela foi escrita por um pastor com experi\u00eancia mission\u00e1ria e que tem grata preocupa\u00e7\u00e3o de pastorear aqueles que servem.<\/p>\n<p><span style=\"color: #993300;\"><em>Por H\u00e9ber Negr\u00e3o<\/em><\/span><\/p>\n<p>&nbsp;<\/p>\n<p>&nbsp;<\/p>\n<p>&nbsp;<\/p>\n<p><strong><a href=\"http:\/\/ultimato.com.br\/sites\/blogdaultimato\/files\/2015\/11\/Bonhoeffer_Capa.jpg\" class=\"lightview\" data-lightview-group=\"group-7143\" data-lightview-options=\"skin: 'dark', controls: 'relative', padding: '10', shadow: { color: '#000000', opacity: 0.08, blur: 3 }\"><img loading=\"lazy\" decoding=\"async\" class=\"size-full wp-image-7214 alignleft\" src=\"http:\/\/ultimato.com.br\/sites\/blogdaultimato\/files\/2015\/11\/Bonhoeffer_Capa.jpg\" alt=\"Bonhoeffer_Capa\" width=\"190\" height=\"277\" srcset=\"https:\/\/ultimato.com.br\/sites\/blogdaultimato\/files\/2015\/11\/Bonhoeffer_Capa.jpg 190w, https:\/\/ultimato.com.br\/sites\/blogdaultimato\/files\/2015\/11\/Bonhoeffer_Capa-103x150.jpg 103w\" sizes=\"auto, (max-width: 190px) 100vw, 190px\" \/><\/a>Bonhoeffer \u2013 pastor, m\u00e1rtir, profeta, espi\u00e3o<\/strong><\/p>\n<p>Eric Metaxas<\/p>\n<p>640 p\u00e1ginas<\/p>\n<p>Mundo Crist\u00e3o<\/p>\n<p>2011<\/p>\n<p>A vida piedosa de um dos maiores her\u00f3is que a f\u00e9 crist\u00e3 j\u00e1 conheceu. Um homem que queria ser fiel a seu Deus e generoso para com os homens, num mundo escurecido pela maldade. Pagou com sua pr\u00f3pria vida para manter \u00edntegro o seu car\u00e1ter e a sua f\u00e9. Reflex\u00e3o teol\u00f3gica soberba e informa\u00e7\u00e3o hist\u00f3rica preciosa. Aventura, emo\u00e7\u00e3o, devo\u00e7\u00e3o e f\u00e9 escondidas nas p\u00e1ginas desta inspiradora obra biogr\u00e1fica.<\/p>\n<p><span style=\"color: #993300;\"><em>Por Cayo C\u00e9sar M. Santos<\/em><\/span><\/p>\n<p>&nbsp;<\/p>\n<p>&nbsp;<\/p>\n<p>&nbsp;<\/p>\n<div id=\"attachment_7215\" style=\"width: 200px\" class=\"wp-caption alignleft\"><a href=\"http:\/\/ultimato.com.br\/sites\/blogdaultimato\/files\/2015\/11\/espiritualidade-emocionalmente-saudavel_capa-e1450809844346.jpg\" class=\"lightview\" data-lightview-group=\"group-7143\" data-lightview-options=\"skin: 'dark', controls: 'relative', padding: '10', shadow: { color: '#000000', opacity: 0.08, blur: 3 }\"><img loading=\"lazy\" decoding=\"async\" aria-describedby=\"caption-attachment-7215\" class=\"size-full wp-image-7215\" src=\"http:\/\/ultimato.com.br\/sites\/blogdaultimato\/files\/2015\/11\/espiritualidade-emocionalmente-saudavel_capa-e1450809844346.jpg\" alt=\"espiritualidade_saudavel_capa.indd\" width=\"190\" height=\"274\" \/><\/a><p id=\"caption-attachment-7215\" class=\"wp-caption-text\">espiritualidade_saudavel_capa.indd<\/p><\/div>\n<p><strong>Espiritualidade emocionalmente saud\u00e1vel<\/strong><\/p>\n<p>Peter Scazzero<\/p>\n<p>288 p\u00e1ginas<\/p>\n<p>Hagnos | Selo United Press<\/p>\n<p>2013<\/p>\n<p>Ao longo do ano de 2015, este livro tem me acompanhado, desafiado e igualmente enriquecido. Baseia-se na tese de que a espiritualidade madura inclui uma emocionalidade madura. O autor, Peter Scazzero, fala com franqueza sobre sua pr\u00f3pria experi\u00eancia ao longo do exerc\u00edcio pastoral. Sendo um pastor exemplar, uma pessoa p\u00fablica, viveu interiormente a frustra\u00e7\u00e3o de ser insatisfeito, amargo e deprimido. Tudo isso somado acabou por desencadear uma crise conjugal. A dor o exp\u00f4s ao que estava oculto sob a capa do \u201cbom crist\u00e3o\u201d. Corajosamente encarou a situa\u00e7\u00e3o e se confrontou com sua pr\u00f3pria verdade. O livro dedica a primeira parte a desvendar as falsas motiva\u00e7\u00f5es, como, por exemplo, \u201co servi\u00e7o exaustivo para Deus, sem parar\u201d de forma desenfreada \u2013 apenas para sutilmente competir com outras pessoas, mostrar mais santidade, ser refer\u00eancia etc. Os sintomas da espiritualidade doentia colocam um espelho \u00e0 nossa frente, que nos desilude. Mas n\u00e3o d\u00e1 para mudar sozinho ou convidar a Deus para nos mudar quando n\u00f3s mesmos n\u00e3o percebemos a verdade e n\u00e3o enxergamos a parte submersa, o fundo do iceberg. A segunda parte do livro convida-nos a dar passos concretos em dire\u00e7\u00e3o \u00e0 sa\u00fade emocional, como a reconcilia\u00e7\u00e3o com a fam\u00edlia de origem. O passado nos marcou e carregamos uma bagagem, que para uns pode ser menos pesada do que para outros. A dire\u00e7\u00e3o mostrada \u00e9 retroceder para avan\u00e7ar, ou seja, resolver as pend\u00eancias emocionais com a fam\u00edlia de origem e mergulhar numa espiritualidade contemplativa, integrada ao que fazemos no reino de Deus. O autor compara nossa vida com uma nevasca que nos pega desprevenidos e nos deixa desorientados. Deus est\u00e1 nos oferecendo uma corda para impedir que nos percamos. E esta corda revela-se por meio da observ\u00e2ncia de um antigo tesouro: o Of\u00edcio Divino e o Dia do Descanso. Ricamente explicado e biblicamente fundamentado, estes conceitos nos ajudam a desenvolver um ritmo sadio em nossa vida. Como a respira\u00e7\u00e3o segue seu ritmo entre inspirar e expirar, a espiritualidade contemplativa se realiza e complementa na a\u00e7\u00e3o que dela emerge. Ao final, o autor nos convida a elaborar uma regra de vida pessoal. (A Regra de Vida refere-se \u00e0 tradi\u00e7\u00e3o dos pais do deserto e em especial da Regra de S\u00e3o Bento. Esta regra moldou n\u00e3o somente o monasticismo ocidental como tamb\u00e9m orientou dezenas de milhares de pessoas em todo o mundo at\u00e9 hoje.) O grande dom oculto de uma regra de vida \u00e9 seu objetivo: regular toda a nossa vida de tal forma que verdadeiramente refiramos o amor de Cristo acima de tudo.<\/p>\n<p><span style=\"color: #993300;\"><em>Por Hedderich Lieselotte<\/em><\/span><\/p>\n<p>&nbsp;<\/p>\n<p>&nbsp;<\/p>\n<p><strong><a href=\"http:\/\/ultimato.com.br\/sites\/blogdaultimato\/files\/2015\/11\/os-sons-da-fe_capa-e1450810012979.jpg\" class=\"lightview\" data-lightview-group=\"group-7143\" data-lightview-options=\"skin: 'dark', controls: 'relative', padding: '10', shadow: { color: '#000000', opacity: 0.08, blur: 3 }\"><img loading=\"lazy\" decoding=\"async\" class=\"alignleft size-full wp-image-7216\" src=\"http:\/\/ultimato.com.br\/sites\/blogdaultimato\/files\/2015\/11\/os-sons-da-fe_capa-e1450810012979.jpg\" alt=\"os-sons-da-fe_capa\" width=\"190\" height=\"276\" \/><\/a>Os sons da f\u00e9<\/strong><\/p>\n<p>Philip Yancey<\/p>\n<p>264 p\u00e1ginas<\/p>\n<p>Editora Vida<\/p>\n<p>2015<\/p>\n<p>Quando gosto de um autor, gosto de ler todos os seus livros. Ali\u00e1s, sempre que acho dispon\u00edvel, principalmente na internet, leio todos os seus textos, ou\u00e7o ou assisto todas as suas entrevistas, leio suas biografias, enfim, procuro compreender seu pensamento para ser edificado e, ao mesmo tempo, evitar fazer an\u00e1lises incompletas e inconsistentes acerca do autor e sua obra \u2013 algo comum em uma sociedade de leitores instant\u00e2neos que digerem livros como <em>fast-food<\/em> s\u00f3 para dizer que leram determinado autor ou obra.<\/p>\n<p>Fiz isso com pouco mais de dez autores crist\u00e3os ao longo da minha vida e tive o prazer de publicar a maior parte deles: John Stott, John White, Billy Graham, Henri Nouwen, Eugene Peterson, Richard Foster, Dallas Willard, Brennan Manning, Francis Schaeffer, Dietrich Bonhoeffer, James Houston, A. W. Tozer, C. S. Lewis e Russel Shedd. Philip Yancey, por anos um dos editores da <em>Cristianismo Hoje<\/em>, foi mais um desses.<\/p>\n<p><em>Os Sons da F\u00e9<\/em>, livro mais recente de Yancey publicado no Brasil, \u00e9 uma colet\u00e2nea de artigos em que o autor aborda, entre outros assuntos, a crise da falta de moralidade e a defesa da indispensabilidade do cristianismo para a sociedade ocidental, a confus\u00e3o sobre a identidade dos evang\u00e9licos de hoje, os perigos que corremos por fazer o bem, as li\u00e7\u00f5es que nunca devemos esquecer sobre os campos de concentra\u00e7\u00e3o, o legado de Francis Schaeffer, a dor da d\u00favida e a d\u00favida advinda da dor. A obra \u00e9 repleta de pontos cruciais de seu pensamento, o que \u00e9 uma \u00f3tima oportunidade para leitores que ainda n\u00e3o o conhecem, bem como para os que leram praticamente tudo o que ele escreveu, como eu.<\/p>\n<p>Alguns acham que Yancey hoje est\u00e1 repetitivo. Eu discordo. Ele \u00e9 um jornalista e pesquisador. Seus textos s\u00e3o sobre temas atuais, com \u00f3tima e criativa argumenta\u00e7\u00e3o e sempre bem fundamentados. Mas \u00e9 claro que sua cosmovis\u00e3o crist\u00e3 permanece a mesma em todos eles \u2013 o que n\u00e3o quer dizer que ele se repete, mas, ao contr\u00e1rio, mostra que ele \u00e9 firme em suas convic\u00e7\u00f5es.<\/p>\n<p><span style=\"color: #993300;\"><em>Por Marcos Simas, editor da revista &#8216;Cristianismo Hoje&#8217;, trabalhou na publica\u00e7\u00e3o de mais de trezentas obras crist\u00e3s em quase 25 anos.<\/em><\/span><\/p>\n<p>&nbsp;<\/p>\n","protected":false},"excerpt":{"rendered":"<p>Reunimos opini\u00f5es de leitores de Ultimato sobre qual livro que eles mais gostaram de ler em 2015. Confira abaixo e d\u00ea a sua dica tamb\u00e9m (no espa\u00e7o de coment\u00e1rios deste post):<br \/>\nIgreja mission\u00e1ria, igreja cuidadora<br \/>\nS\u00e9rgio Victalino<br \/>\n113 p\u00e1ginas<br \/>\nImpress\u00e3o independente<br \/>\n2014<br \/>\nEste livro \u00e9 um manual que orienta a igreja a lidar com seus mission\u00e1rios antes, durante e depois do [&#8230;]<\/p>\n","protected":false},"author":21,"featured_media":0,"comment_status":"open","ping_status":"open","sticky":false,"template":"","format":"standard","meta":{"ngg_post_thumbnail":0,"footnotes":""},"categories":[9536,22807],"tags":[136,22202],"class_list":["post-7143","post","type-post","status-publish","format-standard","hentry","category-do-editor","category-extras","tag-livros","tag-vamos-ler"],"_links":{"self":[{"href":"https:\/\/ultimato.com.br\/sites\/blogdaultimato\/wp-json\/wp\/v2\/posts\/7143","targetHints":{"allow":["GET"]}}],"collection":[{"href":"https:\/\/ultimato.com.br\/sites\/blogdaultimato\/wp-json\/wp\/v2\/posts"}],"about":[{"href":"https:\/\/ultimato.com.br\/sites\/blogdaultimato\/wp-json\/wp\/v2\/types\/post"}],"author":[{"embeddable":true,"href":"https:\/\/ultimato.com.br\/sites\/blogdaultimato\/wp-json\/wp\/v2\/users\/21"}],"replies":[{"embeddable":true,"href":"https:\/\/ultimato.com.br\/sites\/blogdaultimato\/wp-json\/wp\/v2\/comments?post=7143"}],"version-history":[{"count":4,"href":"https:\/\/ultimato.com.br\/sites\/blogdaultimato\/wp-json\/wp\/v2\/posts\/7143\/revisions"}],"predecessor-version":[{"id":7217,"href":"https:\/\/ultimato.com.br\/sites\/blogdaultimato\/wp-json\/wp\/v2\/posts\/7143\/revisions\/7217"}],"wp:attachment":[{"href":"https:\/\/ultimato.com.br\/sites\/blogdaultimato\/wp-json\/wp\/v2\/media?parent=7143"}],"wp:term":[{"taxonomy":"category","embeddable":true,"href":"https:\/\/ultimato.com.br\/sites\/blogdaultimato\/wp-json\/wp\/v2\/categories?post=7143"},{"taxonomy":"post_tag","embeddable":true,"href":"https:\/\/ultimato.com.br\/sites\/blogdaultimato\/wp-json\/wp\/v2\/tags?post=7143"}],"curies":[{"name":"wp","href":"https:\/\/api.w.org\/{rel}","templated":true}]}}