{"id":7046,"date":"2015-10-26T07:28:00","date_gmt":"2015-10-26T10:28:00","guid":{"rendered":"http:\/\/ultimato.com.br\/sites\/blogdaultimato\/?p=7046"},"modified":"2015-10-26T07:28:00","modified_gmt":"2015-10-26T10:28:00","slug":"ultimato-para-carioca-ver","status":"publish","type":"post","link":"https:\/\/ultimato.com.br\/sites\/blogdaultimato\/2015\/10\/26\/ultimato-para-carioca-ver\/","title":{"rendered":"Ultimato para carioca ver"},"content":{"rendered":"<p><a href=\"http:\/\/ultimato.com.br\/sites\/blogdaultimato\/files\/2015\/10\/BlogUlt_26_10_15_loja.jpg\" class=\"lightview\" data-lightview-group=\"group-7046\" data-lightview-options=\"skin: 'dark', controls: 'relative', padding: '10', shadow: { color: '#000000', opacity: 0.08, blur: 3 }\"><img loading=\"lazy\" decoding=\"async\" class=\"alignright size-full wp-image-7047\" src=\"http:\/\/ultimato.com.br\/sites\/blogdaultimato\/files\/2015\/10\/BlogUlt_26_10_15_loja.jpg\" alt=\"BlogUlt_26_10_15_loja\" width=\"382\" height=\"179\" srcset=\"https:\/\/ultimato.com.br\/sites\/blogdaultimato\/files\/2015\/10\/BlogUlt_26_10_15_loja.jpg 382w, https:\/\/ultimato.com.br\/sites\/blogdaultimato\/files\/2015\/10\/BlogUlt_26_10_15_loja-300x141.jpg 300w, https:\/\/ultimato.com.br\/sites\/blogdaultimato\/files\/2015\/10\/BlogUlt_26_10_15_loja-150x70.jpg 150w\" sizes=\"auto, (max-width: 382px) 100vw, 382px\" \/><\/a>O que uma editora pode fazer em meio a uma crise econ\u00f4mica? Bem, a CPAD (Casa Publicadora das Assembleias de Deus) desafiou os progn\u00f3sticos e decidiu aumentar seus investimentos. A editora, ligada \u00e0 Assembleia de Deus, vai inaugurar no pr\u00f3ximo dia 03 de novembro a sua primeira Megastore no Rio de Janeiro (RJ). A livraria est\u00e1 localizada na hist\u00f3rica rua 1\u00ba de mar\u00e7o, n\u00ba 8, no privilegiado corredor cultural do Rio de Janeiro.<\/p>\n<p>No espa\u00e7o, al\u00e9m de variada literatura crist\u00e3, com mais de 5 mil t\u00edtulos, a Megastore CPAD tem ainda elevador panor\u00e2mico, papelaria, revistaria, materiais para igrejas, instrumentos musicais, caf\u00e9 liter\u00e1rio, espa\u00e7o infantil e eventos culturais.<\/p>\n<p>A mega loja n\u00e3o vai vender somente produtos da CPAD, mas tamb\u00e9m de outras editoras. A Ultimato, por exemplo, ter\u00e1 mais de dois mil exemplares de livros a venda numa diversidade de 130 t\u00edtulos (108 dela pr\u00f3pria e 22 da ABU). Sem d\u00favida, ser\u00e1 uma \u00f3tima oportunidade para os clientes da Ultimato que moram no Rio de Janeiro.<\/p>\n<p>\u201cO objetivo deste investimento \u00e9 expandir a distribui\u00e7\u00e3o de literatura crist\u00e3 para a gl\u00f3ria de Deus\u201d, diz a Casa Publicadora.<\/p>\n<p>A CPAD vai realizar nesta sexta-feira, dia 30, um coquetel de apresenta\u00e7\u00e3o da nova loja a convidados.<\/p>\n<p>&nbsp;<\/p>\n","protected":false},"excerpt":{"rendered":"<p>O que uma editora pode fazer em meio a uma crise econ\u00f4mica? Bem, a CPAD (Casa Publicadora das Assembleias de Deus) desafiou os progn\u00f3sticos e decidiu aumentar seus investimentos. A editora, ligada \u00e0 Assembleia de Deus, vai inaugurar no pr\u00f3ximo dia 03 de novembro a sua primeira Megastore no Rio de Janeiro (RJ). A livraria [&#8230;]<\/p>\n","protected":false},"author":21,"featured_media":0,"comment_status":"open","ping_status":"open","sticky":false,"template":"","format":"standard","meta":{"ngg_post_thumbnail":0,"footnotes":""},"categories":[5153],"tags":[136,27194],"class_list":["post-7046","post","type-post","status-publish","format-standard","hentry","category-prateleira","tag-livros","tag-prateleira"],"_links":{"self":[{"href":"https:\/\/ultimato.com.br\/sites\/blogdaultimato\/wp-json\/wp\/v2\/posts\/7046","targetHints":{"allow":["GET"]}}],"collection":[{"href":"https:\/\/ultimato.com.br\/sites\/blogdaultimato\/wp-json\/wp\/v2\/posts"}],"about":[{"href":"https:\/\/ultimato.com.br\/sites\/blogdaultimato\/wp-json\/wp\/v2\/types\/post"}],"author":[{"embeddable":true,"href":"https:\/\/ultimato.com.br\/sites\/blogdaultimato\/wp-json\/wp\/v2\/users\/21"}],"replies":[{"embeddable":true,"href":"https:\/\/ultimato.com.br\/sites\/blogdaultimato\/wp-json\/wp\/v2\/comments?post=7046"}],"version-history":[{"count":1,"href":"https:\/\/ultimato.com.br\/sites\/blogdaultimato\/wp-json\/wp\/v2\/posts\/7046\/revisions"}],"predecessor-version":[{"id":7048,"href":"https:\/\/ultimato.com.br\/sites\/blogdaultimato\/wp-json\/wp\/v2\/posts\/7046\/revisions\/7048"}],"wp:attachment":[{"href":"https:\/\/ultimato.com.br\/sites\/blogdaultimato\/wp-json\/wp\/v2\/media?parent=7046"}],"wp:term":[{"taxonomy":"category","embeddable":true,"href":"https:\/\/ultimato.com.br\/sites\/blogdaultimato\/wp-json\/wp\/v2\/categories?post=7046"},{"taxonomy":"post_tag","embeddable":true,"href":"https:\/\/ultimato.com.br\/sites\/blogdaultimato\/wp-json\/wp\/v2\/tags?post=7046"}],"curies":[{"name":"wp","href":"https:\/\/api.w.org\/{rel}","templated":true}]}}