{"id":6986,"date":"2015-10-02T09:21:15","date_gmt":"2015-10-02T12:21:15","guid":{"rendered":"http:\/\/ultimato.com.br\/sites\/blogdaultimato\/?p=6986"},"modified":"2015-10-02T09:21:15","modified_gmt":"2015-10-02T12:21:15","slug":"por-que-os-presos-escrevem-para-a-ultimato","status":"publish","type":"post","link":"https:\/\/ultimato.com.br\/sites\/blogdaultimato\/2015\/10\/02\/por-que-os-presos-escrevem-para-a-ultimato\/","title":{"rendered":"Por que os presos escrevem para a Ultimato?"},"content":{"rendered":"<p><a href=\"http:\/\/ultimato.com.br\/sites\/blogdaultimato\/files\/2014\/06\/selo_acoes_ministeriais.jpg\" class=\"lightview\" data-lightview-group=\"group-6986\" data-lightview-options=\"skin: 'dark', controls: 'relative', padding: '10', shadow: { color: '#000000', opacity: 0.08, blur: 3 }\"><img loading=\"lazy\" decoding=\"async\" class=\"aligncenter size-full wp-image-5637\" src=\"http:\/\/ultimato.com.br\/sites\/blogdaultimato\/files\/2014\/06\/selo_acoes_ministeriais.jpg\" alt=\"selo_acoes_ministeriais\" width=\"662\" height=\"127\" \/><\/a><em>Por Ariane Gomes<\/em><\/p>\n<p>De janeiro a julho de 2015, a Editora Ultimato recebeu aproximadamente 150 cartas postais enviadas por presos. O motivo da correspond\u00eancia \u00e9 diverso e entre os remetentes h\u00e1 antigos conhecidos, quem escreve pela primeira vez e quem escreve quase mensalmente, quem recebeu senten\u00e7a em favor de sua liberdade e quem ainda continuar\u00e1 na pris\u00e3o por algum tempo. Por causa dessa variedade, decidimos fazer um estudo quantitativo das motiva\u00e7\u00f5es das cartas recebidas. Compartilhamos abaixo alguns resultados:<\/p>\n<p><em>Pedido de materiais<\/em> \u2013 Est\u00e1 geralmente relacionado ao melhoramento do servi\u00e7o de evangeliza\u00e7\u00e3o realizado pelos pr\u00f3prios presos dentro das institui\u00e7\u00f5es carcer\u00e1rias. Os materiais mais pedidos s\u00e3o: livros, folhetos, B\u00edblias, estudos b\u00edblicos etc.<\/p>\n<p><a href=\"http:\/\/ultimato.com.br\/sites\/blogdaultimato\/files\/2015\/10\/Presos_pedido_materiais_1sem2015.jpg\" class=\"lightview\" data-lightview-group=\"group-6986\" data-lightview-options=\"skin: 'dark', controls: 'relative', padding: '10', shadow: { color: '#000000', opacity: 0.08, blur: 3 }\"><img loading=\"lazy\" decoding=\"async\" class=\"size-full wp-image-6987 aligncenter\" src=\"http:\/\/ultimato.com.br\/sites\/blogdaultimato\/files\/2015\/10\/Presos_pedido_materiais_1sem2015.jpg\" alt=\"Presos_pedido_materiais_1sem2015\" width=\"450\" height=\"276\" srcset=\"https:\/\/ultimato.com.br\/sites\/blogdaultimato\/files\/2015\/10\/Presos_pedido_materiais_1sem2015.jpg 450w, https:\/\/ultimato.com.br\/sites\/blogdaultimato\/files\/2015\/10\/Presos_pedido_materiais_1sem2015-300x184.jpg 300w, https:\/\/ultimato.com.br\/sites\/blogdaultimato\/files\/2015\/10\/Presos_pedido_materiais_1sem2015-150x92.jpg 150w\" sizes=\"auto, (max-width: 450px) 100vw, 450px\" \/><\/a><\/p>\n<p><em>\u201cEscrevo para pedir ajuda com materiais para evangeliza\u00e7\u00e3o: panfletos, livros, revistas. Qualquer material que os irm\u00e3os puderem enviar ser\u00e1 de grande ajuda, pois a obra aqui \u00e9 muito carente.\u201d<\/em><\/p>\n<p>Sidnei Pinto, Andradina, SP<\/p>\n<p><em>\u201c\u00c9 sem palavras que agrade\u00e7o pela bondade e gentileza demonstradas ao atenderem o pedido que fiz. Sinto-me feliz por ter sido do receptor das revistas que voc\u00eas doaram para a biblioteca da pris\u00e3o em que me encontro.\u201d<\/em><\/p>\n<p>Severino Neto, Sorocaba, SP<\/p>\n<p><em>Pedido de assinatura da revista <strong>Ultimato<\/strong><\/em> \u2013 H\u00e1 muitos anos, exemplares da revista <strong>Ultimato<\/strong> s\u00e3o graciosamente doados para presos em penitenci\u00e1rias espalhadas pelo Brasil. A assinatura patrocinada [incluir link] tem sido o meio mais pr\u00e1tico de responder a este pedido.<\/p>\n<p><a href=\"http:\/\/ultimato.com.br\/sites\/blogdaultimato\/files\/2015\/10\/Presos_pedido_assinatura_1sem2015.jpg\" class=\"lightview\" data-lightview-group=\"group-6986\" data-lightview-options=\"skin: 'dark', controls: 'relative', padding: '10', shadow: { color: '#000000', opacity: 0.08, blur: 3 }\"><img loading=\"lazy\" decoding=\"async\" class=\"aligncenter size-full wp-image-6989\" src=\"http:\/\/ultimato.com.br\/sites\/blogdaultimato\/files\/2015\/10\/Presos_pedido_assinatura_1sem2015.jpg\" alt=\"Presos_pedido_assinatura_1sem2015\" width=\"450\" height=\"275\" srcset=\"https:\/\/ultimato.com.br\/sites\/blogdaultimato\/files\/2015\/10\/Presos_pedido_assinatura_1sem2015.jpg 450w, https:\/\/ultimato.com.br\/sites\/blogdaultimato\/files\/2015\/10\/Presos_pedido_assinatura_1sem2015-300x183.jpg 300w, https:\/\/ultimato.com.br\/sites\/blogdaultimato\/files\/2015\/10\/Presos_pedido_assinatura_1sem2015-150x92.jpg 150w\" sizes=\"auto, (max-width: 450px) 100vw, 450px\" \/><\/a><em>\u201cGosto muito da revista porque ela sempre inova, trazendo assuntos da atualidade e da s\u00e3 doutrina. Conheci a revista num estudo que fa\u00e7o aqui na pris\u00e3o.\u201d<\/em><\/p>\n<p>Paulo Pena, Paragua\u00e7u Paulista, SP<\/p>\n<p><em>Pedido de ora\u00e7\u00e3o<\/em> \u2013 Alguns presos demonstram muita preocupa\u00e7\u00e3o e zelo por sua espiritualidade, pelas condi\u00e7\u00f5es de vida na pris\u00e3o e por suas fam\u00edlias. Pedidos relacionados a esses assuntos s\u00e3o compartilhados com frequ\u00eancia.<\/p>\n<p><a href=\"http:\/\/ultimato.com.br\/sites\/blogdaultimato\/files\/2015\/10\/Presos_pedido_oracao_1sem2015.jpg\" class=\"lightview\" data-lightview-group=\"group-6986\" data-lightview-options=\"skin: 'dark', controls: 'relative', padding: '10', shadow: { color: '#000000', opacity: 0.08, blur: 3 }\"><img loading=\"lazy\" decoding=\"async\" class=\"aligncenter size-full wp-image-6990\" src=\"http:\/\/ultimato.com.br\/sites\/blogdaultimato\/files\/2015\/10\/Presos_pedido_oracao_1sem2015.jpg\" alt=\"Presos_pedido_oracao_1sem2015\" width=\"454\" height=\"273\" srcset=\"https:\/\/ultimato.com.br\/sites\/blogdaultimato\/files\/2015\/10\/Presos_pedido_oracao_1sem2015.jpg 454w, https:\/\/ultimato.com.br\/sites\/blogdaultimato\/files\/2015\/10\/Presos_pedido_oracao_1sem2015-300x180.jpg 300w, https:\/\/ultimato.com.br\/sites\/blogdaultimato\/files\/2015\/10\/Presos_pedido_oracao_1sem2015-150x90.jpg 150w\" sizes=\"auto, (max-width: 454px) 100vw, 454px\" \/><\/a><\/p>\n<p><em>\u201cPe\u00e7o-lhes ora\u00e7\u00e3o por minha fam\u00edlia, filhos, causa processual e espiritual. Pe\u00e7o-lhes isso em primeiro lugar porque a ora\u00e7\u00e3o de um justo pode muito em seus efeitos. Eu creio nisso.\u201d<\/em><\/p>\n<p>Edson Silveira, Serra Azul, SP<\/p>\n<p>Este gr\u00e1fico inclui o conjunto de assuntos que comp\u00f5e, em geral, as cartas dos presos.<\/p>\n<p><a href=\"http:\/\/ultimato.com.br\/sites\/blogdaultimato\/files\/2015\/10\/Presos_motivos_escrever_1sem2015.jpg\" class=\"lightview\" data-lightview-group=\"group-6986\" data-lightview-options=\"skin: 'dark', controls: 'relative', padding: '10', shadow: { color: '#000000', opacity: 0.08, blur: 3 }\"><img loading=\"lazy\" decoding=\"async\" class=\"aligncenter size-full wp-image-6988\" src=\"http:\/\/ultimato.com.br\/sites\/blogdaultimato\/files\/2015\/10\/Presos_motivos_escrever_1sem2015.jpg\" alt=\"Presos_motivos_escrever_1sem2015\" width=\"454\" height=\"322\" srcset=\"https:\/\/ultimato.com.br\/sites\/blogdaultimato\/files\/2015\/10\/Presos_motivos_escrever_1sem2015.jpg 454w, https:\/\/ultimato.com.br\/sites\/blogdaultimato\/files\/2015\/10\/Presos_motivos_escrever_1sem2015-300x213.jpg 300w, https:\/\/ultimato.com.br\/sites\/blogdaultimato\/files\/2015\/10\/Presos_motivos_escrever_1sem2015-150x106.jpg 150w\" sizes=\"auto, (max-width: 454px) 100vw, 454px\" \/><\/a><\/p>\n<p>&nbsp;<\/p>\n<p><strong>\u2022 Ariane Gomes<\/strong> \u00e9 respons\u00e1vel pelos projetos ligados \u00e0s a\u00e7\u00f5es ministeriais da Ultimato.<\/p>\n","protected":false},"excerpt":{"rendered":"<p>Por Ariane Gomes<br \/>\nDe janeiro a julho de 2015, a Editora Ultimato recebeu aproximadamente 150 cartas postais enviadas por presos. O motivo da correspond\u00eancia \u00e9 diverso e entre os remetentes h\u00e1 antigos conhecidos, quem escreve pela primeira vez e quem escreve quase mensalmente, quem recebeu senten\u00e7a em favor de sua liberdade e quem ainda continuar\u00e1 na [&#8230;]<\/p>\n","protected":false},"author":21,"featured_media":0,"comment_status":"open","ping_status":"open","sticky":false,"template":"","format":"standard","meta":{"ngg_post_thumbnail":0,"footnotes":""},"categories":[22790],"tags":[],"class_list":["post-6986","post","type-post","status-publish","format-standard","hentry","category-acoes-ministeriais-ultimas-de-ca"],"_links":{"self":[{"href":"https:\/\/ultimato.com.br\/sites\/blogdaultimato\/wp-json\/wp\/v2\/posts\/6986","targetHints":{"allow":["GET"]}}],"collection":[{"href":"https:\/\/ultimato.com.br\/sites\/blogdaultimato\/wp-json\/wp\/v2\/posts"}],"about":[{"href":"https:\/\/ultimato.com.br\/sites\/blogdaultimato\/wp-json\/wp\/v2\/types\/post"}],"author":[{"embeddable":true,"href":"https:\/\/ultimato.com.br\/sites\/blogdaultimato\/wp-json\/wp\/v2\/users\/21"}],"replies":[{"embeddable":true,"href":"https:\/\/ultimato.com.br\/sites\/blogdaultimato\/wp-json\/wp\/v2\/comments?post=6986"}],"version-history":[{"count":2,"href":"https:\/\/ultimato.com.br\/sites\/blogdaultimato\/wp-json\/wp\/v2\/posts\/6986\/revisions"}],"predecessor-version":[{"id":6992,"href":"https:\/\/ultimato.com.br\/sites\/blogdaultimato\/wp-json\/wp\/v2\/posts\/6986\/revisions\/6992"}],"wp:attachment":[{"href":"https:\/\/ultimato.com.br\/sites\/blogdaultimato\/wp-json\/wp\/v2\/media?parent=6986"}],"wp:term":[{"taxonomy":"category","embeddable":true,"href":"https:\/\/ultimato.com.br\/sites\/blogdaultimato\/wp-json\/wp\/v2\/categories?post=6986"},{"taxonomy":"post_tag","embeddable":true,"href":"https:\/\/ultimato.com.br\/sites\/blogdaultimato\/wp-json\/wp\/v2\/tags?post=6986"}],"curies":[{"name":"wp","href":"https:\/\/api.w.org\/{rel}","templated":true}]}}