{"id":6763,"date":"2015-08-28T08:18:49","date_gmt":"2015-08-28T11:18:49","guid":{"rendered":"http:\/\/ultimato.com.br\/sites\/blogdaultimato\/?p=6763"},"modified":"2015-08-28T08:25:52","modified_gmt":"2015-08-28T11:25:52","slug":"instituto-jetro-da-destaque-para-o-livro-do-ano-da-ultimato","status":"publish","type":"post","link":"https:\/\/ultimato.com.br\/sites\/blogdaultimato\/2015\/08\/28\/instituto-jetro-da-destaque-para-o-livro-do-ano-da-ultimato\/","title":{"rendered":"Instituto Jetro d\u00e1 destaque para o \u201clivro do ano\u201d da Ultimato"},"content":{"rendered":"<p><a href=\"http:\/\/ultimato.com.br\/sites\/blogdaultimato\/files\/2014\/03\/cristaos_desafios_capa5.jpg\" class=\"lightview\" data-lightview-group=\"group-6763\" data-lightview-options=\"skin: 'dark', controls: 'relative', padding: '10', shadow: { color: '#000000', opacity: 0.08, blur: 3 }\"><img loading=\"lazy\" decoding=\"async\" class=\"alignright wp-image-5408\" src=\"http:\/\/ultimato.com.br\/sites\/blogdaultimato\/files\/2014\/03\/cristaos_desafios_capa5.jpg\" alt=\"cristaos_desafios_capa5\" width=\"221\" height=\"310\" srcset=\"https:\/\/ultimato.com.br\/sites\/blogdaultimato\/files\/2014\/03\/cristaos_desafios_capa5.jpg 355w, https:\/\/ultimato.com.br\/sites\/blogdaultimato\/files\/2014\/03\/cristaos_desafios_capa5-214x300.jpg 214w, https:\/\/ultimato.com.br\/sites\/blogdaultimato\/files\/2014\/03\/cristaos_desafios_capa5-107x150.jpg 107w\" sizes=\"auto, (max-width: 221px) 100vw, 221px\" \/><\/a><\/p>\n<p>&nbsp;<\/p>\n<p>O Instituto Jetro* deu destaque principal em seu informativo quinzenal para o \u201clivro do ano\u201d (vencedor do Pr\u00eamio Aret\u00e9) da Editora Ultimato: <a href=\"http:\/\/ultimato.com.br\/sites\/cristaos-desafios-contemporaneos\/\">Os Crist\u00e3os e os Desafios Contempor\u00e2neos<\/a>, de John Stott. O informativo publicou um trecho em que o autor fala sobre o nosso chamado de lutar pela paz. Confira a seguir o trecho selecionado pelo Instituto Jetro:<\/p>\n<blockquote><p>Todo crist\u00e3o \u00e9 chamado para ser pacificador. As beatitudes n\u00e3o s\u00e3o um conjunto de oito op\u00e7\u00f5es das quais alguns escolhem ser mansos; outros, misericordiosos e outros ainda pacificadores. Juntas, elas s\u00e3o a descri\u00e7\u00e3o de Cristo a respeito dos outros membros do seu reino. \u00c9 verdade que n\u00e3o seremos bem-sucedidos em estabelecer a utopia na terra, nem o reino de Cristo de justi\u00e7a e paz se tornar\u00e1 universal dentro da hist\u00f3ria. Somente quando ele retornar \u00e9 que as espadas ser\u00e3o forjadas em relhas e as lan\u00e7as em objetos de poda. Mesmo assim, esse fato n\u00e3o d\u00e1 permiss\u00e3o poss\u00edvel para a prolifera\u00e7\u00e3o de f\u00e1bricas para a manufatura de espadas e lan\u00e7as. A predi\u00e7\u00e3o de Cristo a respeito da fome nos impede de procurar uma distribui\u00e7\u00e3o mais equitativa do alimento? A sua predi\u00e7\u00e3o de guerras n\u00e3o pode inibir a nossa busca pela paz. Deus \u00e9 um pacificador. Jesus Cristo \u00e9 um pacificador. Assim, se quisermos ser filhos de Deus e disc\u00edpulos de Cristo, devemos ser pacificadores tamb\u00e9m.<\/p><\/blockquote>\n<div id=\"attachment_6764\" style=\"width: 611px\" class=\"wp-caption aligncenter\"><a href=\"http:\/\/ultimato.com.br\/sites\/blogdaultimato\/files\/2015\/08\/Boletim_Jetro.jpg\" class=\"lightview\" data-lightview-group=\"group-6763\" data-lightview-options=\"skin: 'dark', controls: 'relative', padding: '10', shadow: { color: '#000000', opacity: 0.08, blur: 3 }\"><img loading=\"lazy\" decoding=\"async\" aria-describedby=\"caption-attachment-6764\" class=\"wp-image-6764 size-full\" src=\"http:\/\/ultimato.com.br\/sites\/blogdaultimato\/files\/2015\/08\/Boletim_Jetro.jpg\" alt=\"Boletim_Jetro\" width=\"601\" height=\"387\" srcset=\"https:\/\/ultimato.com.br\/sites\/blogdaultimato\/files\/2015\/08\/Boletim_Jetro.jpg 601w, https:\/\/ultimato.com.br\/sites\/blogdaultimato\/files\/2015\/08\/Boletim_Jetro-300x193.jpg 300w, https:\/\/ultimato.com.br\/sites\/blogdaultimato\/files\/2015\/08\/Boletim_Jetro-150x97.jpg 150w\" sizes=\"auto, (max-width: 601px) 100vw, 601px\" \/><\/a><p id=\"caption-attachment-6764\" class=\"wp-caption-text\">Veja como ficou o informativo do Instituto Jetro<\/p><\/div>\n<p>&nbsp;<\/p>\n<p><strong>APROVEITE!<br \/>\n<\/strong><a href=\"http:\/\/www.editoraultimato.com.br\/2015\/premiados-superdesconto\/\">Os Crist\u00e3os e os Desafios Contempor\u00e2neos<\/a> est\u00e1 com 50% de desconto em nossa loja. Aproveite que \u00e9 por tempo limitado!<\/p>\n<p>* <em>O Instituto Jetro \u00e9 uma organiza\u00e7\u00e3o interdenominacional sem fins lucrativos que nasceu em maio de 2002 em Londrina (PR) a partir do desafio de contribuir com as igrejas nas \u00e1reas de gest\u00e3o ministerial e lideran\u00e7a crist\u00e3.<\/em><\/p>\n<p>&nbsp;<\/p>\n","protected":false},"excerpt":{"rendered":"<p>&nbsp;<br \/>\nO Instituto Jetro* deu destaque principal em seu informativo quinzenal para o \u201clivro do ano\u201d (vencedor do Pr\u00eamio Aret\u00e9) da Editora Ultimato: Os Crist\u00e3os e os Desafios Contempor\u00e2neos, de John Stott. O informativo publicou um trecho em que o autor fala sobre o nosso chamado de lutar pela paz. Confira a seguir o trecho selecionado [&#8230;]<\/p>\n","protected":false},"author":21,"featured_media":0,"comment_status":"open","ping_status":"open","sticky":false,"template":"","format":"standard","meta":{"ngg_post_thumbnail":0,"footnotes":""},"categories":[5153,6111],"tags":[5598,5668,14892,27200,27199,6400,6033],"class_list":["post-6763","post","type-post","status-publish","format-standard","hentry","category-prateleira","category-ultimas-de-ca","tag-guerra","tag-john-stott","tag-os-cristaos-e-os-desafios-contemporaneos","tag-pacificacao","tag-pacifismo","tag-paz","tag-stott"],"_links":{"self":[{"href":"https:\/\/ultimato.com.br\/sites\/blogdaultimato\/wp-json\/wp\/v2\/posts\/6763","targetHints":{"allow":["GET"]}}],"collection":[{"href":"https:\/\/ultimato.com.br\/sites\/blogdaultimato\/wp-json\/wp\/v2\/posts"}],"about":[{"href":"https:\/\/ultimato.com.br\/sites\/blogdaultimato\/wp-json\/wp\/v2\/types\/post"}],"author":[{"embeddable":true,"href":"https:\/\/ultimato.com.br\/sites\/blogdaultimato\/wp-json\/wp\/v2\/users\/21"}],"replies":[{"embeddable":true,"href":"https:\/\/ultimato.com.br\/sites\/blogdaultimato\/wp-json\/wp\/v2\/comments?post=6763"}],"version-history":[{"count":9,"href":"https:\/\/ultimato.com.br\/sites\/blogdaultimato\/wp-json\/wp\/v2\/posts\/6763\/revisions"}],"predecessor-version":[{"id":6773,"href":"https:\/\/ultimato.com.br\/sites\/blogdaultimato\/wp-json\/wp\/v2\/posts\/6763\/revisions\/6773"}],"wp:attachment":[{"href":"https:\/\/ultimato.com.br\/sites\/blogdaultimato\/wp-json\/wp\/v2\/media?parent=6763"}],"wp:term":[{"taxonomy":"category","embeddable":true,"href":"https:\/\/ultimato.com.br\/sites\/blogdaultimato\/wp-json\/wp\/v2\/categories?post=6763"},{"taxonomy":"post_tag","embeddable":true,"href":"https:\/\/ultimato.com.br\/sites\/blogdaultimato\/wp-json\/wp\/v2\/tags?post=6763"}],"curies":[{"name":"wp","href":"https:\/\/api.w.org\/{rel}","templated":true}]}}