{"id":6683,"date":"2015-07-28T11:27:42","date_gmt":"2015-07-28T14:27:42","guid":{"rendered":"http:\/\/ultimato.com.br\/sites\/blogdaultimato\/?p=6683"},"modified":"2015-07-28T11:28:00","modified_gmt":"2015-07-28T14:28:00","slug":"missao-na-integra-chega-ao-video-200-com-ariovaldo-ramos","status":"publish","type":"post","link":"https:\/\/ultimato.com.br\/sites\/blogdaultimato\/2015\/07\/28\/missao-na-integra-chega-ao-video-200-com-ariovaldo-ramos\/","title":{"rendered":"Miss\u00e3o na \u00cdntegra chega ao v\u00eddeo 200, com Ariovaldo Ramos"},"content":{"rendered":"<p>O projeto\u00a0&#8220;Miss\u00e3o na \u00cdntegra&#8221;, que se define como &#8220;uma consci\u00eancia, um movimento pelo Brasil e pelo mundo, uma resposta ao chamado crist\u00e3o para levar a mensagem de que todas as dimens\u00f5es da vida precisam ser santificadas&#8221;, acaba de chegar ao epis\u00f3dio (v\u00eddeo) 200. O <a href=\"https:\/\/pt-br.facebook.com\/missaonaintegra\">Miss\u00e3o na \u00cdntegra<\/a>\u00a0tem como um dos seus idealizadores o colunista da <a href=\"http:\/\/www.ultimato.com.br\/revista\/\">revista Ultimato<\/a>, pastor <a href=\"http:\/\/www.ultimato.com.br\/loja\/produtos\/pare-de-conjugar-o-verbo-sofrer\">Ariovaldo Ramos<\/a>.<\/p>\n<p>Confira os melhores momentos das mensagens do Miss\u00e3o na \u00cdntegra selecionadas por Alex Fonseca Silva e editado por Paulinho Degaspari, postadas em <a href=\"https:\/\/www.youtube.com\/user\/Missaonaintegra\">irmaos.com<\/a>.<\/p>\n<p><iframe loading=\"lazy\" src=\"https:\/\/www.youtube.com\/embed\/gs9lICAZ8WI\" width=\"300\" height=\"169\" frameborder=\"0\" allowfullscreen=\"allowfullscreen\"><\/iframe><\/p>\n","protected":false},"excerpt":{"rendered":"<p>O projeto\u00a0&#8220;Miss\u00e3o na \u00cdntegra&#8221;, que se define como &#8220;uma consci\u00eancia, um movimento pelo Brasil e pelo mundo, uma resposta ao chamado crist\u00e3o para levar a mensagem de que todas as dimens\u00f5es da vida precisam ser santificadas&#8221;, acaba de chegar ao epis\u00f3dio (v\u00eddeo) 200. O Miss\u00e3o na \u00cdntegra\u00a0tem como um dos seus idealizadores o colunista da [&#8230;]<\/p>\n","protected":false},"author":6,"featured_media":0,"comment_status":"open","ping_status":"open","sticky":false,"template":"","format":"standard","meta":{"ngg_post_thumbnail":0,"footnotes":""},"categories":[5153,9539],"tags":[],"class_list":["post-6683","post","type-post","status-publish","format-standard","hentry","category-prateleira","category-videos-multimidia"],"_links":{"self":[{"href":"https:\/\/ultimato.com.br\/sites\/blogdaultimato\/wp-json\/wp\/v2\/posts\/6683","targetHints":{"allow":["GET"]}}],"collection":[{"href":"https:\/\/ultimato.com.br\/sites\/blogdaultimato\/wp-json\/wp\/v2\/posts"}],"about":[{"href":"https:\/\/ultimato.com.br\/sites\/blogdaultimato\/wp-json\/wp\/v2\/types\/post"}],"author":[{"embeddable":true,"href":"https:\/\/ultimato.com.br\/sites\/blogdaultimato\/wp-json\/wp\/v2\/users\/6"}],"replies":[{"embeddable":true,"href":"https:\/\/ultimato.com.br\/sites\/blogdaultimato\/wp-json\/wp\/v2\/comments?post=6683"}],"version-history":[{"count":2,"href":"https:\/\/ultimato.com.br\/sites\/blogdaultimato\/wp-json\/wp\/v2\/posts\/6683\/revisions"}],"predecessor-version":[{"id":6685,"href":"https:\/\/ultimato.com.br\/sites\/blogdaultimato\/wp-json\/wp\/v2\/posts\/6683\/revisions\/6685"}],"wp:attachment":[{"href":"https:\/\/ultimato.com.br\/sites\/blogdaultimato\/wp-json\/wp\/v2\/media?parent=6683"}],"wp:term":[{"taxonomy":"category","embeddable":true,"href":"https:\/\/ultimato.com.br\/sites\/blogdaultimato\/wp-json\/wp\/v2\/categories?post=6683"},{"taxonomy":"post_tag","embeddable":true,"href":"https:\/\/ultimato.com.br\/sites\/blogdaultimato\/wp-json\/wp\/v2\/tags?post=6683"}],"curies":[{"name":"wp","href":"https:\/\/api.w.org\/{rel}","templated":true}]}}