{"id":6547,"date":"2015-06-11T09:34:56","date_gmt":"2015-06-11T12:34:56","guid":{"rendered":"http:\/\/ultimato.com.br\/sites\/blogdaultimato\/?p=6547"},"modified":"2015-06-19T16:00:38","modified_gmt":"2015-06-19T19:00:38","slug":"que-alegria-poder-celebrar-o-20o-encontro-cuidando-dos-que-servem-em-vicosa","status":"publish","type":"post","link":"https:\/\/ultimato.com.br\/sites\/blogdaultimato\/2015\/06\/11\/que-alegria-poder-celebrar-o-20o-encontro-cuidando-dos-que-servem-em-vicosa\/","title":{"rendered":"Que alegria poder celebrar o 20\u00ba Encontro Cuidando dos que Servem em Vi\u00e7osa!"},"content":{"rendered":"<p><em><a href=\"http:\/\/ultimato.com.br\/sites\/blogdaultimato\/files\/2014\/06\/selo_acoes_ministeriais.jpg\" class=\"lightview\" data-lightview-group=\"group-6547\" data-lightview-options=\"skin: 'dark', controls: 'relative', padding: '10', shadow: { color: '#000000', opacity: 0.08, blur: 3 }\"><img loading=\"lazy\" decoding=\"async\" class=\"aligncenter size-full wp-image-5637\" src=\"http:\/\/ultimato.com.br\/sites\/blogdaultimato\/files\/2014\/06\/selo_acoes_ministeriais.jpg\" alt=\"selo_acoes_ministeriais\" width=\"662\" height=\"127\" \/><\/a><\/em><\/p>\n<p style=\"text-align: center;\"><strong><span style=\"color: #ff0000;\"><em>Nota dos editores: o encontro citado foi <a href=\"http:\/\/www.cem.org.br\/site\/2015\/06\/15\/encontro-cuidando-dos-que-servem-cancelado\/\">cancelado<\/a> ap\u00f3s a publica\u00e7\u00e3o deste post.<\/em><\/span><\/strong><\/p>\n<p>Como surgiu essa ideia? Enquanto vivia e trabalhava em Angola, percebi o quanto meus colegas mission\u00e1rios brasileiros e eu nos desgast\u00e1vamos com a mis\u00e9ria, a viol\u00eancia da guerra, press\u00f5es do partido Marxista e das pessoas que achavam que dev\u00edamos fazer tudo o que desejavam&#8230; E a falta de apoio de nossas ag\u00eancias e igrejas. Sei que houve, sim, ora\u00e7\u00f5es a nosso favor, mas na hora das maiores crises nos sent\u00edamos sozinhos, confusos, desorientados. N\u00e3o havia conex\u00e3o via internet, era quase imposs\u00edvel conseguir uma chamada telef\u00f4nica ao Brasil, e as cartas levavam dois meses para chegar.<\/p>\n<p>Assim quando fui convidada para servir no Centro Evang\u00e9lico de Miss\u00f5es escrevi pedindo que pud\u00e9ssemos organizar tais eventos. Quando passei uns meses no Paran\u00e1, antes de me mudar para Vi\u00e7osa, meu amigo, o pastor Osmar Ludovico da Silva me convidou para uma conversa, e para minha surpresa fez uma proposta id\u00eantica. Assim j\u00e1 t\u00ednhamos a equipe para come\u00e7ar.<\/p>\n<p>Cada encontro tinha uma caracter\u00edstica especial, dependendo de quem participava. E sempre houve pessoas de uma variedade de campos, denomina\u00e7\u00f5es e ag\u00eancias.<\/p>\n<p>N\u00e3o pretendemos resolver todos os problemas dos participantes, mas oferecer um ambiente de acolhimento, tranquilidade, intimidade com Deus, confian\u00e7a m\u00fatua e assim oportunidade para abrir o cora\u00e7\u00e3o. Como isso foi importante, em cada encontro! As pessoas podiam descarregar suas dores e sentir-se compreendidas, n\u00e3o julgadas, amadas. Muitos sa\u00edram dos encontros com novo \u00e2nimo, coragem e alegria.<\/p>\n<p>Neste ano, o evento para mission\u00e1rios de qualquer ag\u00eancia, junta ou campo, em f\u00e9rias ou retornando ao Brasil, acontecer\u00e1 entre 29 de junho e 3 de julho, no Centro Evang\u00e9lico de Miss\u00f5es (CEM), em Vi\u00e7osa, MG. Para mais informa\u00e7\u00f5es acesse <a href=\"http:\/\/www.cem.org.br\/site\/inicio\/ecs\/\" target=\"_blank\">cem.org.br<\/a>.<\/p>\n<p>Por <strong>Antonia Leonora van der Meer<\/strong> (Tonica), autora de <a href=\"http:\/\/www.ultimato.com.br\/loja\/produtos\/missionarios-feridos\">Mission\u00e1rios Feridos<\/a> e organizadora de <a href=\"http:\/\/ultimato.com.br\/sites\/sangue-sofrimento-fe\/\">Sangue, Sofrimento e F\u00e9<\/a>.<\/p>\n<p>Nota: Ultimato tem muita simpatia pelas a\u00e7\u00f5es em favor do cuidado dos mission\u00e1rios e acredita que o envio gratuito de exemplares da revista <strong><a href=\"http:\/\/ultimato.com.br\/sites\/blogdaultimato\/?s=a%C3%A7%C3%B5es+ministeriais\">Ultimato<\/a><\/strong> \u00e9 uma forma de oferecer encorajamento e tir\u00e1-los do isolamento.<\/p>\n","protected":false},"excerpt":{"rendered":"<p>Nota dos editores: o encontro citado foi cancelado ap\u00f3s a publica\u00e7\u00e3o deste post.<br \/>\nComo surgiu essa ideia? Enquanto vivia e trabalhava em Angola, percebi o quanto meus colegas mission\u00e1rios brasileiros e eu nos desgast\u00e1vamos com a mis\u00e9ria, a viol\u00eancia da guerra, press\u00f5es do partido Marxista e das pessoas que achavam que dev\u00edamos fazer tudo o que [&#8230;]<\/p>\n","protected":false},"author":21,"featured_media":0,"comment_status":"open","ping_status":"open","sticky":false,"template":"","format":"standard","meta":{"ngg_post_thumbnail":0,"footnotes":""},"categories":[22790,6111],"tags":[19284,11064,22835,22834],"class_list":["post-6547","post","type-post","status-publish","format-standard","hentry","category-acoes-ministeriais-ultimas-de-ca","category-ultimas-de-ca","tag-acoes-ministeriais","tag-capacitacao","tag-cuidando-dos-que-servem","tag-tonica"],"_links":{"self":[{"href":"https:\/\/ultimato.com.br\/sites\/blogdaultimato\/wp-json\/wp\/v2\/posts\/6547","targetHints":{"allow":["GET"]}}],"collection":[{"href":"https:\/\/ultimato.com.br\/sites\/blogdaultimato\/wp-json\/wp\/v2\/posts"}],"about":[{"href":"https:\/\/ultimato.com.br\/sites\/blogdaultimato\/wp-json\/wp\/v2\/types\/post"}],"author":[{"embeddable":true,"href":"https:\/\/ultimato.com.br\/sites\/blogdaultimato\/wp-json\/wp\/v2\/users\/21"}],"replies":[{"embeddable":true,"href":"https:\/\/ultimato.com.br\/sites\/blogdaultimato\/wp-json\/wp\/v2\/comments?post=6547"}],"version-history":[{"count":7,"href":"https:\/\/ultimato.com.br\/sites\/blogdaultimato\/wp-json\/wp\/v2\/posts\/6547\/revisions"}],"predecessor-version":[{"id":6568,"href":"https:\/\/ultimato.com.br\/sites\/blogdaultimato\/wp-json\/wp\/v2\/posts\/6547\/revisions\/6568"}],"wp:attachment":[{"href":"https:\/\/ultimato.com.br\/sites\/blogdaultimato\/wp-json\/wp\/v2\/media?parent=6547"}],"wp:term":[{"taxonomy":"category","embeddable":true,"href":"https:\/\/ultimato.com.br\/sites\/blogdaultimato\/wp-json\/wp\/v2\/categories?post=6547"},{"taxonomy":"post_tag","embeddable":true,"href":"https:\/\/ultimato.com.br\/sites\/blogdaultimato\/wp-json\/wp\/v2\/tags?post=6547"}],"curies":[{"name":"wp","href":"https:\/\/api.w.org\/{rel}","templated":true}]}}