{"id":6508,"date":"2015-05-25T10:55:31","date_gmt":"2015-05-25T13:55:31","guid":{"rendered":"http:\/\/ultimato.com.br\/sites\/blogdaultimato\/?p=6508"},"modified":"2015-05-25T10:55:31","modified_gmt":"2015-05-25T13:55:31","slug":"pentecostes-o-espirito-santo-em-movimento","status":"publish","type":"post","link":"https:\/\/ultimato.com.br\/sites\/blogdaultimato\/2015\/05\/25\/pentecostes-o-espirito-santo-em-movimento\/","title":{"rendered":"Pentecostes: o Esp\u00edrito Santo em movimento!"},"content":{"rendered":"<p><a href=\"http:\/\/ultimato.com.br\/sites\/blogdaultimato\/files\/2015\/05\/Capa_ult_Espirito.jpg\" class=\"lightview\" data-lightview-group=\"group-6508\" data-lightview-options=\"skin: 'dark', controls: 'relative', padding: '10', shadow: { color: '#000000', opacity: 0.08, blur: 3 }\"><img loading=\"lazy\" decoding=\"async\" class=\"alignright wp-image-6509\" src=\"http:\/\/ultimato.com.br\/sites\/blogdaultimato\/files\/2015\/05\/Capa_ult_Espirito.jpg\" alt=\"Capa_ult_Espirito\" width=\"400\" height=\"400\" srcset=\"https:\/\/ultimato.com.br\/sites\/blogdaultimato\/files\/2015\/05\/Capa_ult_Espirito.jpg 459w, https:\/\/ultimato.com.br\/sites\/blogdaultimato\/files\/2015\/05\/Capa_ult_Espirito-150x150.jpg 150w, https:\/\/ultimato.com.br\/sites\/blogdaultimato\/files\/2015\/05\/Capa_ult_Espirito-300x300.jpg 300w, https:\/\/ultimato.com.br\/sites\/blogdaultimato\/files\/2015\/05\/Capa_ult_Espirito-80x80.jpg 80w\" sizes=\"auto, (max-width: 400px) 100vw, 400px\" \/><\/a>No calend\u00e1rio lit\u00fargico crist\u00e3o, a igreja relembra no primeiro dia desta semana o Pentecostes. Os alem\u00e3es chamam de \u201cPfingsten\u201d, dia da lembran\u00e7a da vinda do Esp\u00edrito Santo, cinquenta dias depois da P\u00e1scoa.<\/p>\n<p>Se a igreja evang\u00e9lica foi renovada pelo Esp\u00edrito nas \u00faltimas d\u00e9cadas, parece um contrassenso a escassez de celebra\u00e7\u00e3o desta data em nossos cultos.<\/p>\n<p>Em janeiro de 2013, <strong>Ultimato<\/strong> estampava em sua capa a edi\u00e7\u00e3o <a href=\"http:\/\/www.ultimato.com.br\/revista\/340\">O Esp\u00edrito Santo em movimento<\/a>, com um panorama b\u00edblico sobre a a\u00e7\u00e3o da terceira pessoa da Trindade. EM um dos artigos, lembramos as palavras do capuchinho Frei Aldir Crocoli que definiu espiritualidade como \u201co modo de vida de uma pessoa onde o Esp\u00edrito est\u00e1 presente, atua, comunica, inspira e determina. Espiritualidade \u00e9 o resultado da presen\u00e7a transformadora do Esp\u00edrito. \u00c9 a sintonia ou conex\u00e3o do esp\u00edrito da pessoa com o Esp\u00edrito de Deus\u201d. J\u00e1 o pastor presbiteriano Eugene Peterson afirmava: \u201cDeus concede o Esp\u00edrito sem medida. Ele n\u00e3o o d\u00e1 como uma esmola. H\u00e1 imensidade no ato, extravag\u00e2ncia \u2013 mas nunca terei a dimens\u00e3o dessa imagem se estiver medindo a coisa a partir de minha perspectiva\u201d.<\/p>\n<p><a href=\"http:\/\/ultimato.com.br\/sites\/blogdaultimato\/files\/2015\/05\/capa_ult_assembleia-Deus.jpg\" class=\"lightview\" data-lightview-group=\"group-6508\" data-lightview-options=\"skin: 'dark', controls: 'relative', padding: '10', shadow: { color: '#000000', opacity: 0.08, blur: 3 }\"><img loading=\"lazy\" decoding=\"async\" class=\"alignleft size-full wp-image-6510\" src=\"http:\/\/ultimato.com.br\/sites\/blogdaultimato\/files\/2015\/05\/capa_ult_assembleia-Deus.jpg\" alt=\"capa_ult_assembleia-Deus\" width=\"160\" height=\"210\" srcset=\"https:\/\/ultimato.com.br\/sites\/blogdaultimato\/files\/2015\/05\/capa_ult_assembleia-Deus.jpg 160w, https:\/\/ultimato.com.br\/sites\/blogdaultimato\/files\/2015\/05\/capa_ult_assembleia-Deus-114x150.jpg 114w\" sizes=\"auto, (max-width: 160px) 100vw, 160px\" \/><\/a>Para n\u00e3o dizer que n\u00e3o falamos de efeitos concretos da a\u00e7\u00e3o do Esp\u00edrito Santo, a <a href=\"http:\/\/www.ultimato.com.br\/revista\/331\">revista Ultimato<\/a> de julho de 2011, trouxe em sua capa os 100 anos de exist\u00eancia da Assembleia de Deus no Brasil. A \u201cmaior denomina\u00e7\u00e3o evang\u00e9lica do pa\u00eds\u201d celebrava seu centen\u00e1rio, com uma das suas <a href=\"http:\/\/www.ultimato.com.br\/revista\/artigos\/331\/o-crescimento-assombroso-das-assembleias-de-deus-no-brasil-e-suas-razoes\">convic\u00e7\u00f5es<\/a>: \u201cAs Assembleias de Deus crescem por causa da import\u00e2ncia dada \u00e0 pessoa e \u00e0 obra do Esp\u00edrito Santo\u201d, disse seu presidente Jos\u00e9 Wellington Bezerra da Costa. Mas prova de crescimento n\u00e3o significa prova de perfei\u00e7\u00e3o. A referida edi\u00e7\u00e3o tamb\u00e9m n\u00e3o deixou de publicar alguns perigos para os quais os assembleianos precisam ter aten\u00e7\u00e3o, como <a href=\"http:\/\/www.ultimato.com.br\/revista\/artigos\/331\/os-assembleianos-nao-podem-sobrecarregar-demais-e-os-outros-nao-podem-aliviar-demais\">\u201csobrecarregar demais as pessoas\u201d<\/a> e para n\u00e3o <a href=\"http:\/\/www.ultimato.com.br\/revista\/artigos\/331\/eu-sou-de-sao-cristovao-e-eu-sou-de-madureira\">dividir<\/a> a igreja.<\/p>\n<p>Como disse o te\u00f3logo mineiro Carlos Caldas:<\/p>\n<p>\u201cO Esp\u00edrito veio para ficar, para capacitar a igreja a ser serva da miss\u00e3o de Deus no mundo, para encher os seguidores de Jesus de f\u00e9, amor e esperan\u00e7a, para que desta maneira eles sejam fieis ao Senhor&#8221;<\/p>\n<p>&nbsp;<\/p>\n","protected":false},"excerpt":{"rendered":"<p>No calend\u00e1rio lit\u00fargico crist\u00e3o, a igreja relembra no primeiro dia desta semana o Pentecostes. Os alem\u00e3es chamam de \u201cPfingsten\u201d, dia da lembran\u00e7a da vinda do Esp\u00edrito Santo, cinquenta dias depois da P\u00e1scoa.<br \/>\nSe a igreja evang\u00e9lica foi renovada pelo Esp\u00edrito nas \u00faltimas d\u00e9cadas, parece um contrassenso a escassez de celebra\u00e7\u00e3o desta data em nossos cultos.<br \/>\nEm janeiro [&#8230;]<\/p>\n","protected":false},"author":21,"featured_media":0,"comment_status":"open","ping_status":"open","sticky":false,"template":"","format":"standard","meta":{"ngg_post_thumbnail":0,"footnotes":""},"categories":[5153],"tags":[22829,5505,5953],"class_list":["post-6508","post","type-post","status-publish","format-standard","hentry","category-prateleira","tag-calendario-liturgico","tag-espirito-santo","tag-revista-ultimato"],"_links":{"self":[{"href":"https:\/\/ultimato.com.br\/sites\/blogdaultimato\/wp-json\/wp\/v2\/posts\/6508","targetHints":{"allow":["GET"]}}],"collection":[{"href":"https:\/\/ultimato.com.br\/sites\/blogdaultimato\/wp-json\/wp\/v2\/posts"}],"about":[{"href":"https:\/\/ultimato.com.br\/sites\/blogdaultimato\/wp-json\/wp\/v2\/types\/post"}],"author":[{"embeddable":true,"href":"https:\/\/ultimato.com.br\/sites\/blogdaultimato\/wp-json\/wp\/v2\/users\/21"}],"replies":[{"embeddable":true,"href":"https:\/\/ultimato.com.br\/sites\/blogdaultimato\/wp-json\/wp\/v2\/comments?post=6508"}],"version-history":[{"count":1,"href":"https:\/\/ultimato.com.br\/sites\/blogdaultimato\/wp-json\/wp\/v2\/posts\/6508\/revisions"}],"predecessor-version":[{"id":6511,"href":"https:\/\/ultimato.com.br\/sites\/blogdaultimato\/wp-json\/wp\/v2\/posts\/6508\/revisions\/6511"}],"wp:attachment":[{"href":"https:\/\/ultimato.com.br\/sites\/blogdaultimato\/wp-json\/wp\/v2\/media?parent=6508"}],"wp:term":[{"taxonomy":"category","embeddable":true,"href":"https:\/\/ultimato.com.br\/sites\/blogdaultimato\/wp-json\/wp\/v2\/categories?post=6508"},{"taxonomy":"post_tag","embeddable":true,"href":"https:\/\/ultimato.com.br\/sites\/blogdaultimato\/wp-json\/wp\/v2\/tags?post=6508"}],"curies":[{"name":"wp","href":"https:\/\/api.w.org\/{rel}","templated":true}]}}