{"id":6497,"date":"2015-05-18T12:18:37","date_gmt":"2015-05-18T15:18:37","guid":{"rendered":"http:\/\/ultimato.com.br\/sites\/blogdaultimato\/?p=6497"},"modified":"2015-05-18T12:27:08","modified_gmt":"2015-05-18T15:27:08","slug":"cancao-de-o-mundo-de-narnia","status":"publish","type":"post","link":"https:\/\/ultimato.com.br\/sites\/blogdaultimato\/2015\/05\/18\/cancao-de-o-mundo-de-narnia\/","title":{"rendered":"Can\u00e7\u00e3o de \u201cO Mundo de N\u00e1rnia\u201d"},"content":{"rendered":"<p><em><a href=\"http:\/\/ultimato.com.br\/sites\/blogdaultimato\/files\/2015\/05\/BlogUlt_18_05_15_Mundo_Narnia.jpg\" class=\"lightview\" data-lightview-group=\"group-6497\" data-lightview-options=\"skin: 'dark', controls: 'relative', padding: '10', shadow: { color: '#000000', opacity: 0.08, blur: 3 }\"><img loading=\"lazy\" decoding=\"async\" class=\"aligncenter size-full wp-image-6504\" src=\"http:\/\/ultimato.com.br\/sites\/blogdaultimato\/files\/2015\/05\/BlogUlt_18_05_15_Mundo_Narnia.jpg\" alt=\"BlogUlt_18_05_15_Mundo_Narnia\" width=\"502\" height=\"186\" srcset=\"https:\/\/ultimato.com.br\/sites\/blogdaultimato\/files\/2015\/05\/BlogUlt_18_05_15_Mundo_Narnia.jpg 502w, https:\/\/ultimato.com.br\/sites\/blogdaultimato\/files\/2015\/05\/BlogUlt_18_05_15_Mundo_Narnia-300x111.jpg 300w, https:\/\/ultimato.com.br\/sites\/blogdaultimato\/files\/2015\/05\/BlogUlt_18_05_15_Mundo_Narnia-150x56.jpg 150w\" sizes=\"auto, (max-width: 502px) 100vw, 502px\" \/><\/a><\/em><\/p>\n<p>&nbsp;<\/p>\n<p><em>Por Gabriele Greggersen<\/em><\/p>\n<p>Narniano e narniana, atual ou potencial,<br \/>\nVenho convid\u00e1-los para um encontro fenomenal,<br \/>\nL\u00e1 na terra de onde eu vim, que \u00e9 Cascavel<br \/>\nNo sul do Paran\u00e1, onde mana leite e mel.<\/p>\n<p>Ser\u00e3o tr\u00eas noites, duas manh\u00e3s e uma tarde,<br \/>\nEm que muito se debater\u00e1 sobre o sul e o Norte<br \/>\nDa terra dos animais falantes que tanto encanta<br \/>\nE se fizer frio, n\u00e3o esque\u00e7a de trazer a manta.<\/p>\n<p><a href=\"http:\/\/www.mundodenarnia.com.br\" target=\"_blank\">O Mundo de N\u00e1rnia<\/a> \u00e9 o nome e come\u00e7a sexta-feira<br \/>\nCom uma abertura, cantoria e palestra maneira.<br \/>\nDepois haver\u00e1 um grande debate no fim do dia.<br \/>\nNo dia seguinte, visita\u00e7\u00e3o e games para sua alegria.<\/p>\n<p>Mais \u00e0 noite, avalia\u00e7\u00e3o do concurso Cosplay,<br \/>\nDepois, palestras imperd\u00edveis para os f\u00e3s do Narnia Day,<br \/>\nSegue da orquestra sinf\u00f4nica de Cascavel apresenta\u00e7\u00e3o,<br \/>\nDos pr\u00eamios a entrega e sala Vip com muita anima\u00e7\u00e3o.<\/p>\n<p>O domingo \u00e9 de cantoria do Ricardo que ficar\u00e1<br \/>\nDispon\u00edvel para perguntas, ap\u00f3s a oficina que ensinar\u00e1,<br \/>\nTudinho sobre como um bonito romance escrever.<br \/>\nE por fim, outra oficina sobre como hist\u00f3rias contar.<\/p>\n<p>Se com N\u00e1rnia encantado voc\u00ea ainda n\u00e3o estava,<br \/>\nOu com obras de C.S. Lewis nem mesmo flertava,<br \/>\nAgora eu garanto que n\u00e3o deixar\u00e1 de se apaixonar<br \/>\nE conosco desse amor e desse mundo ir\u00e1 compartilhar.<\/p>\n<div id=\"attachment_6498\" style=\"width: 577px\" class=\"wp-caption alignleft\"><a href=\"http:\/\/ultimato.com.br\/sites\/blogdaultimato\/files\/2015\/05\/mundo_narnia.jpg\" class=\"lightview\" data-lightview-group=\"group-6497\" data-lightview-options=\"skin: 'dark', controls: 'relative', padding: '10', shadow: { color: '#000000', opacity: 0.08, blur: 3 }\"><img loading=\"lazy\" decoding=\"async\" aria-describedby=\"caption-attachment-6498\" class=\"wp-image-6498 size-full\" src=\"http:\/\/ultimato.com.br\/sites\/blogdaultimato\/files\/2015\/05\/mundo_narnia.jpg\" alt=\"mundo_narnia\" width=\"567\" height=\"802\" srcset=\"https:\/\/ultimato.com.br\/sites\/blogdaultimato\/files\/2015\/05\/mundo_narnia.jpg 567w, https:\/\/ultimato.com.br\/sites\/blogdaultimato\/files\/2015\/05\/mundo_narnia-212x300.jpg 212w, https:\/\/ultimato.com.br\/sites\/blogdaultimato\/files\/2015\/05\/mundo_narnia-106x150.jpg 106w\" sizes=\"auto, (max-width: 567px) 100vw, 567px\" \/><\/a><p id=\"caption-attachment-6498\" class=\"wp-caption-text\">MAIS INFORMA\u00c7\u00d5ES: www.mundodenarnia.com.br<\/p><\/div>\n<p>&nbsp;<\/p>\n","protected":false},"excerpt":{"rendered":"<p>&nbsp;<br \/>\nPor Gabriele Greggersen<br \/>\nNarniano e narniana, atual ou potencial,<br \/>\nVenho convid\u00e1-los para um encontro fenomenal,<br \/>\nL\u00e1 na terra de onde eu vim, que \u00e9 Cascavel<br \/>\nNo sul do Paran\u00e1, onde mana leite e mel.<br \/>\nSer\u00e3o tr\u00eas noites, duas manh\u00e3s e uma tarde,<br \/>\nEm que muito se debater\u00e1 sobre o sul e o Norte<br \/>\nDa terra dos animais falantes que tanto encanta<br \/>\nE se [&#8230;]<\/p>\n","protected":false},"author":21,"featured_media":0,"comment_status":"open","ping_status":"open","sticky":false,"template":"","format":"standard","meta":{"ngg_post_thumbnail":0,"footnotes":""},"categories":[6114],"tags":[172,5305,22827],"class_list":["post-6497","post","type-post","status-publish","format-standard","hentry","category-ultimas-de-la","tag-agenda","tag-cs-lewis","tag-narnia"],"_links":{"self":[{"href":"https:\/\/ultimato.com.br\/sites\/blogdaultimato\/wp-json\/wp\/v2\/posts\/6497","targetHints":{"allow":["GET"]}}],"collection":[{"href":"https:\/\/ultimato.com.br\/sites\/blogdaultimato\/wp-json\/wp\/v2\/posts"}],"about":[{"href":"https:\/\/ultimato.com.br\/sites\/blogdaultimato\/wp-json\/wp\/v2\/types\/post"}],"author":[{"embeddable":true,"href":"https:\/\/ultimato.com.br\/sites\/blogdaultimato\/wp-json\/wp\/v2\/users\/21"}],"replies":[{"embeddable":true,"href":"https:\/\/ultimato.com.br\/sites\/blogdaultimato\/wp-json\/wp\/v2\/comments?post=6497"}],"version-history":[{"count":6,"href":"https:\/\/ultimato.com.br\/sites\/blogdaultimato\/wp-json\/wp\/v2\/posts\/6497\/revisions"}],"predecessor-version":[{"id":6505,"href":"https:\/\/ultimato.com.br\/sites\/blogdaultimato\/wp-json\/wp\/v2\/posts\/6497\/revisions\/6505"}],"wp:attachment":[{"href":"https:\/\/ultimato.com.br\/sites\/blogdaultimato\/wp-json\/wp\/v2\/media?parent=6497"}],"wp:term":[{"taxonomy":"category","embeddable":true,"href":"https:\/\/ultimato.com.br\/sites\/blogdaultimato\/wp-json\/wp\/v2\/categories?post=6497"},{"taxonomy":"post_tag","embeddable":true,"href":"https:\/\/ultimato.com.br\/sites\/blogdaultimato\/wp-json\/wp\/v2\/tags?post=6497"}],"curies":[{"name":"wp","href":"https:\/\/api.w.org\/{rel}","templated":true}]}}