{"id":6483,"date":"2015-05-11T12:25:21","date_gmt":"2015-05-11T15:25:21","guid":{"rendered":"http:\/\/ultimato.com.br\/sites\/blogdaultimato\/?p=6483"},"modified":"2015-05-11T12:25:21","modified_gmt":"2015-05-11T15:25:21","slug":"ultimato-e-veja-pequenas-coincidencias-grandes-diferencas","status":"publish","type":"post","link":"https:\/\/ultimato.com.br\/sites\/blogdaultimato\/2015\/05\/11\/ultimato-e-veja-pequenas-coincidencias-grandes-diferencas\/","title":{"rendered":"Ultimato e Veja: pequenas coincid\u00eancias, grandes diferen\u00e7as"},"content":{"rendered":"<div id=\"attachment_6450\" style=\"width: 260px\" class=\"wp-caption alignright\"><a href=\"http:\/\/ultimato.com.br\/sites\/blogdaultimato\/files\/2015\/05\/CapaUlt_2015_mai-jun.jpg\" class=\"lightview\" data-lightview-group=\"group-6483\" data-lightview-options=\"skin: 'dark', controls: 'relative', padding: '10', shadow: { color: '#000000', opacity: 0.08, blur: 3 }\"><img loading=\"lazy\" decoding=\"async\" aria-describedby=\"caption-attachment-6450\" class=\"wp-image-6450\" src=\"http:\/\/ultimato.com.br\/sites\/blogdaultimato\/files\/2015\/05\/CapaUlt_2015_mai-jun.jpg\" alt=\"Ultimato, mai-jun, 2015\" width=\"250\" height=\"335\" srcset=\"https:\/\/ultimato.com.br\/sites\/blogdaultimato\/files\/2015\/05\/CapaUlt_2015_mai-jun.jpg 520w, https:\/\/ultimato.com.br\/sites\/blogdaultimato\/files\/2015\/05\/CapaUlt_2015_mai-jun-224x300.jpg 224w, https:\/\/ultimato.com.br\/sites\/blogdaultimato\/files\/2015\/05\/CapaUlt_2015_mai-jun-112x150.jpg 112w\" sizes=\"auto, (max-width: 250px) 100vw, 250px\" \/><\/a><p id=\"caption-attachment-6450\" class=\"wp-caption-text\">Ultimato, mai-jun, 2015<\/p><\/div>\n<p>A revista <strong>Ultimato<\/strong> e a revista Veja n\u00e3o se parecem. A n\u00e3o ser pelo fato de que ambas entraram em circula\u00e7\u00e3o em 1968.<\/p>\n<p>Em abril, no entanto, aconteceu uma coincid\u00eancia. A mat\u00e9ria de capa da edi\u00e7\u00e3o 2420 da revista semanal \u00e9 a mesma da <a href=\"http:\/\/www.ultimato.com.br\/revista\/354\">edi\u00e7\u00e3o 354<\/a> da revista <strong>Ultimato<\/strong>, que entrou em circula\u00e7\u00e3o no final daquele m\u00eas.<\/p>\n<p>Na capa da revista Veja, l\u00ea-se uma esp\u00e9cie de resigna\u00e7\u00e3o: \u201cComo o grande dogma do cristianismo [a ressurrei\u00e7\u00e3o] resiste em um mundo cada vez mais c\u00e9tico\u201d. Na capa da <strong>Ultimato<\/strong> l\u00ea-se uma pergunta: \u201cA centralidade de Jesus Cristo est\u00e1 em decl\u00ednio\u201d?<\/p>\n<p>As ilustra\u00e7\u00f5es das duas revistas tamb\u00e9m seguem um tom parecido. E terminam a\u00ed as semelhan\u00e7as.<\/p>\n<p><a href=\"http:\/\/ultimato.com.br\/sites\/blogdaultimato\/files\/2015\/05\/\u00cdndice.jpg\"><img loading=\"lazy\" decoding=\"async\" class=\"alignleft size-full wp-image-6484\" src=\"http:\/\/ultimato.com.br\/sites\/blogdaultimato\/files\/2015\/05\/\u00cdndice.jpg\" alt=\"\u00cdndice\" width=\"198\" height=\"255\" srcset=\"https:\/\/ultimato.com.br\/sites\/blogdaultimato\/files\/2015\/05\/\u00cdndice.jpg 198w, https:\/\/ultimato.com.br\/sites\/blogdaultimato\/files\/2015\/05\/\u00cdndice-116x150.jpg 116w\" sizes=\"auto, (max-width: 198px) 100vw, 198px\" \/><\/a>A revista semanal come\u00e7a com o que chama \u201cgrande dogma\u201d da ressurrei\u00e7\u00e3o e cita acertadamente \u201cSe Cristo n\u00e3o ressuscitou, \u00e9 v\u00e3 a nossa prega\u00e7\u00e3o, e v\u00e1, a vossa f\u00e9\u201d (1 Co 15.14). Depois, brinca de esconde-esconde com os novos e velhos ateus para, finalmente, terminar a mat\u00e9ria com um \u201cconforto\u201d: \u201cSe nenhuma explica\u00e7\u00e3o \u00e9 poss\u00edvel para a morte, um caminho \u00e9 a sobreviv\u00eancia da consci\u00eancia, aplicada a microchips digitais\u201d.<\/p>\n<p>Bem, <strong>Ultimato<\/strong> n\u00e3o tem talento para tamanha gin\u00e1stica \u2018espiritual\u2019. A pergunta que encabe\u00e7a a s\u00e9rie de artigos sobre Jesus Cristo precisa ser levada a s\u00e9rio pela igreja. O que est\u00e1 acontecendo nos semin\u00e1rios, nos eventos eclesi\u00e1sticos, no p\u00falpito, nas ora\u00e7\u00f5es e na mem\u00f3ria dos crist\u00e3os em rela\u00e7\u00e3o a centralidade da pessoa e da obra de Jesus Cristo?<\/p>\n<p>S\u00e3o v\u00e1rias as respostas. No entanto, a <a href=\"http:\/\/www.ultimato.com.br\/conteudo\/uma-ressurreicao-atras-da-outra\">Abertura<\/a> da revista n\u00e3o deixa d\u00favidas de \u201conde nos vem a certeza da centralidade absoluta de Jesus\u201d.<\/p>\n<p>&nbsp;<\/p>\n","protected":false},"excerpt":{"rendered":"<p>A revista Ultimato e a revista Veja n\u00e3o se parecem. A n\u00e3o ser pelo fato de que ambas entraram em circula\u00e7\u00e3o em 1968.<br \/>\nEm abril, no entanto, aconteceu uma coincid\u00eancia. A mat\u00e9ria de capa da edi\u00e7\u00e3o 2420 da revista semanal \u00e9 a mesma da edi\u00e7\u00e3o 354 da revista Ultimato, que entrou em circula\u00e7\u00e3o no final daquele [&#8230;]<\/p>\n","protected":false},"author":21,"featured_media":0,"comment_status":"open","ping_status":"open","sticky":false,"template":"","format":"standard","meta":{"ngg_post_thumbnail":0,"footnotes":""},"categories":[5153],"tags":[22823,22821],"class_list":["post-6483","post","type-post","status-publish","format-standard","hentry","category-prateleira","tag-revista-ultimato-354","tag-ultimato-354"],"_links":{"self":[{"href":"https:\/\/ultimato.com.br\/sites\/blogdaultimato\/wp-json\/wp\/v2\/posts\/6483","targetHints":{"allow":["GET"]}}],"collection":[{"href":"https:\/\/ultimato.com.br\/sites\/blogdaultimato\/wp-json\/wp\/v2\/posts"}],"about":[{"href":"https:\/\/ultimato.com.br\/sites\/blogdaultimato\/wp-json\/wp\/v2\/types\/post"}],"author":[{"embeddable":true,"href":"https:\/\/ultimato.com.br\/sites\/blogdaultimato\/wp-json\/wp\/v2\/users\/21"}],"replies":[{"embeddable":true,"href":"https:\/\/ultimato.com.br\/sites\/blogdaultimato\/wp-json\/wp\/v2\/comments?post=6483"}],"version-history":[{"count":1,"href":"https:\/\/ultimato.com.br\/sites\/blogdaultimato\/wp-json\/wp\/v2\/posts\/6483\/revisions"}],"predecessor-version":[{"id":6485,"href":"https:\/\/ultimato.com.br\/sites\/blogdaultimato\/wp-json\/wp\/v2\/posts\/6483\/revisions\/6485"}],"wp:attachment":[{"href":"https:\/\/ultimato.com.br\/sites\/blogdaultimato\/wp-json\/wp\/v2\/media?parent=6483"}],"wp:term":[{"taxonomy":"category","embeddable":true,"href":"https:\/\/ultimato.com.br\/sites\/blogdaultimato\/wp-json\/wp\/v2\/categories?post=6483"},{"taxonomy":"post_tag","embeddable":true,"href":"https:\/\/ultimato.com.br\/sites\/blogdaultimato\/wp-json\/wp\/v2\/tags?post=6483"}],"curies":[{"name":"wp","href":"https:\/\/api.w.org\/{rel}","templated":true}]}}