{"id":6405,"date":"2015-05-01T00:01:19","date_gmt":"2015-05-01T03:01:19","guid":{"rendered":"http:\/\/ultimato.com.br\/sites\/blogdaultimato\/?p=6405"},"modified":"2015-04-30T10:52:33","modified_gmt":"2015-04-30T13:52:33","slug":"ultimato-chega-a-missionarios-em-areas-inospitas","status":"publish","type":"post","link":"https:\/\/ultimato.com.br\/sites\/blogdaultimato\/2015\/05\/01\/ultimato-chega-a-missionarios-em-areas-inospitas\/","title":{"rendered":"Ultimato chega a mission\u00e1rios em \u00e1reas in\u00f3spitas"},"content":{"rendered":"<p><a href=\"http:\/\/ultimato.com.br\/sites\/blogdaultimato\/files\/2014\/06\/selo_acoes_ministeriais.jpg\" class=\"lightview\" data-lightview-group=\"group-6405\" data-lightview-options=\"skin: 'dark', controls: 'relative', padding: '10', shadow: { color: '#000000', opacity: 0.08, blur: 3 }\"><img loading=\"lazy\" decoding=\"async\" class=\"aligncenter size-full wp-image-5637\" src=\"http:\/\/ultimato.com.br\/sites\/blogdaultimato\/files\/2014\/06\/selo_acoes_ministeriais.jpg\" alt=\"selo_acoes_ministeriais\" width=\"662\" height=\"127\" \/><\/a><\/p>\n<p><em>Por Ariane Gomes<\/em><\/p>\n<p>Desde setembro de 2014, mais de 900 mission\u00e1rios est\u00e3o recebendo gratuitamente exemplares da revista Ultimato, por meio da parceria com cerca de cinquenta ag\u00eancias e organiza\u00e7\u00f5es. Esta a\u00e7\u00e3o se estender\u00e1 at\u00e9 maio de 2016 e durante este per\u00edodo compartilharemos relatos do envio e da chegada das revistas nos campos.<\/p>\n<p><a href=\"http:\/\/ultimato.com.br\/sites\/blogdaultimato\/files\/2015\/04\/Blog_Ult_30_04_15_A\u00e7\u00f5es_ministeriais.jpg\"><img loading=\"lazy\" decoding=\"async\" class=\"alignright size-full wp-image-6406\" src=\"http:\/\/ultimato.com.br\/sites\/blogdaultimato\/files\/2015\/04\/Blog_Ult_30_04_15_A\u00e7\u00f5es_ministeriais.jpg\" alt=\"Blog_Ult_30_04_15_A\u00e7\u00f5es_ministeriais\" width=\"359\" height=\"269\" srcset=\"https:\/\/ultimato.com.br\/sites\/blogdaultimato\/files\/2015\/04\/Blog_Ult_30_04_15_A\u00e7\u00f5es_ministeriais.jpg 359w, https:\/\/ultimato.com.br\/sites\/blogdaultimato\/files\/2015\/04\/Blog_Ult_30_04_15_A\u00e7\u00f5es_ministeriais-300x225.jpg 300w, https:\/\/ultimato.com.br\/sites\/blogdaultimato\/files\/2015\/04\/Blog_Ult_30_04_15_A\u00e7\u00f5es_ministeriais-150x112.jpg 150w\" sizes=\"auto, (max-width: 359px) 100vw, 359px\" \/><\/a>Desta vez, aproveitamos para contar sobre a carta do reverendo Josenildo Virgolino, da <a href=\"http:\/\/www.portalamai.com.br\/p\/quem-somos.html\">Miss\u00e3o AMAI<\/a> (A\u00e7\u00e3o Mission\u00e1ria para \u00c1reas In\u00f3spitas), com sede em Recife, PE, em que ele relata not\u00edcias do II Encontro de Minist\u00e9rio, ocorrido em novembro de 2014. Esse encontro teve por objetivo reunir as fam\u00edlias e jovens que trabalham na AMAI para compartilhar relat\u00f3rios e experi\u00eancias. Os casais puderam conversar com uma psic\u00f3loga e com uma das diretoras da AMAI e n\u00e3o faltaram momentos de conversa, descontra\u00e7\u00e3o e brincadeiras para todos, o que tamb\u00e9m era alvo do encontro.<\/p>\n<p>Neste evento, foi inaugurada a Tenda Moriah \u2013 uma estrutura m\u00f3vel em forma de circo com capacidade para mais de quatrocentas pessoas que tem por finalidade servir de base m\u00f3vel na realiza\u00e7\u00e3o de vig\u00edlias, confer\u00eancias para mission\u00e1rios, pastores e l\u00edderes e para cruzadas evangel\u00edsticas no sert\u00e3o Nordestino. O reverendo Josenildo e sua equipe aproveitaram o encontro dos mission\u00e1rios para entregar o primeiro pacote de exemplares de <strong>Ultimato<\/strong> enviado a eles.<\/p>\n<p>Gostou de conhecer o relato da Miss\u00e3o AMAI? Sua organiza\u00e7\u00e3o tamb\u00e9m pode contar not\u00edcias do trabalho que realiza e da chegada da <strong>Ultimato<\/strong> aos seus mission\u00e1rios. Escreva-nos!<\/p>\n<p>Continuamos orando para que, al\u00e9m de espalhar conte\u00fado que transforma, a chegada da revista na casa de cada fam\u00edlia mission\u00e1ria promova alento, \u00e2nimo e esperan\u00e7a.<\/p>\n<p>Conhe\u00e7a mais sobre as a\u00e7\u00f5es ministeriais de <strong>Ultimato<\/strong>. Clique <a href=\"http:\/\/ultimato.com.br\/sites\/blogdaultimato\/categoria\/ultimas-de-ca\/acoes-ministeriais-ultimas-de-ca\/\" target=\"_blank\">aqui<\/a>.<\/p>\n","protected":false},"excerpt":{"rendered":"<p>Por Ariane Gomes<br \/>\nDesde setembro de 2014, mais de 900 mission\u00e1rios est\u00e3o recebendo gratuitamente exemplares da revista Ultimato, por meio da parceria com cerca de cinquenta ag\u00eancias e organiza\u00e7\u00f5es. Esta a\u00e7\u00e3o se estender\u00e1 at\u00e9 maio de 2016 e durante este per\u00edodo compartilharemos relatos do envio e da chegada das revistas nos campos.<br \/>\nDesta vez, aproveitamos para contar [&#8230;]<\/p>\n","protected":false},"author":21,"featured_media":0,"comment_status":"open","ping_status":"open","sticky":false,"template":"","format":"standard","meta":{"ngg_post_thumbnail":0,"footnotes":""},"categories":[22790],"tags":[19284,22824],"class_list":["post-6405","post","type-post","status-publish","format-standard","hentry","category-acoes-ministeriais-ultimas-de-ca","tag-acoes-ministeriais","tag-amai"],"_links":{"self":[{"href":"https:\/\/ultimato.com.br\/sites\/blogdaultimato\/wp-json\/wp\/v2\/posts\/6405","targetHints":{"allow":["GET"]}}],"collection":[{"href":"https:\/\/ultimato.com.br\/sites\/blogdaultimato\/wp-json\/wp\/v2\/posts"}],"about":[{"href":"https:\/\/ultimato.com.br\/sites\/blogdaultimato\/wp-json\/wp\/v2\/types\/post"}],"author":[{"embeddable":true,"href":"https:\/\/ultimato.com.br\/sites\/blogdaultimato\/wp-json\/wp\/v2\/users\/21"}],"replies":[{"embeddable":true,"href":"https:\/\/ultimato.com.br\/sites\/blogdaultimato\/wp-json\/wp\/v2\/comments?post=6405"}],"version-history":[{"count":2,"href":"https:\/\/ultimato.com.br\/sites\/blogdaultimato\/wp-json\/wp\/v2\/posts\/6405\/revisions"}],"predecessor-version":[{"id":6408,"href":"https:\/\/ultimato.com.br\/sites\/blogdaultimato\/wp-json\/wp\/v2\/posts\/6405\/revisions\/6408"}],"wp:attachment":[{"href":"https:\/\/ultimato.com.br\/sites\/blogdaultimato\/wp-json\/wp\/v2\/media?parent=6405"}],"wp:term":[{"taxonomy":"category","embeddable":true,"href":"https:\/\/ultimato.com.br\/sites\/blogdaultimato\/wp-json\/wp\/v2\/categories?post=6405"},{"taxonomy":"post_tag","embeddable":true,"href":"https:\/\/ultimato.com.br\/sites\/blogdaultimato\/wp-json\/wp\/v2\/tags?post=6405"}],"curies":[{"name":"wp","href":"https:\/\/api.w.org\/{rel}","templated":true}]}}