{"id":6399,"date":"2015-04-28T08:11:46","date_gmt":"2015-04-28T11:11:46","guid":{"rendered":"http:\/\/ultimato.com.br\/sites\/blogdaultimato\/?p=6399"},"modified":"2015-04-28T08:39:25","modified_gmt":"2015-04-28T11:39:25","slug":"ariovaldo-ramos-vem-a-vicosa-para-lancar-livro-sobre-sofrimento","status":"publish","type":"post","link":"https:\/\/ultimato.com.br\/sites\/blogdaultimato\/2015\/04\/28\/ariovaldo-ramos-vem-a-vicosa-para-lancar-livro-sobre-sofrimento\/","title":{"rendered":"Ariovaldo Ramos vem \u00e0 Vi\u00e7osa para lan\u00e7ar livro sobre sofrimento"},"content":{"rendered":"<p><a href=\"http:\/\/ultimato.com.br\/sites\/blogdaultimato\/files\/2015\/04\/Ariovaldo_Ramos.jpg\" class=\"lightview\" data-lightview-group=\"group-6399\" data-lightview-options=\"skin: 'dark', controls: 'relative', padding: '10', shadow: { color: '#000000', opacity: 0.08, blur: 3 }\"><img loading=\"lazy\" decoding=\"async\" class=\"alignright size-full wp-image-6400\" src=\"http:\/\/ultimato.com.br\/sites\/blogdaultimato\/files\/2015\/04\/Ariovaldo_Ramos.jpg\" alt=\"Ariovaldo_Ramos\" width=\"187\" height=\"125\" srcset=\"https:\/\/ultimato.com.br\/sites\/blogdaultimato\/files\/2015\/04\/Ariovaldo_Ramos.jpg 187w, https:\/\/ultimato.com.br\/sites\/blogdaultimato\/files\/2015\/04\/Ariovaldo_Ramos-150x100.jpg 150w\" sizes=\"auto, (max-width: 187px) 100vw, 187px\" \/><\/a>O pastor e conferencista Ariovaldo Ramos est\u00e1 em Vi\u00e7osa (MG), para lan\u00e7ar hoje, \u00e0s 19h30, o livro <a href=\"http:\/\/www.ultimato.com.br\/loja\/produtos\/pare-de-conjugar-o-verbo-sofrer\">Pare de Conjugar o Verbo Sofrer<\/a>, da Editora Ultimato. O lan\u00e7amento da obra, que foi publicada em novembro de 2014, acontece na Igreja Presbiteriana de Vi\u00e7osa. Ariovaldo \u00e9 pastor na Comunidade Crist\u00e3 Reformada, em S\u00e3o Paulo, e um pensador crist\u00e3o prof\u00edcuo, que olha a vida com compaix\u00e3o e responsabilidade. \u00c9 em Vi\u00e7osa que a sede da Ultimato est\u00e1 localizada h\u00e1 d\u00e9cadas.<\/p>\n<p>Ariovaldo est\u00e1 em Vi\u00e7osa desde s\u00e1bado. No domingo, deu aula na Escola Dominical da Igreja Presbiteriana do Vale do Sol e \u00e0 noite pregou na Igreja Presbiteriana de Vi\u00e7osa. No serm\u00e3o da noite, refletiu sobre a afirma\u00e7\u00e3o joanina de que &#8220;Deus \u00e9 amor&#8221; (1 Jo\u00e3o 4.8-12). &#8220;Deus \u00e9 amor. Deus \u00e9 comunidade da trindade. Amor n\u00e3o \u00e9 um sentimento. \u00c9 o nome da unidade. Viver em amor \u00e9 a busca por viver na unidade&#8221;, disse.<strong><br \/>\n<\/strong><\/p>\n<p>Ontem, dia 27, Ariovaldo encontrou-se com l\u00edderes de igrejas locais e conversou sobre a miss\u00e3o da igreja. &#8220;Em Cristo, nosso problema com a eternidade j\u00e1 foi resolvido. Mas fomos mantidos na hist\u00f3ria porque temos uma miss\u00e3o a cumprir&#8221;. Ele lembrou tamb\u00e9m os quatro mandados da igreja: cultural, humanit\u00e1rio, diaconal e evangel\u00edstico. &#8220;A igreja est\u00e1 aqui para anunciar devo\u00e7\u00e3o, solidariedade e fraternidade&#8221;, disse.<\/p>\n<p><strong>Sobre o livro<\/strong><\/p>\n<p><a href=\"http:\/\/ultimato.com.br\/sites\/blogdaultimato\/files\/2015\/04\/book_pcvs.jpg\" class=\"lightview\" data-lightview-group=\"group-6399\" data-lightview-options=\"skin: 'dark', controls: 'relative', padding: '10', shadow: { color: '#000000', opacity: 0.08, blur: 3 }\"><img loading=\"lazy\" decoding=\"async\" class=\"alignleft wp-image-6401 size-medium\" src=\"http:\/\/ultimato.com.br\/sites\/blogdaultimato\/files\/2015\/04\/book_pcvs-201x300.jpg\" alt=\"book_pcvs\" width=\"201\" height=\"300\" srcset=\"https:\/\/ultimato.com.br\/sites\/blogdaultimato\/files\/2015\/04\/book_pcvs-201x300.jpg 201w, https:\/\/ultimato.com.br\/sites\/blogdaultimato\/files\/2015\/04\/book_pcvs-100x150.jpg 100w, https:\/\/ultimato.com.br\/sites\/blogdaultimato\/files\/2015\/04\/book_pcvs.jpg 297w\" sizes=\"auto, (max-width: 201px) 100vw, 201px\" \/><\/a>Em <a href=\"http:\/\/www.ultimato.com.br\/loja\/produtos\/pare-de-conjugar-o-verbo-sofrer\">Pare de Conjugar o Verbo Sofrer<\/a>, o autor aborda o tema do sofrimento<strong>. <\/strong>O livro \u00e9 de f\u00e1cil leitura, com diagrama\u00e7\u00e3o criativa, de frases curtas, mas de profundas ideias. Longe de uma teologia escapista \u2013 \u201co sofrimento \u00e9 inevit\u00e1vel\u201d, diz Ari -, o livro, no entanto, ajuda o leitor a n\u00e3o conformar-se com a dor e a experimentar uma nova vida em Cristo neste mundo imperfeito.<\/p>\n<p><a href=\"http:\/\/www.ultimato.com.br\/loja\/produtos\/pare-de-conjugar-o-verbo-sofrer\">Pare de Conjugar o Verbo Sofrer<\/a> mostra uma abordagem nova e radical sobre o sofrimento. Uma leitura profunda e cheia de gra\u00e7a, em que o autor brinca com as palavras ao mesmo tempo em que lhes d\u00e1 sentido b\u00edblico e pr\u00e1tico. Uma resposta essencialmente crist\u00e3 ao sofrimento.<\/p>\n<p><strong>Servi\u00e7o:<\/strong><br \/>\nLan\u00e7amento do livro <a href=\"http:\/\/www.ultimato.com.br\/loja\/produtos\/pare-de-conjugar-o-verbo-sofrer\">Para de Conjugar o Verbo Sofrer<\/a>.<br \/>\nLocal: Igreja Presbiteriana de Vi\u00e7osa (Av. P. H. Rolfs, 275 Centro, Vi\u00e7osa, MG).<br \/>\nData: 28\/04, ter\u00e7a-feira, \u00e0s 19h30.<\/p>\n<p><strong>Sobre o autor<br \/>\n<\/strong>Ariovaldo Ramos \u00e9 escritor, conferencista e pastor, em S\u00e3o Paulo (SP). Foi, por quatro anos, membro do Conselho Nacional de Seguran\u00e7a Alimentar e Nutricional (Consea) e \u00e9 presidente da Vis\u00e3o Mundial no Brasil.<\/p>\n<p><strong>O livro em frases<\/strong><br \/>\n\u201cJesus de Nazar\u00e9 viveu no ambiente do sofrimento, mas nunca deixou que o sofrimento vivesse nele!\u201d<br \/>\n\u201cInferno \u00e9 o nome da dimens\u00e3o espiritual da escurid\u00e3o na qual a humanidade passou a viver.\u201d<br \/>\n\u201cAdmitir que cometeu um erro \u00e9 decidir erradic\u00e1-lo da sua forma de viver.\u201d<br \/>\n\u201cDe perd\u00e3o em perd\u00e3o, voc\u00ea ser\u00e1 transformado na pessoa que deve tornar-se.\u201d<\/p>\n","protected":false},"excerpt":{"rendered":"<p>O pastor e conferencista Ariovaldo Ramos est\u00e1 em Vi\u00e7osa (MG), para lan\u00e7ar hoje, \u00e0s 19h30, o livro Pare de Conjugar o Verbo Sofrer, da Editora Ultimato. O lan\u00e7amento da obra, que foi publicada em novembro de 2014, acontece na Igreja Presbiteriana de Vi\u00e7osa. Ariovaldo \u00e9 pastor na Comunidade Crist\u00e3 Reformada, em S\u00e3o Paulo, e um [&#8230;]<\/p>\n","protected":false},"author":21,"featured_media":0,"comment_status":"open","ping_status":"open","sticky":false,"template":"","format":"standard","meta":{"ngg_post_thumbnail":0,"footnotes":""},"categories":[5153],"tags":[5220,104,26,6019],"class_list":["post-6399","post","type-post","status-publish","format-standard","hentry","category-prateleira","tag-ariovaldo-ramos","tag-missao","tag-missao-integral","tag-sofrimento"],"_links":{"self":[{"href":"https:\/\/ultimato.com.br\/sites\/blogdaultimato\/wp-json\/wp\/v2\/posts\/6399","targetHints":{"allow":["GET"]}}],"collection":[{"href":"https:\/\/ultimato.com.br\/sites\/blogdaultimato\/wp-json\/wp\/v2\/posts"}],"about":[{"href":"https:\/\/ultimato.com.br\/sites\/blogdaultimato\/wp-json\/wp\/v2\/types\/post"}],"author":[{"embeddable":true,"href":"https:\/\/ultimato.com.br\/sites\/blogdaultimato\/wp-json\/wp\/v2\/users\/21"}],"replies":[{"embeddable":true,"href":"https:\/\/ultimato.com.br\/sites\/blogdaultimato\/wp-json\/wp\/v2\/comments?post=6399"}],"version-history":[{"count":2,"href":"https:\/\/ultimato.com.br\/sites\/blogdaultimato\/wp-json\/wp\/v2\/posts\/6399\/revisions"}],"predecessor-version":[{"id":6403,"href":"https:\/\/ultimato.com.br\/sites\/blogdaultimato\/wp-json\/wp\/v2\/posts\/6399\/revisions\/6403"}],"wp:attachment":[{"href":"https:\/\/ultimato.com.br\/sites\/blogdaultimato\/wp-json\/wp\/v2\/media?parent=6399"}],"wp:term":[{"taxonomy":"category","embeddable":true,"href":"https:\/\/ultimato.com.br\/sites\/blogdaultimato\/wp-json\/wp\/v2\/categories?post=6399"},{"taxonomy":"post_tag","embeddable":true,"href":"https:\/\/ultimato.com.br\/sites\/blogdaultimato\/wp-json\/wp\/v2\/tags?post=6399"}],"curies":[{"name":"wp","href":"https:\/\/api.w.org\/{rel}","templated":true}]}}