{"id":6366,"date":"2015-04-06T09:00:06","date_gmt":"2015-04-06T12:00:06","guid":{"rendered":"http:\/\/ultimato.com.br\/sites\/blogdaultimato\/?p=6366"},"modified":"2015-05-06T07:42:13","modified_gmt":"2015-05-06T10:42:13","slug":"temos-artistas-cristaos-no-brasil","status":"publish","type":"post","link":"https:\/\/ultimato.com.br\/sites\/blogdaultimato\/2015\/04\/06\/temos-artistas-cristaos-no-brasil\/","title":{"rendered":"Por que temos t\u00e3o poucos artistas pl\u00e1sticos crist\u00e3os?"},"content":{"rendered":"<p><em><a href=\"http:\/\/ultimato.com.br\/sites\/blogdaultimato\/files\/2015\/04\/BlogUlt_04_05_15_Guarda_chuva.jpg\" class=\"lightview\" data-lightview-group=\"group-6366\" data-lightview-options=\"skin: 'dark', controls: 'relative', padding: '10', shadow: { color: '#000000', opacity: 0.08, blur: 3 }\"><img loading=\"lazy\" decoding=\"async\" class=\" size-full wp-image-6412 aligncenter\" src=\"http:\/\/ultimato.com.br\/sites\/blogdaultimato\/files\/2015\/04\/BlogUlt_04_05_15_Guarda_chuva.jpg\" alt=\"BlogUlt_04_05_15_Guarda_chuva\" width=\"529\" height=\"336\" srcset=\"https:\/\/ultimato.com.br\/sites\/blogdaultimato\/files\/2015\/04\/BlogUlt_04_05_15_Guarda_chuva.jpg 529w, https:\/\/ultimato.com.br\/sites\/blogdaultimato\/files\/2015\/04\/BlogUlt_04_05_15_Guarda_chuva-300x191.jpg 300w, https:\/\/ultimato.com.br\/sites\/blogdaultimato\/files\/2015\/04\/BlogUlt_04_05_15_Guarda_chuva-150x95.jpg 150w\" sizes=\"auto, (max-width: 529px) 100vw, 529px\" \/><\/a><\/em><\/p>\n<p><em>Por Rafaela Senfft<\/em><\/p>\n<p>A produ\u00e7\u00e3o art\u00edstica na comunidade crist\u00e3 \u00e9 ainda incipiente no campo das artes pl\u00e1sticas. H\u00e1 muito tempo os crist\u00e3os se alienaram dessas pr\u00e1ticas art\u00edsticas, talvez porque n\u00e3o tenham conseguido agreg\u00e1-las \u00e0 vida crist\u00e3 comunit\u00e1ria nem inclu\u00ed-las no \u00e2mbito da express\u00e3o est\u00e9tica do Reino de Deus. As preocupa\u00e7\u00f5es em preparar-se espiritualmente para a volta de Jesus, abstendo-se de tudo o que considerava \u201csecular\u201d, bem como o cuidado para n\u00e3o contaminar-se com o \u201cmundanismo\u2019, acabou jogando no cesto do secularismo muitas coisas que refletiriam a gl\u00f3ria de Deus. Muitas express\u00f5es musicais, por exemplo, que falam da natureza, da exist\u00eancia, dos sentimentos humanos, foram desprezadas pelos ouvidos crist\u00e3os porque foi-lhes ensinado a suprimir o que era \u201cterreno\u201d em troca da transcend\u00eancia. Com isso, perdeu-se a oportunidade de expandir o conte\u00fado do louvor literal. Acontece que a aus\u00eancia desses elementos que muitas vezes s\u00e3o negligenciados em fun\u00e7\u00e3o de um temor de se aliar ao secularismo, como a percep\u00e7\u00e3o e a reflex\u00e3o sobre as coisas naturais e existenciais, resulta num esvaziamento in\u00f3spito do \u201cpatamar superior\u201d, pois faltam elementos e recursos criativos; e a ideia de c\u00e9u cai naquele imagin\u00e1rio clich\u00ea monocrom\u00e1tico que consiste em anjinhos tocando harpa sobre nuvens.<!--more--><\/p>\n<p>Um dilema hist\u00f3rico pode nos ajudar a desenvolver este racioc\u00ednio. Desde quando o imperador Constantino instituiu as Bas\u00edlicas Romanas como locais de culto crist\u00e3o, decorar ou n\u00e3o as igrejas foi um assunto amplamente discutido. A decora\u00e7\u00e3o das bas\u00edlicas dependia de qu\u00e3o iconoclastas os papas eram. Alguns viam as imagens com parcial import\u00e2ncia, pois estas serviriam a fins did\u00e1ticos, a maioria da popula\u00e7\u00e3o n\u00e3o sabia ler e as cenas b\u00edblicas desenhadas nas paredes ajudariam estas pessoas a conhecer a narrativa crist\u00e3. Outros pensavam na arte como reflexo da gl\u00f3ria de Deus, por ser um talento dado pelo pr\u00f3prio Deus, refletia Seu poder vocacional sobre homens a fim de glorific\u00e1-lo, e ainda na pr\u00f3pria no\u00e7\u00e3o do Belo como uma virtude elevada, o resplendor das formas e cores seriam s\u00edmbolos da gl\u00f3ria divina, e a arte serviria como ve\u00edculo transportador at\u00e9 \u00e0 transcend\u00eancia. Os iconoclastas temiam que as imagens se tornassem como \u201cbezerros de ouro\u201d utilizados para a pr\u00e1tica da idolatria, tomando o lugar de Deus. Os protestantes brasileiros acabaram se aproximando desta ultima id\u00e9ia e o resultado disso foi uma pobreza est\u00e9tica que inibe a imagina\u00e7\u00e3o. Fomos privados de um aprendizado simb\u00f3lico que produziria em n\u00f3s um repert\u00f3rio riqu\u00edssimo de significados. Por causa desta priva\u00e7\u00e3o, nos tornamos pouco imaginativos e muito pragm\u00e1ticos; e, portanto, t\u00e3o pouco ligados \u00e0 ideia de eternidade (pois pensar na eternidade requer materiais imagin\u00e1rios e simb\u00f3licos complexos). Talvez por esta aus\u00eancia, haja tamb\u00e9m tanto desinteresse pela narrativa b\u00edblica, principalmente pelo Antigo Testamento. A imagina\u00e7\u00e3o \u00e9 algo essencial na saga dos her\u00f3is da f\u00e9. Com ela \u00e9 mais prazeroso habitar na Hist\u00f3ria e se deixar fruir com ela.<\/p>\n<p>Penso o quanto \u00e9 importante uma educa\u00e7\u00e3o simb\u00f3lica e art\u00edstica na escola (e por que n\u00e3o na igreja?), pois ela tem o poder de trazer estes recursos que enriquecem a vida. Vida com Deus requer imagina\u00e7\u00e3o! A arte tem o poder de fazer fruir o pensamento, ela serve para desenvolver uma vis\u00e3o de mundo menos formatada; ela serve como uma forma de transformar pedras em coelhos, tesouras em corujas. Arte serve para manter acesa a chama do imagin\u00e1rio, a \u00fanica que prop\u00f5e uma dan\u00e7a em meio a situa\u00e7\u00f5es mais conflitantes da vida; \u00e9 aprender a ter leveza, a ver respostas e solu\u00e7\u00f5es no infinito, \u00e9 atravessar as paredes do materialismo para buscar respostas necess\u00e1rias \u00e0 condi\u00e7\u00e3o humana.<\/p>\n<p>Excluir das manifesta\u00e7\u00f5es est\u00e9ticas o sentimento aut\u00eantico humano ou o cheiro da flor n\u00e3o \u00e9 servir ao mundanismo, pois o pr\u00f3prio Deus permitiu que ambos existissem. N\u00e3o decorar as igrejas ou n\u00e3o se deliciar na tinta fresca sobre a tela por causa de uma interpreta\u00e7\u00e3o equivocada de idolatria n\u00e3o \u00e9 se alienar, ao contr\u00e1rio, se Deus \u00e9 t\u00e3o rico em sua cria\u00e7\u00e3o, ent\u00e3o por que n\u00e3o celebrar e lev\u00e1-la de uma forma instigante as outras pessoas? Expressar artisticamente \u00e9 amar, quando se faz isso dentro de uma ordem l\u00f3gica inteligente; a arte pode falar da dor, mas deve trazer a esperan\u00e7a, pois a arte do crist\u00e3o precisa refletir sua vis\u00e3o de mundo. O artista n\u00e3o precisa representar apenas anjos, santos ou Jesus crucificado; o artista crist\u00e3o precisa utilizar da arte como uma seta que aponta para um Novo Reino, provocar uma centelha de esperan\u00e7a do cora\u00e7\u00e3o das pessoas. O artista crist\u00e3o deve ensinar o outro a descansar, deleitar, a se entregar a um novo mundo que foi inaugurado por Cristo de onde emana a fonte de toda a beleza e que ao olhar uma obra de arte t\u00e3o arrebatadora por sua beleza, imaginar que um dia adentraremos num lugar t\u00e3o m\u00e1gico quanto!<\/p>\n<p>A arte, quando pautada numa vis\u00e3o de mundo correta dentro do relacionamento com Deus, \u00e9 capaz de comunicar coisas grandiosas, desvendar tesouros escondidos. Mas \u00e9 importante que o artista vivencie experi\u00eancias est\u00e9ticas e busque conhecimento para que, com um olhar permeado da gra\u00e7a de Cristo, possa assumir uma produ\u00e7\u00e3o respons\u00e1vel.<\/p>\n<p>A produ\u00e7\u00e3o art\u00edstica no Brasil \u00e9 incipiente, mas est\u00e1 acontecendo. Deixo minha sugest\u00e3o de uma literatura imprescind\u00edvel para todos os artistas crist\u00e3os: <a href=\"http:\/\/www.ultimato.com.br\/loja\/produtos\/a-arte-moderna-e-a-morte-de-uma-cultura\">A Arte Moderna e a Morte da Cultura<\/a>, de Hans Rookmaarker. \u00c9 um livro elementar para a busca de um conhecimento est\u00e9tico complexo. Rookmaarker faz uma leitura da arte na hist\u00f3ria com um olhar redentivo, e, a partir deste conhecimento, aponta diretrizes de uma arte de quem busca um cristianismo que integra trabalho, voca\u00e7\u00e3o, miss\u00e3o e relacionamento atrav\u00e9s da arte.<\/p>\n<p><strong>\u2022 Rafaela Senfft<\/strong> \u00e9 artista pl\u00e1stica e professora de Hist\u00f3ria da Arte. \u00c9 membro da Igreja Esperan\u00e7a, em Belo Horizonte (MG).<\/p>\n<p><strong>Leia tamb\u00e9m<br \/>\n<\/strong><a href=\"http:\/\/www.ultimato.com.br\/loja\/produtos\/a-arte-moderna-e-a-morte-de-uma-cultura\" target=\"_blank\">A Arte Moderna e a Morte da Cultura<\/a><br \/>\n<a href=\"http:\/\/www.ultimato.com.br\/loja\/produtos\/rookmaaker\" target=\"_blank\">Rookmaaker \u2013 arte e mente crist\u00e3<\/a><br \/>\n<a href=\"http:\/\/www.ultimato.com.br\/loja\/produtos\/a-arte-nao-precisa-de-justificativa\" target=\"_blank\">A arte n\u00e3o precisa de justificativa<\/a><br \/>\n<a href=\"http:\/\/www.ultimato.com.br\/loja\/produtos\/a-arte-e-a-biblia\" target=\"_blank\">A arte e a b\u00edblia<\/a><\/p>\n<p>&nbsp;<\/p>\n","protected":false},"excerpt":{"rendered":"<p>Por Rafaela Senfft<br \/>\nA produ\u00e7\u00e3o art\u00edstica na comunidade crist\u00e3 \u00e9 ainda incipiente no campo das artes pl\u00e1sticas. H\u00e1 muito tempo os crist\u00e3os se alienaram dessas pr\u00e1ticas art\u00edsticas, talvez porque n\u00e3o tenham conseguido agreg\u00e1-las \u00e0 vida crist\u00e3 comunit\u00e1ria nem inclu\u00ed-las no \u00e2mbito da express\u00e3o est\u00e9tica do Reino de Deus. As preocupa\u00e7\u00f5es em preparar-se espiritualmente para a volta [&#8230;]<\/p>\n","protected":false},"author":21,"featured_media":0,"comment_status":"open","ping_status":"open","sticky":false,"template":"","format":"standard","meta":{"ngg_post_thumbnail":0,"footnotes":""},"categories":[9536,22807],"tags":[33,5,22823,22821],"class_list":["post-6366","post","type-post","status-publish","format-standard","hentry","category-do-editor","category-extras","tag-arte","tag-arte-e-cultura","tag-revista-ultimato-354","tag-ultimato-354"],"_links":{"self":[{"href":"https:\/\/ultimato.com.br\/sites\/blogdaultimato\/wp-json\/wp\/v2\/posts\/6366","targetHints":{"allow":["GET"]}}],"collection":[{"href":"https:\/\/ultimato.com.br\/sites\/blogdaultimato\/wp-json\/wp\/v2\/posts"}],"about":[{"href":"https:\/\/ultimato.com.br\/sites\/blogdaultimato\/wp-json\/wp\/v2\/types\/post"}],"author":[{"embeddable":true,"href":"https:\/\/ultimato.com.br\/sites\/blogdaultimato\/wp-json\/wp\/v2\/users\/21"}],"replies":[{"embeddable":true,"href":"https:\/\/ultimato.com.br\/sites\/blogdaultimato\/wp-json\/wp\/v2\/comments?post=6366"}],"version-history":[{"count":5,"href":"https:\/\/ultimato.com.br\/sites\/blogdaultimato\/wp-json\/wp\/v2\/posts\/6366\/revisions"}],"predecessor-version":[{"id":6463,"href":"https:\/\/ultimato.com.br\/sites\/blogdaultimato\/wp-json\/wp\/v2\/posts\/6366\/revisions\/6463"}],"wp:attachment":[{"href":"https:\/\/ultimato.com.br\/sites\/blogdaultimato\/wp-json\/wp\/v2\/media?parent=6366"}],"wp:term":[{"taxonomy":"category","embeddable":true,"href":"https:\/\/ultimato.com.br\/sites\/blogdaultimato\/wp-json\/wp\/v2\/categories?post=6366"},{"taxonomy":"post_tag","embeddable":true,"href":"https:\/\/ultimato.com.br\/sites\/blogdaultimato\/wp-json\/wp\/v2\/tags?post=6366"}],"curies":[{"name":"wp","href":"https:\/\/api.w.org\/{rel}","templated":true}]}}