{"id":6364,"date":"2015-04-06T08:56:37","date_gmt":"2015-04-06T11:56:37","guid":{"rendered":"http:\/\/ultimato.com.br\/sites\/blogdaultimato\/?p=6364"},"modified":"2015-05-08T12:05:25","modified_gmt":"2015-05-08T15:05:25","slug":"entrevista-com-a-artista-pri-sathler","status":"publish","type":"post","link":"https:\/\/ultimato.com.br\/sites\/blogdaultimato\/2015\/04\/06\/entrevista-com-a-artista-pri-sathler\/","title":{"rendered":"Entrevista com a artista Pri Sathler"},"content":{"rendered":"<p>Entrevista com a artista Pri Sathler para o blog da Ultimato<\/p>\n<p>\u201cEu vivo Cristo e vivo a arte o tempo todo\u201d. Assim a ilustradora Pri Sathler resume sua experi\u00eancia entre f\u00e9 e arte. \u201cNunca vivi as duas coisas como se pudessem andar separadas\u201d, diz. Os tra\u00e7os e cores de Pri Sathler v\u00e3o ilustrar o topo da se\u00e7\u00e3o Arte e Cultura na pr\u00f3xima edi\u00e7\u00e3o da revista <strong>Ultimato<\/strong> (abril-maio). \u00c9 a arte dela que tamb\u00e9m ornamenta os boletins \u00daltimas deste m\u00eas de abril.<\/p>\n<p>Acompanhe a seguir a entrevista que o blog da Ultimato fez com a artista.<\/p>\n<p>***<\/p>\n<p><strong>Como a arte tomou conta da sua vida?<br \/>\n<\/strong>A arte entrou na minha vida de uma forma muito org\u00e2nica. O desenho e a vontade de criar me acompanham desde a adolesc\u00eancia. Quando chegou o momento de decidir o que queria ser quando crescer n\u00e3o tive d\u00favidas.<\/p>\n<p><strong><br \/>\nSeus tra\u00e7os trazem leveza e alegria. Por que estas escolhas?<br \/>\n<\/strong>Quando desenvolvo um trabalho autoral, que n\u00e3o foi encomendado por ningu\u00e9m, quando \u00e9 algo que simplesmente quero criar, n\u00e3o penso ou escolho palavras ou adjetivos. Eu sento e desenho, coloro e pinto. A interpreta\u00e7\u00e3o do espectador \u00e9 totalmente subjetiva e algo sobre o qual n\u00e3o tenho controle.<\/p>\n<p><strong><br \/>\nQue tipos de material voc\u00ea costuma usar na elabora\u00e7\u00e3o da sua arte?<br \/>\n<\/strong>O meu trabalho principal sempre foi com a pintura em porcelana. Dentro disso existem v\u00e1rios tipos de tintas e t\u00e9cnicas. Uma particularidade da porcelana \u00e9 que toda pe\u00e7a pintada deve ser queimada num forno especial, e isso torna o resultado um pouco imprevis\u00edvel. Al\u00e9m disso amo trabalhar com aquarela, acr\u00edlica, nanquim e canetas especiais como a Tombow e Copic.<\/p>\n<p><strong><br \/>\nComo sua f\u00e9 dialoga com sua arte? E vice-versa.<br \/>\n<\/strong>Nunca vivi as duas coisas como se pudessem andar separadas. Eu vivo Cristo e vivo a arte o tempo todo, em todo lugar sem nem pensar em escolher um ou outro dependendo do momento.<\/p>\n<p><strong><br \/>\nVoc\u00ea \u00e9 otimista quanto ao cen\u00e1rio das artes visuais para os crist\u00e3os no Brasil?<br \/>\n<\/strong>N\u00e3o sou otimista quanto ao cen\u00e1rio das artes visuais no Brasil. Sendo crist\u00e3o ou n\u00e3o ou artista vai encontrar dificuldades de viver da arte e se firmar profissionalmente.<\/p>\n<p>&nbsp;<\/p>\n<p><strong>Por favor, comente um pouco sobre o seu desenho que publicamos no topo da se\u00e7\u00e3o \u201cArte e Cultura\u201d da revista Ultimato 354.<br \/>\n<\/strong>A imagem publicada na se\u00e7\u00e3o \u201cArte e Cultura\u201d \u00e9 uma montagem de desenhos que fiz da cole\u00e7\u00e3o \u201cP\u00e1ssaros Brasileiros\u201d. Fiz uma longa pesquisa de imagens de p\u00e1ssaros da nossa fauna (a maioria vive no Pantanal) e escolhi alguns que ficariam mais interessantes dentro do que a porcelana me permitia fazer. Descobri muita beleza nessa pesquisa. Temos p\u00e1ssaros perfeitos e nem fazemos ideia de que existem. Originalmente foram pintados em pratos de porcelana e no verso de cada pe\u00e7a escrevi o nome original do p\u00e1ssaro. O material e t\u00e9cnicas utilizadas foram bico de pena com tinta \u00e0 \u00f3leo para porcelana para o contorno dos p\u00e1ssaros e preenchimento com tinta para porcelana \u00e0 base de \u00e1gua. Cada pe\u00e7a passou por 2 queimas, uma \u00e0 780\u00ba e outra \u00e0 180\u00ba, e levou mais ou menos 2 dias para ficar pronta.<\/p>\n<p>\u2014 Conhe\u00e7a a arte de Pri Sather: <a href=\"http:\/\/prisathler.com.br\" target=\"_blank\">www.prisathler.com.br<\/a><\/p>\n","protected":false},"excerpt":{"rendered":"<p>Entrevista com a artista Pri Sathler para o blog da Ultimato<br \/>\n\u201cEu vivo Cristo e vivo a arte o tempo todo\u201d. Assim a ilustradora Pri Sathler resume sua experi\u00eancia entre f\u00e9 e arte. \u201cNunca vivi as duas coisas como se pudessem andar separadas\u201d, diz. Os tra\u00e7os e cores de Pri Sathler v\u00e3o ilustrar o topo da [&#8230;]<\/p>\n","protected":false},"author":21,"featured_media":0,"comment_status":"open","ping_status":"open","sticky":false,"template":"","format":"standard","meta":{"ngg_post_thumbnail":0,"footnotes":""},"categories":[9536,22807],"tags":[33,5,22823,22821],"class_list":["post-6364","post","type-post","status-publish","format-standard","hentry","category-do-editor","category-extras","tag-arte","tag-arte-e-cultura","tag-revista-ultimato-354","tag-ultimato-354"],"_links":{"self":[{"href":"https:\/\/ultimato.com.br\/sites\/blogdaultimato\/wp-json\/wp\/v2\/posts\/6364","targetHints":{"allow":["GET"]}}],"collection":[{"href":"https:\/\/ultimato.com.br\/sites\/blogdaultimato\/wp-json\/wp\/v2\/posts"}],"about":[{"href":"https:\/\/ultimato.com.br\/sites\/blogdaultimato\/wp-json\/wp\/v2\/types\/post"}],"author":[{"embeddable":true,"href":"https:\/\/ultimato.com.br\/sites\/blogdaultimato\/wp-json\/wp\/v2\/users\/21"}],"replies":[{"embeddable":true,"href":"https:\/\/ultimato.com.br\/sites\/blogdaultimato\/wp-json\/wp\/v2\/comments?post=6364"}],"version-history":[{"count":3,"href":"https:\/\/ultimato.com.br\/sites\/blogdaultimato\/wp-json\/wp\/v2\/posts\/6364\/revisions"}],"predecessor-version":[{"id":6478,"href":"https:\/\/ultimato.com.br\/sites\/blogdaultimato\/wp-json\/wp\/v2\/posts\/6364\/revisions\/6478"}],"wp:attachment":[{"href":"https:\/\/ultimato.com.br\/sites\/blogdaultimato\/wp-json\/wp\/v2\/media?parent=6364"}],"wp:term":[{"taxonomy":"category","embeddable":true,"href":"https:\/\/ultimato.com.br\/sites\/blogdaultimato\/wp-json\/wp\/v2\/categories?post=6364"},{"taxonomy":"post_tag","embeddable":true,"href":"https:\/\/ultimato.com.br\/sites\/blogdaultimato\/wp-json\/wp\/v2\/tags?post=6364"}],"curies":[{"name":"wp","href":"https:\/\/api.w.org\/{rel}","templated":true}]}}