{"id":6360,"date":"2015-04-02T11:43:29","date_gmt":"2015-04-02T14:43:29","guid":{"rendered":"http:\/\/ultimato.com.br\/sites\/blogdaultimato\/?p=6360"},"modified":"2016-06-08T15:16:46","modified_gmt":"2016-06-08T18:16:46","slug":"vocacao-e-juventude","status":"publish","type":"post","link":"https:\/\/ultimato.com.br\/sites\/blogdaultimato\/2015\/04\/02\/vocacao-e-juventude\/","title":{"rendered":"Voca\u00e7\u00e3o e juventude"},"content":{"rendered":"<p>&#8220;Voca\u00e7\u00e3o e Juventude&#8221;. Este foi o tema da campanha editorial do Portal Ultimato em mar\u00e7o. Reunimos conte\u00fado j\u00e1 publicado em nossas revistas e livros, mas tamb\u00e9m v\u00eddeos e material novo escrito por colaboradores. Para facilitar sua leitura, reunimos abaixo todo o conte\u00fado publicado:<\/p>\n<p><strong>Textos<\/strong><\/p>\n<p><a href=\"http:\/\/www.ultimato.com.br\/conteudo\/nossa-identidade-nossa-vocacao#vocacao\">Nossa identidade, nossa voca\u00e7\u00e3o<\/a><\/p>\n<p><a href=\"http:\/\/www.ultimato.com.br\/conteudo\/musica-um-desafio-de-vida#vocacao\">M\u00fasica, um desafio de via<\/a><\/p>\n<p><a href=\"http:\/\/www.ultimato.com.br\/conteudo\/conselhos-de-um-pastoetador#vocacao\">Conselhos de um \u201cpastoetador\u201d<\/a><\/p>\n<p><a href=\"http:\/\/www.ultimato.com.br\/conteudo\/viver-a-vocacao-valida-a-vida#vocacao\">Viver a voca\u00e7\u00e3o valida a vida<\/a><\/p>\n<p><a href=\"http:\/\/www.ultimato.com.br\/conteudo\/a-arte-precisa-de-vocacao#vocacao\">A arte precisa de voca\u00e7\u00e3o?<\/a><\/p>\n<p><a href=\"http:\/\/www.ultimato.com.br\/conteudo\/o-chamado-de-jose-e-o-nosso#vocacao\">O chamado de Jos\u00e9 e o nosso<\/a><\/p>\n<p><a href=\"http:\/\/www.ultimato.com.br\/conteudo\/vocacao-e-juventude-uma-mistura-que-da-certo#vocacao\">Voca\u00e7\u00e3o e juventude: uma mistura que d\u00e1 certo<\/a><\/p>\n<p><a href=\"http:\/\/www.ultimato.com.br\/conteudo\/vocacao-juventude-e-um-certo-simonton#vocacao\">Voca\u00e7\u00e3o, juventude e um certo Simonton<\/a><\/p>\n<p><a href=\"http:\/\/ultimato.com.br\/sites\/jovem\/2015\/04\/10\/vocacao-e-coisa-de-deus\/\">Voca\u00e7\u00e3o \u00e9 coisa de Deus<\/a><\/p>\n<p><strong>V\u00eddeos<\/strong><\/p>\n<p><a href=\"http:\/\/ultimato.com.br\/sites\/jovem\/2015\/03\/25\/dificuldade-com-a-vocacao\/\">Dificuldade com a voca\u00e7\u00e3o<\/a><\/p>\n<p><a href=\"http:\/\/ultimato.com.br\/sites\/jovem\/2015\/03\/23\/a-juventude-a-crise-de-vocacao\/\">A juventude e a crise com a voca\u00e7\u00e3o<\/a><\/p>\n<p><a href=\"http:\/\/ultimato.com.br\/sites\/jovem\/2015\/03\/10\/o-que-e-vocacao-com-a-palavra-os-jovens\/\">O que \u00e9 voca\u00e7\u00e3o? Com a palavra, os jovens<\/a><\/p>\n<p><a href=\"http:\/\/ultimato.com.br\/sites\/jovem\/2014\/11\/11\/voce-tem-uma-vocacao-e-dai\/\">Voc\u00ea tem uma voca\u00e7\u00e3o. E da\u00ed?<\/a><\/p>\n<p><strong>Imagens<\/strong><\/p>\n<p><a href=\"http:\/\/ultimato.com.br\/sites\/jovem\/2015\/02\/27\/vocacao-em-imagens\/\">Voca\u00e7\u00e3o em imagens<\/a><\/p>\n<p><a href=\"http:\/\/ultimato.com.br\/sites\/jovem\/2015\/04\/13\/criados-para-um-relacionamento-com-o-criador\/\">Criados para um relacionamento com o Criador<\/a><\/p>\n<p><a href=\"http:\/\/ultimato.com.br\/sites\/jovem\/2015\/03\/23\/orar-interceder-e-buscar\/\">Orar, interceder e buscar&#8230;<\/a><\/p>\n<p><a href=\"http:\/\/ultimato.com.br\/sites\/jovem\/2015\/03\/17\/o-que-te-da-asas\/\">O que te d\u00e1 asas?<\/a><\/p>\n","protected":false},"excerpt":{"rendered":"<p>&#8220;Voca\u00e7\u00e3o e Juventude&#8221;. Este foi o tema da campanha editorial do Portal Ultimato em mar\u00e7o. Reunimos conte\u00fado j\u00e1 publicado em nossas revistas e livros, mas tamb\u00e9m v\u00eddeos e material novo escrito por colaboradores. Para facilitar sua leitura, reunimos abaixo todo o conte\u00fado publicado:<br \/>\nTextos<br \/>\nNossa identidade, nossa voca\u00e7\u00e3o<br \/>\nM\u00fasica, um desafio de via<br \/>\nConselhos de um \u201cpastoetador\u201d<br \/>\nViver a voca\u00e7\u00e3o [&#8230;]<\/p>\n","protected":false},"author":21,"featured_media":0,"comment_status":"open","ping_status":"open","sticky":false,"template":"","format":"standard","meta":{"ngg_post_thumbnail":0,"footnotes":""},"categories":[22807,30642],"tags":[22822],"class_list":["post-6360","post","type-post","status-publish","format-standard","hentry","category-extras","category-o-meu-lugar-no-mundo","tag-vocacao-e-juventude"],"_links":{"self":[{"href":"https:\/\/ultimato.com.br\/sites\/blogdaultimato\/wp-json\/wp\/v2\/posts\/6360","targetHints":{"allow":["GET"]}}],"collection":[{"href":"https:\/\/ultimato.com.br\/sites\/blogdaultimato\/wp-json\/wp\/v2\/posts"}],"about":[{"href":"https:\/\/ultimato.com.br\/sites\/blogdaultimato\/wp-json\/wp\/v2\/types\/post"}],"author":[{"embeddable":true,"href":"https:\/\/ultimato.com.br\/sites\/blogdaultimato\/wp-json\/wp\/v2\/users\/21"}],"replies":[{"embeddable":true,"href":"https:\/\/ultimato.com.br\/sites\/blogdaultimato\/wp-json\/wp\/v2\/comments?post=6360"}],"version-history":[{"count":3,"href":"https:\/\/ultimato.com.br\/sites\/blogdaultimato\/wp-json\/wp\/v2\/posts\/6360\/revisions"}],"predecessor-version":[{"id":6476,"href":"https:\/\/ultimato.com.br\/sites\/blogdaultimato\/wp-json\/wp\/v2\/posts\/6360\/revisions\/6476"}],"wp:attachment":[{"href":"https:\/\/ultimato.com.br\/sites\/blogdaultimato\/wp-json\/wp\/v2\/media?parent=6360"}],"wp:term":[{"taxonomy":"category","embeddable":true,"href":"https:\/\/ultimato.com.br\/sites\/blogdaultimato\/wp-json\/wp\/v2\/categories?post=6360"},{"taxonomy":"post_tag","embeddable":true,"href":"https:\/\/ultimato.com.br\/sites\/blogdaultimato\/wp-json\/wp\/v2\/tags?post=6360"}],"curies":[{"name":"wp","href":"https:\/\/api.w.org\/{rel}","templated":true}]}}