{"id":6354,"date":"2015-03-31T14:53:54","date_gmt":"2015-03-31T17:53:54","guid":{"rendered":"http:\/\/ultimato.com.br\/sites\/blogdaultimato\/?p=6354"},"modified":"2015-04-06T08:51:17","modified_gmt":"2015-04-06T11:51:17","slug":"a-centralidade-de-cristo-esta-em-declinio","status":"publish","type":"post","link":"https:\/\/ultimato.com.br\/sites\/blogdaultimato\/2015\/03\/31\/a-centralidade-de-cristo-esta-em-declinio\/","title":{"rendered":"A centralidade de Cristo est\u00e1 em decl\u00ednio?"},"content":{"rendered":"<div id=\"attachment_6356\" style=\"width: 522px\" class=\"wp-caption aligncenter\"><a href=\"http:\/\/ultimato.com.br\/sites\/blogdaultimato\/files\/2015\/03\/Ultima_ceia.jpg\" class=\"lightview\" data-lightview-group=\"group-6354\" data-lightview-options=\"skin: 'dark', controls: 'relative', padding: '10', shadow: { color: '#000000', opacity: 0.08, blur: 3 }\"><img loading=\"lazy\" decoding=\"async\" aria-describedby=\"caption-attachment-6356\" class=\"size-full wp-image-6356\" src=\"http:\/\/ultimato.com.br\/sites\/blogdaultimato\/files\/2015\/03\/Ultima_ceia.jpg\" alt=\"\u00daltima Ceia, numa pintura de Juan de Juanes, s\u00e9culo XVI\" width=\"512\" height=\"322\" srcset=\"https:\/\/ultimato.com.br\/sites\/blogdaultimato\/files\/2015\/03\/Ultima_ceia.jpg 512w, https:\/\/ultimato.com.br\/sites\/blogdaultimato\/files\/2015\/03\/Ultima_ceia-300x188.jpg 300w, https:\/\/ultimato.com.br\/sites\/blogdaultimato\/files\/2015\/03\/Ultima_ceia-150x94.jpg 150w\" sizes=\"auto, (max-width: 512px) 100vw, 512px\" \/><\/a><p id=\"caption-attachment-6356\" class=\"wp-caption-text\">&#8220;\u00daltima Ceia&#8221;, numa pintura de Juan de Juanes, s\u00e9culo XVI<\/p><\/div>\n<p>Ultimato perguntou a nove l\u00edderes crist\u00e3os se a consci\u00eancia b\u00edblica da centralidade absoluta da pessoa e do sacrif\u00edcio vic\u00e1rio de Jesus estaria em decl\u00ednio na mem\u00f3ria dos crentes, nos lares crist\u00e3os, nos semin\u00e1rios, nos mosteiros, nos eventos eclesi\u00e1sticos, nas reuni\u00f5es conciliares, no p\u00falpito, no culto, nas ora\u00e7\u00f5es e na m\u00fasica sacra. Voc\u00ea vai conferir as respostas na pr\u00f3xima edi\u00e7\u00e3o da revista (maio-junho).<\/p>\n<p>Mas n\u00e3o precisa esperar para participar. D\u00ea sua opini\u00e3o: <strong>A centralidade de Cristo est\u00e1, hoje, em decl\u00ednio?<\/strong><\/p>\n<p>Deixe seu coment\u00e1rio abaixo.<\/p>\n<p>&nbsp;<\/p>\n","protected":false},"excerpt":{"rendered":"<p>Ultimato perguntou a nove l\u00edderes crist\u00e3os se a consci\u00eancia b\u00edblica da centralidade absoluta da pessoa e do sacrif\u00edcio vic\u00e1rio de Jesus estaria em decl\u00ednio na mem\u00f3ria dos crentes, nos lares crist\u00e3os, nos semin\u00e1rios, nos mosteiros, nos eventos eclesi\u00e1sticos, nas reuni\u00f5es conciliares, no p\u00falpito, no culto, nas ora\u00e7\u00f5es e na m\u00fasica sacra. Voc\u00ea vai conferir as [&#8230;]<\/p>\n","protected":false},"author":21,"featured_media":0,"comment_status":"open","ping_status":"open","sticky":false,"template":"","format":"standard","meta":{"ngg_post_thumbnail":0,"footnotes":""},"categories":[22807],"tags":[6401,22821],"class_list":["post-6354","post","type-post","status-publish","format-standard","hentry","category-extras","tag-cristo","tag-ultimato-354"],"_links":{"self":[{"href":"https:\/\/ultimato.com.br\/sites\/blogdaultimato\/wp-json\/wp\/v2\/posts\/6354","targetHints":{"allow":["GET"]}}],"collection":[{"href":"https:\/\/ultimato.com.br\/sites\/blogdaultimato\/wp-json\/wp\/v2\/posts"}],"about":[{"href":"https:\/\/ultimato.com.br\/sites\/blogdaultimato\/wp-json\/wp\/v2\/types\/post"}],"author":[{"embeddable":true,"href":"https:\/\/ultimato.com.br\/sites\/blogdaultimato\/wp-json\/wp\/v2\/users\/21"}],"replies":[{"embeddable":true,"href":"https:\/\/ultimato.com.br\/sites\/blogdaultimato\/wp-json\/wp\/v2\/comments?post=6354"}],"version-history":[{"count":3,"href":"https:\/\/ultimato.com.br\/sites\/blogdaultimato\/wp-json\/wp\/v2\/posts\/6354\/revisions"}],"predecessor-version":[{"id":6363,"href":"https:\/\/ultimato.com.br\/sites\/blogdaultimato\/wp-json\/wp\/v2\/posts\/6354\/revisions\/6363"}],"wp:attachment":[{"href":"https:\/\/ultimato.com.br\/sites\/blogdaultimato\/wp-json\/wp\/v2\/media?parent=6354"}],"wp:term":[{"taxonomy":"category","embeddable":true,"href":"https:\/\/ultimato.com.br\/sites\/blogdaultimato\/wp-json\/wp\/v2\/categories?post=6354"},{"taxonomy":"post_tag","embeddable":true,"href":"https:\/\/ultimato.com.br\/sites\/blogdaultimato\/wp-json\/wp\/v2\/tags?post=6354"}],"curies":[{"name":"wp","href":"https:\/\/api.w.org\/{rel}","templated":true}]}}