{"id":6282,"date":"2015-03-02T16:24:54","date_gmt":"2015-03-02T19:24:54","guid":{"rendered":"http:\/\/ultimato.com.br\/sites\/blogdaultimato\/?p=6282"},"modified":"2016-06-08T15:17:09","modified_gmt":"2016-06-08T18:17:09","slug":"a-vocacao-em-imagens","status":"publish","type":"post","link":"https:\/\/ultimato.com.br\/sites\/blogdaultimato\/2015\/03\/02\/a-vocacao-em-imagens\/","title":{"rendered":"A voca\u00e7\u00e3o em imagens"},"content":{"rendered":"<p>Lan\u00e7amos o desafio: s<strong>e voc\u00ea pudesse descrever VOCA\u00c7\u00c3O em uma \u00fanica imagem, qual seria?<\/strong><\/p>\n<p>Queremos reunir uma bonita galeria num verdadeiro mosaico de voca\u00e7\u00f5es! A primeira contribui\u00e7\u00e3o \u00e9 da jovem Simone de Albuquerque. Confira a sua imagem e a explica\u00e7\u00e3o:<\/p>\n<p><a href=\"http:\/\/ultimato.com.br\/sites\/blogdaultimato\/files\/2015\/03\/Vocacao_Simone.jpg\" class=\"lightview\" data-lightview-group=\"group-6282\" data-lightview-options=\"skin: 'dark', controls: 'relative', padding: '10', shadow: { color: '#000000', opacity: 0.08, blur: 3 }\"><img loading=\"lazy\" decoding=\"async\" class=\"aligncenter size-full wp-image-6283\" src=\"http:\/\/ultimato.com.br\/sites\/blogdaultimato\/files\/2015\/03\/Vocacao_Simone.jpg\" alt=\"Vocacao_Simone\" width=\"528\" height=\"352\" srcset=\"https:\/\/ultimato.com.br\/sites\/blogdaultimato\/files\/2015\/03\/Vocacao_Simone.jpg 528w, https:\/\/ultimato.com.br\/sites\/blogdaultimato\/files\/2015\/03\/Vocacao_Simone-300x200.jpg 300w, https:\/\/ultimato.com.br\/sites\/blogdaultimato\/files\/2015\/03\/Vocacao_Simone-150x100.jpg 150w\" sizes=\"auto, (max-width: 528px) 100vw, 528px\" \/><\/a><\/p>\n<blockquote><p>Esta foto eu bati quando participei no &#8220;Projeto Sert\u00e3o&#8221; no in\u00edcio de 2013. Ela basicamente resume imageticamente o que acredito ser voca\u00e7\u00e3o naquilo que fa\u00e7o.<\/p>\n<p>Ao receber a miss\u00e3o de explicar em uma foto e um pequeno texto o que \u00e9 voca\u00e7\u00e3o, li o significado da mesma e alguns pontos me pareceram pertinentes:<br \/>\n1- Ato ou efeito de chamar<br \/>\n2-\u00a0Talento<\/p>\n<p>Fomos chamados com um prop\u00f3sito, uma miss\u00e3o: levar as pessoas a conhecerem, por meio de n\u00f3s, o amor de Deus. Mas ele n\u00e3o especificou qual seria a forma de fazer isto. Ent\u00e3o eu uso o que eu tenho de melhor, meu talento, para mostrar o amor de Deus atrav\u00e9s de imagens que emocionam, que chocam, que trazem recorda\u00e7\u00e3o daquilo j\u00e1 esquecido, pessoas esquecidas, hist\u00f3rias esque<a href=\"http:\/\/ultimato.com.br\/sites\/blogdaultimato\/files\/2015\/03\/Simone_Albuquerque.jpg\" class=\"lightview\" data-lightview-group=\"group-6282\" data-lightview-options=\"skin: 'dark', controls: 'relative', padding: '10', shadow: { color: '#000000', opacity: 0.08, blur: 3 }\"><img loading=\"lazy\" decoding=\"async\" class=\"alignleft wp-image-6284 size-thumbnail\" src=\"http:\/\/ultimato.com.br\/sites\/blogdaultimato\/files\/2015\/03\/Simone_Albuquerque-150x150.jpg\" alt=\"Simone_Albuquerque\" width=\"150\" height=\"150\" srcset=\"https:\/\/ultimato.com.br\/sites\/blogdaultimato\/files\/2015\/03\/Simone_Albuquerque-150x150.jpg 150w, https:\/\/ultimato.com.br\/sites\/blogdaultimato\/files\/2015\/03\/Simone_Albuquerque-80x80.jpg 80w, https:\/\/ultimato.com.br\/sites\/blogdaultimato\/files\/2015\/03\/Simone_Albuquerque.jpg 160w\" sizes=\"auto, (max-width: 150px) 100vw, 150px\" \/><\/a>cidas ou desconhecidas. A fotografia tem, por si, a import\u00e2ncia de eternizar as mem\u00f3rias. E eu tento mostrar que o eterno vai muito al\u00e9m das imagens, do que podemos tocar ou lembrar. Muito al\u00e9m dessa terra, muito al\u00e9m dessas lembran\u00e7as.<\/p>\n<p><strong>\u2022 Simone de Albuquerque<\/strong> tem 22 anos e estuda Design Gr\u00e1fico. Mora em Juiz de Fora (MG).<\/p><\/blockquote>\n<p>&nbsp;<\/p>\n<p>Vamos publicando aqui mais imagens que chegarem at\u00e9 n\u00f3s. E tamb\u00e9m aproveitaremos muitas delas em nosso boletim <strong>\u00daltimas<\/strong>.<\/p>\n<p>&nbsp;<\/p>\n<p><strong>Galeria de fotos<\/strong><\/p>\n\n\t\t<style type=\"text\/css\">\n\t\t\t#gallery-1 {\n\t\t\t\tmargin: auto;\n\t\t\t}\n\t\t\t#gallery-1 .gallery-item {\n\t\t\t\tfloat: left;\n\t\t\t\tmargin-top: 10px;\n\t\t\t\ttext-align: center;\n\t\t\t\twidth: 100%;\n\t\t\t}\n\t\t\t#gallery-1 img {\n\t\t\t\tborder: 2px solid #cfcfcf;\n\t\t\t}\n\t\t\t#gallery-1 .gallery-caption {\n\t\t\t\tmargin-left: 0;\n\t\t\t}\n\t\t\t\/* see gallery_shortcode() in wp-includes\/media.php *\/\n\t\t<\/style>\n\t\t<div id='gallery-1' class='gallery galleryid-6282 gallery-columns-1 gallery-size-thumbnail'><dl class='gallery-item'>\n\t\t\t<dt class='gallery-icon portrait'>\n\t\t\t\t<a href='https:\/\/ultimato.com.br\/sites\/blogdaultimato\/files\/2015\/03\/caminhando_rodovia.jpg#main'><img loading=\"lazy\" decoding=\"async\" width=\"150\" height=\"150\" src=\"https:\/\/ultimato.com.br\/sites\/blogdaultimato\/files\/2015\/03\/caminhando_rodovia-150x150.jpg\" class=\"attachment-thumbnail size-thumbnail\" alt=\"\" aria-describedby=\"gallery-1-6290\" srcset=\"https:\/\/ultimato.com.br\/sites\/blogdaultimato\/files\/2015\/03\/caminhando_rodovia-150x150.jpg 150w, https:\/\/ultimato.com.br\/sites\/blogdaultimato\/files\/2015\/03\/caminhando_rodovia-80x80.jpg 80w\" sizes=\"auto, (max-width: 150px) 100vw, 150px\" \/><\/a>\n\t\t\t<\/dt>\n\t\t\t\t<dd class='wp-caption-text gallery-caption' id='gallery-1-6290'>\n\t\t\t\tTirei esta foto h\u00e1 alguns anos em uma viagem ao Peru. O homem \u00e9 um amigo mission\u00e1rio. A foto ressalta a confian\u00e7a em Deus, pois quando caminhamos em obedi\u00eancia, Ele \u00e9 quem guia nossos passos. N\u00e3o h\u00e1 o que temer. [Tiago Medeiros]\n\t\t\t\t<\/dd><\/dl><br style=\"clear: both\" \/><dl class='gallery-item'>\n\t\t\t<dt class='gallery-icon landscape'>\n\t\t\t\t<a href='https:\/\/ultimato.com.br\/sites\/blogdaultimato\/files\/2015\/03\/ilustra.jpg#main'><img loading=\"lazy\" decoding=\"async\" width=\"150\" height=\"150\" src=\"https:\/\/ultimato.com.br\/sites\/blogdaultimato\/files\/2015\/03\/ilustra-150x150.jpg\" class=\"attachment-thumbnail size-thumbnail\" alt=\"\" aria-describedby=\"gallery-1-6304\" srcset=\"https:\/\/ultimato.com.br\/sites\/blogdaultimato\/files\/2015\/03\/ilustra-150x150.jpg 150w, https:\/\/ultimato.com.br\/sites\/blogdaultimato\/files\/2015\/03\/ilustra-80x80.jpg 80w\" sizes=\"auto, (max-width: 150px) 100vw, 150px\" \/><\/a>\n\t\t\t<\/dt>\n\t\t\t\t<dd class='wp-caption-text gallery-caption' id='gallery-1-6304'>\n\t\t\t\tNesse desenho eu procurei resgatar a mem\u00f3ria das coisas que me levaram a seguir minha voca\u00e7\u00e3o. O sketchbook \u00e9 tido como o di\u00e1rio do artista. Nele registramos atrav\u00e9s dos tra\u00e7os  a nossa arte, que \u00e9 a ess\u00eancia do nosso viver, no dia a dia. Resgatei a letra do meu pai (in memorian) que foi meu grande incentivador e representei uma velha e pesada porta, que sempre se abrir\u00e1 para o novo na vida daqueles que lutam pelo seu of\u00edcio. Em Cristo somos livres, e essa liberdade est\u00e1 expressa no voo livre dos p\u00e1ssaros. N\u00e3o posso viver sem desenhar! Sinto mal-estar quando n\u00e3o desenho. Tenho necessidade da minha arte. Sem ela sou incompleto e infeliz. Se eu recebi, devo transmitir. Isso \u00e9 voca\u00e7\u00e3o. [Marcos Rodrigues: https:\/\/www.facebook.com\/marcos.rodrigues.5621]\n\t\t\t\t<\/dd><\/dl><br style=\"clear: both\" \/><dl class='gallery-item'>\n\t\t\t<dt class='gallery-icon landscape'>\n\t\t\t\t<a href='https:\/\/ultimato.com.br\/sites\/blogdaultimato\/files\/2015\/03\/Alyson_Huaytapallana.jpg#main'><img loading=\"lazy\" decoding=\"async\" width=\"150\" height=\"150\" src=\"https:\/\/ultimato.com.br\/sites\/blogdaultimato\/files\/2015\/03\/Alyson_Huaytapallana-150x150.jpg\" class=\"attachment-thumbnail size-thumbnail\" alt=\"\" aria-describedby=\"gallery-1-6322\" srcset=\"https:\/\/ultimato.com.br\/sites\/blogdaultimato\/files\/2015\/03\/Alyson_Huaytapallana-150x150.jpg 150w, https:\/\/ultimato.com.br\/sites\/blogdaultimato\/files\/2015\/03\/Alyson_Huaytapallana-80x80.jpg 80w\" sizes=\"auto, (max-width: 150px) 100vw, 150px\" \/><\/a>\n\t\t\t<\/dt>\n\t\t\t\t<dd class='wp-caption-text gallery-caption' id='gallery-1-6322'>\n\t\t\t\tEsta foto foi feita em 1998 no alto da Cordilheira dos Andes no Peru.Huaytapallana (palavra da l\u00edngua quechua) significa em portugu\u00eas: &#8220;Lugar onde se colhe flores&#8221; (um nome bastante curioso por n\u00e3o haver muitas flores por l\u00e1)Enquanto eu buscava o melhor \u00e2ngulo para produzir a foto, tive a certeza que era isso que eu iria fazer para o resto da minha vida. Est\u00e1vamos em uma condi\u00e7\u00e3o de grande adversidade a cerca de 5000 metros de altitude, com ar rarefeito e muito frio. Para mim aquele momento foi muito importante. Pude refletir sobre a &#8220;presen\u00e7a de Deus&#8221; e sobre a figura do &#8220;Para\u00edso&#8221;. A paz que eu sentia era muito grande e se misturava com a sensa\u00e7\u00e3o de temor. Huaytapallana \u00e9 incr\u00edvel! Toda vez que vejo esta imagem penso que \u00e9 um &#8220;lugar de paz&#8221; e lembro que escolhi a guerra. Por esta raz\u00e3o ela ilustra o meu olhar sobre a voca\u00e7\u00e3o. O lugar carrega este antagonismo. A imagem \u00e9 de PAZ mas me remete a GUERRA. Escolhi estar perto dos que sofrem e ajudar os que mais precisam. Neste momento da vida escolhi guerrear na Terra, para um dia, no tempo certo, poder viver em paz. Huaytapallana pra mim significa &#8220;Ainda n\u00e3o&#8221;. [Alyson Montrezol] Saiba mais: http:\/\/www.phantonfilms.com\/\n\t\t\t\t<\/dd><\/dl><br style=\"clear: both\" \/><dl class='gallery-item'>\n\t\t\t<dt class='gallery-icon portrait'>\n\t\t\t\t<a href='https:\/\/ultimato.com.br\/sites\/blogdaultimato\/files\/2015\/03\/mosaico_Marcelo_Bittencourt.jpg#main'><img loading=\"lazy\" decoding=\"async\" width=\"150\" height=\"150\" src=\"https:\/\/ultimato.com.br\/sites\/blogdaultimato\/files\/2015\/03\/mosaico_Marcelo_Bittencourt-150x150.jpg\" class=\"attachment-thumbnail size-thumbnail\" alt=\"\" aria-describedby=\"gallery-1-6347\" srcset=\"https:\/\/ultimato.com.br\/sites\/blogdaultimato\/files\/2015\/03\/mosaico_Marcelo_Bittencourt-150x150.jpg 150w, https:\/\/ultimato.com.br\/sites\/blogdaultimato\/files\/2015\/03\/mosaico_Marcelo_Bittencourt-80x80.jpg 80w\" sizes=\"auto, (max-width: 150px) 100vw, 150px\" \/><\/a>\n\t\t\t<\/dt>\n\t\t\t\t<dd class='wp-caption-text gallery-caption' id='gallery-1-6347'>\n\t\t\t\t\u00c0s vezes, me sinto um mosaico. V\u00e1rios peda\u00e7os de cores, texturas, materiais distintos e que apenas jogados n\u00e3o fazem muito sentido. Mas quando montados, podem formar uma mensagem que fa\u00e7a total sentido.Voca\u00e7\u00e3o \u00e9 quando partes distintas come\u00e7am a se juntar e fazer sentido. Quando misturo a minha cultura, conhecimento, treinamento, estudos, conselhos, leituras, aprecia\u00e7\u00e3o de sabores, artes sonoras ou visuais, apontando para um caminho que fa\u00e7a sentido.Voca\u00e7\u00e3o tem sentido quando consigo tirar de mim, de dentro pra fora, a ess\u00eancia que Deus colocou para que eu sirva ao pr\u00f3ximo e louve ao Senhor. Alguns t\u00eam habilidade de se comunicar, outros de se relacionar, outros de estudar profundamente e trazer luz a quest\u00f5es cient\u00edficas ou filos\u00f3ficas. Acredito que a minha voca\u00e7\u00e3o passe pela cria\u00e7\u00e3o e arte. \u00c9 por isso que compartilho esse desenho, que faz parte da minha hist\u00f3ria e cultura. Sempre vivi em centros urbanos, a m\u00fasica me inspira, mas procuro enxergar as belezas da cria\u00e7\u00e3o do Eterno no canto dos p\u00e1ssaros, transformo os sabores em algum tipo de arte visual, acredito que assim, consigo transmitir de alguma forma uma mensagem de louvor \u00e0 Trindade e servi\u00e7o ao pr\u00f3ximo. [Marcello Bittencourt, artista www.homemquevoa.com]\n\t\t\t\t<\/dd><\/dl><br style=\"clear: both\" \/>\n\t\t<\/div>\n\n<p>&nbsp;<\/p>\n","protected":false},"excerpt":{"rendered":"<p>Lan\u00e7amos o desafio: se voc\u00ea pudesse descrever VOCA\u00c7\u00c3O em uma \u00fanica imagem, qual seria?<br \/>\nQueremos reunir uma bonita galeria num verdadeiro mosaico de voca\u00e7\u00f5es! A primeira contribui\u00e7\u00e3o \u00e9 da jovem Simone de Albuquerque. Confira a sua imagem e a explica\u00e7\u00e3o:<\/p>\n<p>Esta foto eu bati quando participei no &#8220;Projeto Sert\u00e3o&#8221; no in\u00edcio de 2013. Ela basicamente resume imageticamente [&#8230;]<\/p>\n","protected":false},"author":21,"featured_media":0,"comment_status":"open","ping_status":"open","sticky":false,"template":"","format":"standard","meta":{"ngg_post_thumbnail":0,"footnotes":""},"categories":[9538,4230,30642,5153],"tags":[5622],"class_list":["post-6282","post","type-post","status-publish","format-standard","hentry","category-fotos-multimidia","category-multimidia","category-o-meu-lugar-no-mundo","category-prateleira","tag-imagens"],"_links":{"self":[{"href":"https:\/\/ultimato.com.br\/sites\/blogdaultimato\/wp-json\/wp\/v2\/posts\/6282","targetHints":{"allow":["GET"]}}],"collection":[{"href":"https:\/\/ultimato.com.br\/sites\/blogdaultimato\/wp-json\/wp\/v2\/posts"}],"about":[{"href":"https:\/\/ultimato.com.br\/sites\/blogdaultimato\/wp-json\/wp\/v2\/types\/post"}],"author":[{"embeddable":true,"href":"https:\/\/ultimato.com.br\/sites\/blogdaultimato\/wp-json\/wp\/v2\/users\/21"}],"replies":[{"embeddable":true,"href":"https:\/\/ultimato.com.br\/sites\/blogdaultimato\/wp-json\/wp\/v2\/comments?post=6282"}],"version-history":[{"count":8,"href":"https:\/\/ultimato.com.br\/sites\/blogdaultimato\/wp-json\/wp\/v2\/posts\/6282\/revisions"}],"predecessor-version":[{"id":6348,"href":"https:\/\/ultimato.com.br\/sites\/blogdaultimato\/wp-json\/wp\/v2\/posts\/6282\/revisions\/6348"}],"wp:attachment":[{"href":"https:\/\/ultimato.com.br\/sites\/blogdaultimato\/wp-json\/wp\/v2\/media?parent=6282"}],"wp:term":[{"taxonomy":"category","embeddable":true,"href":"https:\/\/ultimato.com.br\/sites\/blogdaultimato\/wp-json\/wp\/v2\/categories?post=6282"},{"taxonomy":"post_tag","embeddable":true,"href":"https:\/\/ultimato.com.br\/sites\/blogdaultimato\/wp-json\/wp\/v2\/tags?post=6282"}],"curies":[{"name":"wp","href":"https:\/\/api.w.org\/{rel}","templated":true}]}}