{"id":60,"date":"2008-07-17T15:49:59","date_gmt":"2008-07-17T18:49:59","guid":{"rendered":"http:\/\/www.ultimato.com.br\/blog\/2008\/07\/17\/ultimas_de_la\/abuso-sexual-atinge-organizacoes-de-apoio-a-crianca.html"},"modified":"2008-07-17T15:49:59","modified_gmt":"2008-07-17T18:49:59","slug":"abuso-sexual-atinge-organizacoes-de-apoio-a-crianca","status":"publish","type":"post","link":"https:\/\/ultimato.com.br\/sites\/blogdaultimato\/2008\/07\/17\/abuso-sexual-atinge-organizacoes-de-apoio-a-crianca\/","title":{"rendered":"Abuso sexual atinge organiza\u00e7\u00f5es de apoio \u00e0 crian\u00e7a"},"content":{"rendered":"<p>A Rede M&atilde;os Dadas lan&ccedil;ou a seguinte enquete em seu site: <em>J&aacute; houve algum caso de abuso sexual infanto-juvenil em sua organiza&ccedil;&atilde;o?<\/em> Dos 80 participantes, 33% responderam <em>sim<\/em> e apenas tr&ecirc;s responderam que isso era <em>imposs&iacute;vel<\/em> de ter acontecido. O restante respondeu <em>n&atilde;o<\/em>.&nbsp;<!--more-->&nbsp;<\/p>\n<p>Aqueles que votaram <em>sim <\/em>indicam que a organiza&ccedil;&atilde;o tem uma pol&iacute;tica interna de prote&ccedil;&atilde;o &agrave; crian&ccedil;a falha. Alguns outros, mesmo tendo respondido negativamente, n&atilde;o consideram ser imposs&iacute;vel que algumas de suas crian&ccedil;as ou adolescentes tenham sofrido essa viol&ecirc;ncia. <\/p>\n<p>O abuso sexual caracteriza-se por qualquer conduta sexual com uma crian&ccedil;a, por parte de um adulto ou de outra crian&ccedil;a, seja verbal, visual ou f&iacute;sica. &Eacute; diferente da explora&ccedil;&atilde;o sexual, que acontece quando a crian&ccedil;a ou o adolescente s&atilde;o coagidos a se prostituir em bord&eacute;is ou lugares semelhantes, contra a sua vontade. <\/p>\n<p>A revista <a class=\"snap_shots\" target=\"_blank\" href=\"http:\/\/www.maosdadas.org\">M&atilde;os Dadas<\/a>, na edi&ccedil;&atilde;o <a class=\"snap_shots\" target=\"_blank\" href=\"http:\/\/www.maosdadas.org\/?pg=revista&amp;area=revista&amp;num_edicao=16\">Criando um lugar seguro: como evitar os perigos que amea&ccedil;am nossas crian&ccedil;as<\/a> (ed. 16, mar de 2007), afirma que os projetos sociais, as escolas e as igrejas, contam com disposi&ccedil;&atilde;o de sobra, mas ao mesmo tempo falta preparo. A revista ressalta a import&acirc;ncia de se ter uma pol&iacute;tica interna de prote&ccedil;&atilde;o e traz algumas medidas que a institui&ccedil;&atilde;o deve tomar para garantir a seguran&ccedil;a das crian&ccedil;as. <\/p>\n<p>O <a class=\"snap_shots\" target=\"_blank\" href=\"http:\/\/www.maosdadas.org\/?pg=paginas&amp;registro=12&amp;util=1\">13&ordm; Mutir&atilde;o de Ora&ccedil;&atilde;o por Crian&ccedil;as e Adolescentes em Situa&ccedil;&atilde;o de Risco<\/a>, que aconteceu nos dias 6 a 8 de junho, trouxe informa&ccedil;&otilde;es sobre a viol&ecirc;ncia sexual sofrida por crian&ccedil;as e adolescentes e levou milhares de pessoas a interceder em favor delas. Segundo os relat&oacute;rios recebidos at&eacute; agora, quase 30 mil brasileiros oraram.<\/p>\n","protected":false},"excerpt":{"rendered":"<p>A Rede M&atilde;os Dadas lan&ccedil;ou a seguinte enquete em seu site: J&aacute; houve algum caso de abuso sexual infanto-juvenil em sua organiza&ccedil;&atilde;o? Dos 80 participantes, 33% responderam sim e apenas tr&ecirc;s responderam que isso era imposs&iacute;vel de ter acontecido. O restante respondeu n&atilde;o.&nbsp;<\/p>\n","protected":false},"author":4,"featured_media":0,"comment_status":"open","ping_status":"open","sticky":false,"template":"","format":"standard","meta":{"ngg_post_thumbnail":0,"footnotes":""},"categories":[6114],"tags":[5172,153,61,182,5819,6003],"class_list":["post-60","post","type-post","status-publish","format-standard","hentry","category-ultimas-de-la","tag-abuso","tag-apoio","tag-crianca","tag-maos-dadas","tag-organizacoes","tag-sexual"],"_links":{"self":[{"href":"https:\/\/ultimato.com.br\/sites\/blogdaultimato\/wp-json\/wp\/v2\/posts\/60","targetHints":{"allow":["GET"]}}],"collection":[{"href":"https:\/\/ultimato.com.br\/sites\/blogdaultimato\/wp-json\/wp\/v2\/posts"}],"about":[{"href":"https:\/\/ultimato.com.br\/sites\/blogdaultimato\/wp-json\/wp\/v2\/types\/post"}],"author":[{"embeddable":true,"href":"https:\/\/ultimato.com.br\/sites\/blogdaultimato\/wp-json\/wp\/v2\/users\/4"}],"replies":[{"embeddable":true,"href":"https:\/\/ultimato.com.br\/sites\/blogdaultimato\/wp-json\/wp\/v2\/comments?post=60"}],"version-history":[{"count":0,"href":"https:\/\/ultimato.com.br\/sites\/blogdaultimato\/wp-json\/wp\/v2\/posts\/60\/revisions"}],"wp:attachment":[{"href":"https:\/\/ultimato.com.br\/sites\/blogdaultimato\/wp-json\/wp\/v2\/media?parent=60"}],"wp:term":[{"taxonomy":"category","embeddable":true,"href":"https:\/\/ultimato.com.br\/sites\/blogdaultimato\/wp-json\/wp\/v2\/categories?post=60"},{"taxonomy":"post_tag","embeddable":true,"href":"https:\/\/ultimato.com.br\/sites\/blogdaultimato\/wp-json\/wp\/v2\/tags?post=60"}],"curies":[{"name":"wp","href":"https:\/\/api.w.org\/{rel}","templated":true}]}}