{"id":5955,"date":"2014-10-14T10:31:03","date_gmt":"2014-10-14T13:31:03","guid":{"rendered":"http:\/\/ultimato.com.br\/sites\/blogdaultimato\/?p=5955"},"modified":"2014-10-14T10:35:05","modified_gmt":"2014-10-14T13:35:05","slug":"ebook-novo-na-ultimato","status":"publish","type":"post","link":"https:\/\/ultimato.com.br\/sites\/blogdaultimato\/2014\/10\/14\/ebook-novo-na-ultimato\/","title":{"rendered":"Ebook novo na Ultimato &#8211; a miss\u00e3o de ponta-cabe\u00e7a"},"content":{"rendered":"<p><a href=\"http:\/\/www.ultimato.com.br\/loja\/produtos\/a-missao-invertida-ebook\"><img loading=\"lazy\" decoding=\"async\" class=\"alignleft size-full wp-image-5956\" src=\"http:\/\/ultimato.com.br\/sites\/blogdaultimato\/files\/2014\/10\/capa_miss_invertida_WEB.jpg\" alt=\"capa_miss_invertida_WEB\" width=\"160\" height=\"240\" srcset=\"https:\/\/ultimato.com.br\/sites\/blogdaultimato\/files\/2014\/10\/capa_miss_invertida_WEB.jpg 160w, https:\/\/ultimato.com.br\/sites\/blogdaultimato\/files\/2014\/10\/capa_miss_invertida_WEB-100x150.jpg 100w\" sizes=\"auto, (max-width: 160px) 100vw, 160px\" \/><\/a>Ultimato acaba de lan\u00e7ar o eBook <a href=\"http:\/\/www.ultimato.com.br\/loja\/produtos\/a-missao-invertida-ebook\">A Miss\u00e3o Invertida \u2013 A igreja local e as idas e vindas dos mission\u00e1rios<\/a>. O livro impresso foi lan\u00e7ado em junho e, agora, a vers\u00e3o digital de <strong>A Miss\u00e3o Invertida<\/strong> inaugura um novo caminho para o livro digital na Ultimato.<\/p>\n<p>\u00c9 o que podemos chamar de eBook direto. Sem intermedi\u00e1rios. Ao adquirir o seu livro, o leitor recebe da editora Ultimato o aviso com a libera\u00e7\u00e3o para download imediato.<\/p>\n<p>E por falar em livro, <strong>A Miss\u00e3o Invertida<\/strong> coloca de ponta-cabe\u00e7a algumas \u2018li\u00e7\u00f5es\u2019 do passado. Para o autor, o \u201cide\u201d \u00e9 um mote cada vez mais fora da realidade atual. Al\u00e9m disso, o \u201cide\u201d tamb\u00e9m n\u00e3o \u00e9 a \u00fanica linguagem de mobiliza\u00e7\u00e3o e motiva\u00e7\u00e3o para miss\u00e3o. Voc\u00ea n\u00e3o pode deixar de ler. Agora, no tablet, no celular, no ereader&#8230;<\/p>\n","protected":false},"excerpt":{"rendered":"<p>Ultimato acaba de lan\u00e7ar o eBook A Miss\u00e3o Invertida \u2013 A igreja local e as idas e vindas dos mission\u00e1rios. O livro impresso foi lan\u00e7ado em junho e, agora, a vers\u00e3o digital de A Miss\u00e3o Invertida inaugura um novo caminho para o livro digital na Ultimato.<br \/>\n\u00c9 o que podemos chamar de eBook direto. Sem intermedi\u00e1rios. [&#8230;]<\/p>\n","protected":false},"author":6,"featured_media":0,"comment_status":"open","ping_status":"open","sticky":false,"template":"","format":"standard","meta":{"ngg_post_thumbnail":0,"footnotes":""},"categories":[9536],"tags":[],"class_list":["post-5955","post","type-post","status-publish","format-standard","hentry","category-do-editor"],"_links":{"self":[{"href":"https:\/\/ultimato.com.br\/sites\/blogdaultimato\/wp-json\/wp\/v2\/posts\/5955","targetHints":{"allow":["GET"]}}],"collection":[{"href":"https:\/\/ultimato.com.br\/sites\/blogdaultimato\/wp-json\/wp\/v2\/posts"}],"about":[{"href":"https:\/\/ultimato.com.br\/sites\/blogdaultimato\/wp-json\/wp\/v2\/types\/post"}],"author":[{"embeddable":true,"href":"https:\/\/ultimato.com.br\/sites\/blogdaultimato\/wp-json\/wp\/v2\/users\/6"}],"replies":[{"embeddable":true,"href":"https:\/\/ultimato.com.br\/sites\/blogdaultimato\/wp-json\/wp\/v2\/comments?post=5955"}],"version-history":[{"count":4,"href":"https:\/\/ultimato.com.br\/sites\/blogdaultimato\/wp-json\/wp\/v2\/posts\/5955\/revisions"}],"predecessor-version":[{"id":5960,"href":"https:\/\/ultimato.com.br\/sites\/blogdaultimato\/wp-json\/wp\/v2\/posts\/5955\/revisions\/5960"}],"wp:attachment":[{"href":"https:\/\/ultimato.com.br\/sites\/blogdaultimato\/wp-json\/wp\/v2\/media?parent=5955"}],"wp:term":[{"taxonomy":"category","embeddable":true,"href":"https:\/\/ultimato.com.br\/sites\/blogdaultimato\/wp-json\/wp\/v2\/categories?post=5955"},{"taxonomy":"post_tag","embeddable":true,"href":"https:\/\/ultimato.com.br\/sites\/blogdaultimato\/wp-json\/wp\/v2\/tags?post=5955"}],"curies":[{"name":"wp","href":"https:\/\/api.w.org\/{rel}","templated":true}]}}