{"id":5927,"date":"2014-10-07T00:00:42","date_gmt":"2014-10-07T03:00:42","guid":{"rendered":"http:\/\/ultimato.com.br\/sites\/blogdaultimato\/?p=5927"},"modified":"2014-10-06T16:40:36","modified_gmt":"2014-10-06T19:40:36","slug":"no-mes-da-reforma-estudos-biblicos-sobre-a-reforma","status":"publish","type":"post","link":"https:\/\/ultimato.com.br\/sites\/blogdaultimato\/2014\/10\/07\/no-mes-da-reforma-estudos-biblicos-sobre-a-reforma\/","title":{"rendered":"No m\u00eas da Reforma, estudos b\u00edblicos sobre a Reforma"},"content":{"rendered":"<p><a href=\"http:\/\/ultimato.com.br\/sites\/blogdaultimato\/files\/2014\/10\/imag_reformadores.jpg\" class=\"lightview\" data-lightview-group=\"group-5927\" data-lightview-options=\"skin: 'dark', controls: 'relative', padding: '10', shadow: { color: '#000000', opacity: 0.08, blur: 3 }\"><img loading=\"lazy\" decoding=\"async\" class=\"alignleft size-thumbnail wp-image-5928\" src=\"http:\/\/ultimato.com.br\/sites\/blogdaultimato\/files\/2014\/10\/imag_reformadores-150x150.jpg\" alt=\"imag_reformadores\" width=\"150\" height=\"150\" srcset=\"https:\/\/ultimato.com.br\/sites\/blogdaultimato\/files\/2014\/10\/imag_reformadores-150x150.jpg 150w, https:\/\/ultimato.com.br\/sites\/blogdaultimato\/files\/2014\/10\/imag_reformadores-80x80.jpg 80w\" sizes=\"auto, (max-width: 150px) 100vw, 150px\" \/><\/a>Como parte da campanha editorial <a href=\"http:\/\/ultimato.com.br\/sites\/reformadores\/\">Reformadores<\/a>, o site <a href=\"http:\/\/ultimato.com.br\/sites\/estudos-biblicos\/\">estudosbiblicos<\/a>, do portal <strong>Ultimato<\/strong>, vai publicar 8 estudos sobre a Reforma durante o m\u00eas de outubro. Dois a cada semana: a Reforma e a&#8230; B\u00edblia, e a educa\u00e7\u00e3o, e a arte, e a fam\u00edlia e muito mais.<\/p>\n<p>O primeiro estudo, \u00e0 disposi\u00e7\u00e3o dos leitores, foi <a href=\"http:\/\/ultimato.com.br\/sites\/estudos-biblicos\/assunto\/igreja\/justificacao-o-ponto-de-partida-da-reforma\/\">Justifica\u00e7\u00e3o: o ponto de partida da Reforma<\/a>. O segundo, publicado ontem, \u00e9 bastante atual para as discuss\u00f5es acaloradas sobre os rumos da educa\u00e7\u00e3o brasileira: <a href=\"http:\/\/ultimato.com.br\/sites\/estudos-biblicos\/assunto\/igreja\/a-reforma-e-a-educacao-calvino-knox-e-comenio\/\">A Reforma e a educa\u00e7\u00e3o: Calvino, Knox e Com\u00eanio<\/a>.<\/p>\n<p>Fique \u00e0 vontade para montar o seu pr\u00f3prio \u201ccaderno\u201d de estudos b\u00edblicos sobre a Reforma e espalhe essa not\u00edcia.<\/p>\n<p>Em tempo. Em outubro, Ultimato tamb\u00e9m lan\u00e7ou os livros <a href=\"http:\/\/www.ultimato.com.br\/loja\/produtos\/sou-eu-calvino\">Sou Eu, Calvino<\/a> e <a href=\"http:\/\/www.ultimato.com.br\/loja\/produtos\/somente-a-fe\">Somente a F\u00e9 &#8211; Um Ano com Lutero<\/a>.<\/p>\n","protected":false},"excerpt":{"rendered":"<p>Como parte da campanha editorial Reformadores, o site estudosbiblicos, do portal Ultimato, vai publicar 8 estudos sobre a Reforma durante o m\u00eas de outubro. Dois a cada semana: a Reforma e a&#8230; B\u00edblia, e a educa\u00e7\u00e3o, e a arte, e a fam\u00edlia e muito mais.<br \/>\nO primeiro estudo, \u00e0 disposi\u00e7\u00e3o dos leitores, foi Justifica\u00e7\u00e3o: o ponto [&#8230;]<\/p>\n","protected":false},"author":6,"featured_media":0,"comment_status":"open","ping_status":"open","sticky":false,"template":"","format":"standard","meta":{"ngg_post_thumbnail":0,"footnotes":""},"categories":[9536],"tags":[],"class_list":["post-5927","post","type-post","status-publish","format-standard","hentry","category-do-editor"],"_links":{"self":[{"href":"https:\/\/ultimato.com.br\/sites\/blogdaultimato\/wp-json\/wp\/v2\/posts\/5927","targetHints":{"allow":["GET"]}}],"collection":[{"href":"https:\/\/ultimato.com.br\/sites\/blogdaultimato\/wp-json\/wp\/v2\/posts"}],"about":[{"href":"https:\/\/ultimato.com.br\/sites\/blogdaultimato\/wp-json\/wp\/v2\/types\/post"}],"author":[{"embeddable":true,"href":"https:\/\/ultimato.com.br\/sites\/blogdaultimato\/wp-json\/wp\/v2\/users\/6"}],"replies":[{"embeddable":true,"href":"https:\/\/ultimato.com.br\/sites\/blogdaultimato\/wp-json\/wp\/v2\/comments?post=5927"}],"version-history":[{"count":4,"href":"https:\/\/ultimato.com.br\/sites\/blogdaultimato\/wp-json\/wp\/v2\/posts\/5927\/revisions"}],"predecessor-version":[{"id":5932,"href":"https:\/\/ultimato.com.br\/sites\/blogdaultimato\/wp-json\/wp\/v2\/posts\/5927\/revisions\/5932"}],"wp:attachment":[{"href":"https:\/\/ultimato.com.br\/sites\/blogdaultimato\/wp-json\/wp\/v2\/media?parent=5927"}],"wp:term":[{"taxonomy":"category","embeddable":true,"href":"https:\/\/ultimato.com.br\/sites\/blogdaultimato\/wp-json\/wp\/v2\/categories?post=5927"},{"taxonomy":"post_tag","embeddable":true,"href":"https:\/\/ultimato.com.br\/sites\/blogdaultimato\/wp-json\/wp\/v2\/tags?post=5927"}],"curies":[{"name":"wp","href":"https:\/\/api.w.org\/{rel}","templated":true}]}}