{"id":5916,"date":"2014-10-06T08:55:03","date_gmt":"2014-10-06T11:55:03","guid":{"rendered":"http:\/\/ultimato.com.br\/sites\/blogdaultimato\/?p=5916"},"modified":"2014-10-06T14:09:56","modified_gmt":"2014-10-06T17:09:56","slug":"os-evangelicos-nao-tem-forca-para-decidir-a-eleicao-para-presidente","status":"publish","type":"post","link":"https:\/\/ultimato.com.br\/sites\/blogdaultimato\/2014\/10\/06\/os-evangelicos-nao-tem-forca-para-decidir-a-eleicao-para-presidente\/","title":{"rendered":"Os evang\u00e9licos n\u00e3o t\u00eam for\u00e7a para decidir a elei\u00e7\u00e3o para presidente"},"content":{"rendered":"<p style=\"line-height: 14.55pt; background: white; margin: 13.5pt 0cm 13.5pt 0cm;\"><a href=\"http:\/\/ultimato.com.br\/sites\/blogdaultimato\/files\/2014\/10\/paul_freston_mesa2.jpg\" class=\"lightview\" data-lightview-group=\"group-5916\" data-lightview-options=\"skin: 'dark', controls: 'relative', padding: '10', shadow: { color: '#000000', opacity: 0.08, blur: 3 }\"><img loading=\"lazy\" decoding=\"async\" class=\"alignleft size-medium wp-image-5917\" src=\"http:\/\/ultimato.com.br\/sites\/blogdaultimato\/files\/2014\/10\/paul_freston_mesa2-200x300.jpg\" alt=\"paul_freston_mesa2\" width=\"200\" height=\"300\" srcset=\"https:\/\/ultimato.com.br\/sites\/blogdaultimato\/files\/2014\/10\/paul_freston_mesa2-200x300.jpg 200w, https:\/\/ultimato.com.br\/sites\/blogdaultimato\/files\/2014\/10\/paul_freston_mesa2-685x1024.jpg 685w, https:\/\/ultimato.com.br\/sites\/blogdaultimato\/files\/2014\/10\/paul_freston_mesa2-100x150.jpg 100w, https:\/\/ultimato.com.br\/sites\/blogdaultimato\/files\/2014\/10\/paul_freston_mesa2.jpg 1296w\" sizes=\"auto, (max-width: 200px) 100vw, 200px\" \/><\/a>Leia a entrevista do soci\u00f3logo e colunista da revista <a href=\"http:\/\/www.ultimato.com.br\/revista\/edicoes-anteriores\">Ultimato<\/a>, Paul Freston, \u00e0 <strong>Exame.com<\/strong>, publicada um dia antes das elei\u00e7\u00f5es, que definiram a ida para o segundo turno dos candidatos A\u00e9cio Neves (PSDB) e Dilma Roussef (PT).<\/p>\n<p style=\"line-height: 14.55pt; background: white; margin: 13.5pt 0cm 13.5pt 0cm;\"><span style=\"font-size: 10.5pt; font-family: 'Arial','sans-serif'; color: black; background: white;\"><strong>S\u00e3o Paulo &#8211;<\/strong>\u00a0<\/span><span style=\"orphans: auto; widows: auto; -webkit-text-stroke-width: 0px; word-spacing: 0px;\">Dos mais de 26 mil pol\u00edticos que concorrem a algum cargo p\u00fablico nestas elei\u00e7\u00f5es, exatos 328 ter\u00e3o seus nomes expostos nas urnas acompanhados das palavras <a href=\"http:\/\/exame.abril.com.br\/brasil\/noticias\/evangelicos-crescem-45-entre-eleicoes-de-2010-e-2014\" target=\"_blank\"><span style=\"color: #1d6c88;\">pastor, mission\u00e1rio ou bispo<\/span><\/a>. O Pastor Everaldo (PSC), candidato \u00e0 presid\u00eancia, \u00e9 um deles.\u00a0<\/span><\/p>\n<p style=\"line-height: 14.55pt; background: white; margin: 13.5pt 0cm 13.5pt 0cm;\"><span style=\"font-size: 10.5pt; font-family: 'Arial','sans-serif'; color: black;\">O dado \u00e9 um reflexo claro da dissemina\u00e7\u00e3o da f\u00e9 <strong><span style=\"font-family: 'Arial','sans-serif';\"><a href=\"http:\/\/www.exame.com.br\/topicos\/evangelicos\"><span style=\"color: #1d6c88; text-decoration: none; text-underline: none;\">evang\u00e9lica<\/span><span class=\"apple-converted-space\"><span style=\"color: #1d6c88; text-decoration: none; text-underline: none;\">\u00a0<\/span><\/span><\/a><\/span><\/strong>no pa\u00eds. Em 2000, 15,6% da popula\u00e7\u00e3o se declarava seguidor da religi\u00e3o. Dez anos depois, em 2010, a propor\u00e7\u00e3o pulou para<span class=\"apple-converted-space\">\u00a0<\/span><a href=\"http:\/\/exame.abril.com.br\/brasil\/noticias\/catolicos-serao-ultrapassados-por-evangelicos-ate-2040\" target=\"_blank\"><span style=\"color: #1d6c88; text-decoration: none; text-underline: none;\">22,2% do total de brasileiros<\/span><\/a>.<\/span><\/p>\n<p style=\"line-height: 14.55pt; background: white; orphans: auto; widows: auto; -webkit-text-stroke-width: 0px; word-spacing: 0px; margin: 13.5pt 0cm 13.5pt 0cm;\"><span style=\"font-size: 10.5pt; font-family: 'Arial','sans-serif'; color: black;\">Estima-se que o eleitorado evang\u00e9lico corresponda a 22% do total de brasileiros aptos a votar nestas elei\u00e7\u00f5es. O que rende cerca de 27 milh\u00f5es de votos.<\/span><\/p>\n<p style=\"line-height: 14.55pt; background: white; orphans: auto; widows: auto; -webkit-text-stroke-width: 0px; word-spacing: 0px; margin: 13.5pt 0cm 13.5pt 0cm;\"><span style=\"font-size: 10.5pt; font-family: 'Arial','sans-serif'; color: black;\">Com<span class=\"apple-converted-space\">\u00a0<\/span><strong style=\"font-style: inherit;\"><span style=\"font-family: 'Arial','sans-serif';\"><a href=\"http:\/\/www.exame.com.br\/topicos\/marina-silva\"><span style=\"color: #1d6c88; text-decoration: none; text-underline: none;\">Marina Silva<\/span><\/a><\/span><\/strong><span class=\"apple-converted-space\">\u00a0<\/span>(PSB) disputando voto a voto um lugar no segundo turno com<span class=\"apple-converted-space\">\u00a0<\/span><strong style=\"font-style: inherit;\"><span style=\"font-family: 'Arial','sans-serif';\"><a href=\"http:\/\/www.exame.com.br\/topicos\/aecio-neves\"><span style=\"color: #1d6c88; text-decoration: none; text-underline: none;\">A\u00e9cio Neves<\/span><\/a><\/span><\/strong><span class=\"apple-converted-space\">\u00a0<\/span>(PSDB), muitos t\u00eam afirmado que a vota\u00e7\u00e3o dos evang\u00e9licos pode ser decisiva. A candidata, que \u00e9 membro da Igreja Assembleia de Deus, \u00e9 a favorita entre todos os grupos da religi\u00e3o, segundo pesquisa<span class=\"apple-converted-space\">\u00a0<\/span><a href=\"http:\/\/media.folha.uol.com.br\/datafolha\/2014\/10\/03\/intencao_de_voto_presidente_2.pdf\" target=\"_blank\"><span style=\"color: #1d6c88; text-decoration: none; text-underline: none;\">Datafolha<span class=\"apple-converted-space\">\u00a0<\/span><\/span><\/a>divulgada na \u00faltima quinta-feira.<\/span><\/p>\n<p style=\"line-height: 14.55pt; background: white; orphans: auto; widows: auto; -webkit-text-stroke-width: 0px; word-spacing: 0px; margin: 13.5pt 0cm 13.5pt 0cm;\"><span style=\"font-size: 10.5pt; font-family: 'Arial','sans-serif'; color: black;\">Segundo Paul Freston, professor da Universidade Federal de S\u00e3o Carlos (UFSCar), na pr\u00e1tica, os evang\u00e9licos n\u00e3o t\u00eam peso para decidir uma elei\u00e7\u00e3o majorit\u00e1ria, como para presidente ou governador.<\/span><\/p>\n<p style=\"line-height: 14.55pt; background: white; orphans: auto; widows: auto; -webkit-text-stroke-width: 0px; word-spacing: 0px; margin: 13.5pt 0cm 13.5pt 0cm;\"><span style=\"font-size: 10.5pt; font-family: 'Arial','sans-serif'; color: black;\">Obviamente, o n\u00famero de seguidores da religi\u00e3o n\u00e3o \u00e9 suficiente para garantir mais da metade dos votos. Al\u00e9m disso, por defini\u00e7\u00e3o, a postura das igrejas evang\u00e9licas tende a n\u00e3o ser uniforme &#8211; tanto que as denomina\u00e7\u00f5es se dividem no apoio a<span class=\"apple-converted-space\">\u00a0<\/span><strong style=\"font-style: inherit;\"><span style=\"font-family: 'Arial','sans-serif';\"><a href=\"http:\/\/www.exame.com.br\/topicos\/dilma-rousseff\"><span style=\"color: #1d6c88; text-decoration: none; text-underline: none;\">Dilma Rousseff<\/span><\/a><\/span><\/strong><span class=\"apple-converted-space\">\u00a0<\/span>(PT), A\u00e9cio e Marina.<\/span><\/p>\n<p style=\"line-height: 14.55pt; background: white; orphans: auto; widows: auto; -webkit-text-stroke-width: 0px; word-spacing: 0px; margin: 13.5pt 0cm 13.5pt 0cm;\"><span style=\"font-size: 10.5pt; font-family: 'Arial','sans-serif'; color: black;\">\u201cNuma elei\u00e7\u00e3o apertada, o favoritismo evang\u00e9lico pode ser fiel da balan\u00e7a. Mas, numa elei\u00e7\u00e3o apertada, muita gente pode ser fiel da balan\u00e7a\u201d, afirmou em entrevista a EXAME.com h\u00e1 duas semanas \u2013 portanto, antes da virada de A\u00e9cio Neves nas pesquisas.<\/span><\/p>\n<p style=\"line-height: 14.55pt; background: white; margin: 13.5pt 0cm 13.5pt 0cm;\"><span style=\"font-size: 10.5pt; font-family: 'Arial','sans-serif'; color: black;\">Nas elei\u00e7\u00f5es proporcionais, que \u00e9 o caso dos deputados federais e estaduais, a hist\u00f3ria \u00e9 outra. De acordo com o especialista, uma igreja grande pode sozinha eleger um representante para a C\u00e2mara dos Deputados, por exemplo.<\/span><!--more--><\/p>\n<p style=\"line-height: 14.55pt; background: white; orphans: auto; widows: auto; -webkit-text-stroke-width: 0px; word-spacing: 0px; margin: 13.5pt 0cm 13.5pt 0cm;\"><span style=\"font-size: 10.5pt; font-family: 'Arial','sans-serif'; color: black;\">Fato que explica o comportamento da bancada evang\u00e9lica na C\u00e2mara e, guardada as devidas propor\u00e7\u00f5es, uma suposta tentativa de \u201creeditar\u201d o fen\u00f4meno do voto de cabresto dentro das igrejas. A pr\u00e1tica, adotada nas primeiras d\u00e9cadas da Rep\u00fablica, consistia na compra de votos pelos ent\u00e3o coron\u00e9is.<\/span><\/p>\n<p style=\"line-height: 14.55pt; background: white; orphans: auto; widows: auto; -webkit-text-stroke-width: 0px; word-spacing: 0px; margin: 13.5pt 0cm 13.5pt 0cm;\"><span style=\"font-size: 10.5pt; font-family: 'Arial','sans-serif'; color: black;\">Na nova vers\u00e3o da pr\u00e1tica, algumas lideran\u00e7as religiosas sugeririam um candidato para os fieis. O esfor\u00e7o, contudo, nem sempre d\u00e1 certo, segundo o especialista que tem origem anglicana e estuda a rela\u00e7\u00e3o\u00a0<\/span><span style=\"font-size: 9.0pt; font-family: 'Arial','sans-serif'; color: black;\">entre evang\u00e9licos e pol\u00edtica no Brasil desde a d\u00e9cada de 1980.<\/span><\/p>\n<p style=\"line-height: 14.55pt; background: white; orphans: auto; widows: auto; -webkit-text-stroke-width: 0px; word-spacing: 0px; margin: 13.5pt 0cm 13.5pt 0cm;\"><span style=\"font-size: 10.5pt; font-family: 'Arial','sans-serif'; color: black;\">\u201cH\u00e1 muitos c\u00e1lculos acontecendo na cabe\u00e7a das pessoas. Quem \u00e9 membro de igreja tamb\u00e9m \u00e9 outras coisas, a sua vida n\u00e3o se reduz \u00e0s paredes da igreja\u201d, disse.\u00a0<\/span><\/p>\n<p style=\"line-height: 14.55pt; background: white; orphans: auto; widows: auto; -webkit-text-stroke-width: 0px; word-spacing: 0px; margin: 13.5pt 0cm 13.5pt 0cm;\"><span style=\"font-size: 10.5pt; font-family: 'Arial','sans-serif'; color: black;\">Veja alguns trechos da entrevista que ele concedeu a EXAME.com<\/span><\/p>\n<p style=\"line-height: 14.55pt; background: white; orphans: auto; widows: auto; -webkit-text-stroke-width: 0px; word-spacing: 0px; margin: 13.5pt 0cm 13.5pt 0cm;\"><strong style=\"font-style: inherit;\"><span style=\"font-size: 10.5pt; font-family: 'Arial','sans-serif'; color: black;\">EXAME.com &#8211; L\u00edderes como o pastor Silas \u00a0Malafaia, realmente, influenciam o voto de mais de 27 milh\u00f5es de eleitores evang\u00e9licos?<\/span><\/strong><span class=\"apple-converted-space\"><b><span style=\"font-size: 10.5pt; font-family: 'Arial','sans-serif'; color: black;\">\u00a0<\/span><\/b><\/span><b><span style=\"font-size: 10.5pt; font-family: 'Arial','sans-serif'; color: black;\"><br \/>\n<strong><span style=\"font-family: 'Arial','sans-serif';\">Paul Freston &#8211;<\/span><\/strong><\/span><\/b><span class=\"apple-converted-space\"><span style=\"font-size: 10.5pt; font-family: 'Arial','sans-serif'; color: black;\">\u00a0<\/span><\/span><span style=\"font-size: 10.5pt; font-family: 'Arial','sans-serif'; color: black;\">O Malafaia e outros do mesmo estilo querem aparecer como quem determina, quem faz a cabe\u00e7a do imenso eleitorado do mundo evang\u00e9lico. N\u00e3o \u00e9 bem assim. Se Malafaia \u00e9 este grande fazedor de reis como ele acha, porque ele n\u00e3o conseguiu alavancar a campanha do pastor Everaldo? A gente tem que sempre desconfiar da autoimagem que este pessoal veicula.<span class=\"apple-converted-space\">\u00a0<\/span><\/span><\/p>\n<p style=\"line-height: 14.55pt; background: white; margin: 13.5pt 0cm 13.5pt 0cm;\"><strong><span style=\"font-size: 10.5pt; font-family: 'Arial','sans-serif'; color: black;\">EXAME.com \u2013 Os evang\u00e9licos podem definir uma elei\u00e7\u00e3o?<\/span><\/strong><span class=\"apple-converted-space\"><b><span style=\"font-size: 10.5pt; font-family: 'Arial','sans-serif'; color: black;\">\u00a0<\/span><\/b><\/span><b><span style=\"font-size: 10.5pt; font-family: 'Arial','sans-serif'; color: black;\"><br \/>\n<strong><span style=\"font-family: 'Arial','sans-serif';\">Paul Freston &#8211;<\/span><\/strong><span class=\"apple-converted-space\">\u00a0<\/span><\/span><\/b><span style=\"font-size: 10.5pt; font-family: 'Arial','sans-serif'; color: black;\">\u00c9 complicado operacionalizar essa identidade evang\u00e9lica em fun\u00e7\u00e3o da candidatura para um cargo majorit\u00e1rio. H\u00e1 um pluralismo pol\u00edtico dentro da pluralidade evang\u00e9lica. A pr\u00f3pria ideia de comunidade evang\u00e9lica \u00e9 um pouco mito. Na pr\u00e1tica, \u00e9 uma infinidade de grupos que n\u00e3o se relacionam.<\/span><\/p>\n<p style=\"line-height: 14.55pt; background: white; margin: 13.5pt 0cm 13.5pt 0cm;\"><span style=\"font-size: 10.5pt; font-family: 'Arial','sans-serif'; color: black;\">Numa elei\u00e7\u00e3o apertada, o favoritismo evang\u00e9lico pode ser fiel na balan\u00e7a. Mas, numa elei\u00e7\u00e3o apertada, muita gente pode ser fiel na balan\u00e7a.<\/span><\/p>\n<p><strong style=\"font-style: inherit;\"><span style=\"font-size: 10.5pt; font-family: 'Arial','sans-serif'; color: black;\">EXAME.com &#8211; Por que os evang\u00e9licos n\u00e3o pesam em uma elei\u00e7\u00e3o majorit\u00e1ria, como a presidencial?<\/span><\/strong><span class=\"apple-converted-space\"><b><span style=\"font-size: 10.5pt; font-family: 'Arial','sans-serif'; color: black;\">\u00a0<\/span><\/b><\/span><\/p>\n<p style=\"line-height: 14.55pt; background: white; orphans: auto; widows: auto; -webkit-text-stroke-width: 0px; word-spacing: 0px; margin: 13.5pt 0cm 13.5pt 0cm;\"><b><span style=\"font-size: 10.5pt; font-family: 'Arial','sans-serif'; color: black;\"> <strong><span style=\"font-family: 'Arial','sans-serif';\">Paul Freston &#8211;<\/span><\/strong><\/span><\/b><span class=\"apple-converted-space\"><span style=\"font-size: 10.5pt; font-family: 'Arial','sans-serif'; color: black;\">\u00a0<\/span><\/span><span style=\"font-size: 10.5pt; font-family: 'Arial','sans-serif'; color: black;\">As l\u00f3gicas das elei\u00e7\u00f5es majorit\u00e1rias e das proporcionais s\u00e3o muito diferentes. Por exemplo, se uma igreja em determinado estado tiver um candidato a deputado federal. Com 40% dos votos de todos os membros, o sujeito \u00e9 eleito.<\/span><\/p>\n<p style=\"line-height: 14.55pt; background: white; orphans: auto; widows: auto; -webkit-text-stroke-width: 0px; word-spacing: 0px; margin: 13.5pt 0cm 13.5pt 0cm;\"><span style=\"font-size: 10.5pt; font-family: 'Arial','sans-serif'; color: black;\">Nas elei\u00e7\u00f5es majorit\u00e1rias, voc\u00ea tem que chegar a 51% dos votos. N\u00e3o h\u00e1 evang\u00e9lico suficiente para isso. Ent\u00e3o, a l\u00f3gica \u00e9 outra.<\/span><\/p>\n<p style=\"line-height: 14.55pt; background: white; orphans: auto; widows: auto; -webkit-text-stroke-width: 0px; word-spacing: 0px; margin: 13.5pt 0cm 13.5pt 0cm;\"><strong style=\"font-style: inherit;\"><span style=\"font-size: 10.5pt; font-family: 'Arial','sans-serif'; color: black;\">EXAME.com &#8211; \u00a0O voto de cabresto est\u00e1, realmente, presente nas igrejas brasileiras?<\/span><\/strong><span class=\"apple-converted-space\"><b><span style=\"font-size: 10.5pt; font-family: 'Arial','sans-serif'; color: black;\">\u00a0<\/span><\/b><\/span><b><span style=\"font-size: 10.5pt; font-family: 'Arial','sans-serif'; color: black;\"><br \/>\n<strong><span style=\"font-family: 'Arial','sans-serif';\">Paul Freston &#8211;<\/span><\/strong><span class=\"apple-converted-space\">\u00a0<\/span><\/span><\/b><span style=\"font-size: 10.5pt; font-family: 'Arial','sans-serif'; color: black;\">De certa forma, muitas igrejas pentecostais, n\u00e3o todas, t\u00eam feito uma reedi\u00e7\u00e3o, uma encarna\u00e7\u00e3o mais urbana deste voto de cabresto tradicional. A tentativa de fazer isso existe.<\/span><\/p>\n<p style=\"line-height: 14.55pt; background: white; orphans: auto; widows: auto; -webkit-text-stroke-width: 0px; word-spacing: 0px; margin: 13.5pt 0cm 13.5pt 0cm;\"><strong style=\"font-style: inherit;\"><span style=\"font-size: 10.5pt; font-family: 'Arial','sans-serif'; color: black;\">EXAME.com &#8211; Gera resultados?<\/span><\/strong><span class=\"apple-converted-space\"><b><span style=\"font-size: 10.5pt; font-family: 'Arial','sans-serif'; color: black;\">\u00a0<\/span><\/b><\/span><b><span style=\"font-size: 10.5pt; font-family: 'Arial','sans-serif'; color: black;\"><br \/>\n<strong><span style=\"font-family: 'Arial','sans-serif';\">Paul Freston &#8211;<\/span><\/strong><\/span><\/b><span class=\"apple-converted-space\"><span style=\"font-size: 10.5pt; font-family: 'Arial','sans-serif'; color: black;\">\u00a0<\/span><\/span><span style=\"font-size: 10.5pt; font-family: 'Arial','sans-serif'; color: black;\">Muitas vezes, se retrata isso como se o pastor simplesmente falasse para as pessoas votarem em Fulano e todo mundo levanta, sai e vota no Fulano. A evid\u00eancia das urnas n\u00e3o mostra isso.<\/span><\/p>\n<p style=\"line-height: 14.55pt; background: white; orphans: auto; widows: auto; -webkit-text-stroke-width: 0px; word-spacing: 0px; margin: 13.5pt 0cm 13.5pt 0cm;\"><span style=\"font-size: 10.5pt; font-family: 'Arial','sans-serif'; color: black;\">H\u00e1 muitos c\u00e1lculos acontecendo na cabe\u00e7a das pessoas. Quem \u00e9 membro de igreja tamb\u00e9m \u00e9 outras coisas, a sua vida n\u00e3o se reduz \u00e0s paredes da igreja. A coisa \u00e9 sempre mais complicada.<\/span><\/p>\n<p style=\"line-height: 14.55pt; background: white; orphans: auto; widows: auto; -webkit-text-stroke-width: 0px; word-spacing: 0px; margin: 13.5pt 0cm .0001pt 0cm;\"><strong style=\"font-style: inherit;\"><span style=\"font-size: 10.5pt; font-family: 'Arial','sans-serif'; color: black;\">EXAME.com &#8211; \u00a0Qual \u00e9 a l\u00f3gica por tr\u00e1s da frase \u201cirm\u00e3o vota em irm\u00e3o\u201d, ent\u00e3o?<\/span><\/strong><\/p>\n<p style=\"line-height: 14.55pt; background: white; margin: 0cm 0cm 13.5pt 0cm;\"><strong><span style=\"font-size: 10.5pt; font-family: 'Arial','sans-serif'; color: black;\">Paul Freston &#8211;<\/span><\/strong><span class=\"apple-converted-space\"><b><span style=\"font-size: 10.5pt; font-family: 'Arial','sans-serif'; color: black;\">\u00a0<\/span><\/b><\/span><span style=\"font-size: 10.5pt; font-family: 'Arial','sans-serif'; color: black;\">At\u00e9 a d\u00e9cada de 80, o que se ouvia dentro das igrejas pentecostais era \u201ccrente n\u00e3o se mete em pol\u00edtica\u201d. Com a Constituinte, em 1986, os pentecostais come\u00e7aram a escolher internamente um candidato pr\u00f3prio. Para justificar a mudan\u00e7a, eles inventaram a frase \u201cirm\u00e3o vota em irm\u00e3o\u201d.<\/span><\/p>\n<p style=\"line-height: 14.55pt; background: white; orphans: auto; widows: auto; -webkit-text-stroke-width: 0px; word-spacing: 0px; margin: 13.5pt 0cm 13.5pt 0cm;\"><strong style=\"font-style: inherit;\"><span style=\"font-size: 10.5pt; font-family: 'Arial','sans-serif'; color: black;\">EXAME.com &#8211; Como evang\u00e9lico protestante, o senhor concorda com este esfor\u00e7o?<\/span><\/strong><span class=\"apple-converted-space\"><b><span style=\"font-size: 10.5pt; font-family: 'Arial','sans-serif'; color: black;\">\u00a0<\/span><\/b><\/span><b><span style=\"font-size: 10.5pt; font-family: 'Arial','sans-serif'; color: black;\"><br \/>\n<strong><span style=\"font-family: 'Arial','sans-serif';\">Paul Freston &#8211;<\/span><\/strong><span class=\"apple-converted-space\">\u00a0<\/span><\/span><\/b><span style=\"font-size: 10.5pt; font-family: 'Arial','sans-serif'; color: black;\">N\u00e3o, eu acho que \u00e9 rid\u00edculo. A mera identidade religiosa n\u00e3o determina voc\u00ea votar em algu\u00e9m. Al\u00e9m do mais, voc\u00ea tem a quest\u00e3o da experi\u00eancia. Muitos dos que chegam por essa via s\u00e3o extremamente inexperientes, despreparados. Isso os deixa muito suscet\u00edveis \u00e0 corrup\u00e7\u00e3o. Ent\u00e3o, por todos os ind\u00edcios, essa frase irm\u00e3o vota em irm\u00e3o tem sido altamente question\u00e1vel.<\/span><\/p>\n<p style=\"line-height: 14.55pt; background: white; margin: 13.5pt 0cm 13.5pt 0cm;\"><strong><span style=\"font-size: 10.5pt; font-family: 'Arial','sans-serif'; color: black;\">EXAME.com &#8211; Isso explica a postura da chamada bancada evang\u00e9lica?<\/span><\/strong><span class=\"apple-converted-space\"><b><span style=\"font-size: 10.5pt; font-family: 'Arial','sans-serif'; color: black;\">\u00a0<\/span><\/b><\/span><b><span style=\"font-size: 10.5pt; font-family: 'Arial','sans-serif'; color: black;\"><br \/>\n<strong><span style=\"font-family: 'Arial','sans-serif';\">Paul Freston &#8211;<\/span><\/strong><\/span><\/b><span class=\"apple-converted-space\"><span style=\"font-size: 10.5pt; font-family: 'Arial','sans-serif'; color: black;\">\u00a0<\/span><\/span><span style=\"font-size: 10.5pt; font-family: 'Arial','sans-serif'; color: black;\">A maioria da bancada evang\u00e9lica no Congresso \u00e9 formada por eleitos quase que somente por votos na sua pr\u00f3pria igreja. Isso cria uma rela\u00e7\u00e3o muito enviesada. A pessoa tenta responder \u00e0s demandas que v\u00eam da igreja, sobretudo, da lideran\u00e7a que o escolheu. Por isso, esse pessoal \u00e9 propenso a duas mazelas da vida pol\u00edtica brasileira: a corrup\u00e7\u00e3o e a infidelidade partid\u00e1ria.<\/span><\/p>\n<p style=\"line-height: 14.55pt; background: white; margin: 13.5pt 0cm 13.5pt 0cm;\"><strong style=\"font-style: inherit;\"><span style=\"font-size: 10.5pt; font-family: 'Arial','sans-serif'; color: black;\">EXAME.com &#8211; Em seu livro \u201cReligi\u00e3o e Pol\u00edtica, sim. Igreja e Estado, n\u00e3o\u201d (Editora Ultimato), o senhor fala sobre a pol\u00edtica confessional e Estado confessional. Qual a diferen\u00e7a entre os dois termos?<\/span><\/strong><b><span style=\"font-size: 10.5pt; font-family: 'Arial','sans-serif'; color: black;\"><br \/>\n<strong><span style=\"font-family: 'Arial','sans-serif';\">Paul Freston \u2013<\/span><\/strong><span class=\"apple-converted-space\">\u00a0<\/span><\/span><\/b><span style=\"font-size: 10.5pt; font-family: 'Arial','sans-serif'; color: black;\">Por um lado, voc\u00ea tem uma participa\u00e7\u00e3o pol\u00edtica inspirada por valores religiosos e, por outro, um Estado que privilegia uma religi\u00e3o em detrimento de outras. S\u00e3o duas coisas diferentes. Voc\u00ea pode ter um Estado laico (que \u00e9 neutro com rela\u00e7\u00e3o a todas as confiss\u00f5es religiosas) e, ao mesmo tempo, ter bastante participa\u00e7\u00e3o pol\u00edtica por parte de pessoas inspiradas por valores religiosos.<\/span><\/p>\n<p style=\"line-height: 14.55pt; background: white; margin: 13.5pt 0cm 13.5pt 0cm;\"><strong style=\"font-style: inherit;\"><span style=\"font-size: 10.5pt; font-family: 'Arial','sans-serif'; color: black;\">EXAME.com &#8211; Qual o limite para a f\u00e9 de uma pessoa interferir em seu papel p\u00fablico?<\/span><\/strong><span class=\"apple-converted-space\"><b><span style=\"font-size: 10.5pt; font-family: 'Arial','sans-serif'; color: black;\">\u00a0<\/span><\/b><\/span><b><span style=\"font-size: 10.5pt; font-family: 'Arial','sans-serif'; color: black;\"><br \/>\n<strong><span style=\"font-family: 'Arial','sans-serif';\">Paul Freston &#8211;<\/span><\/strong><\/span><\/b><span class=\"apple-converted-space\"><span style=\"font-size: 10.5pt; font-family: 'Arial','sans-serif'; color: black;\">\u00a0<\/span><\/span><span style=\"font-size: 10.5pt; font-family: 'Arial','sans-serif'; color: black;\">Todas as pessoas acreditam em alguma coisa. Por exemplo, teve um momento em que Fernando Henrique Cardoso era candidato a prefeito [em 1985] e as pessoas entenderam que ele era ateu. Supostamente isso prejudicou as chances dele ser eleito.<\/span><\/p>\n<p style=\"line-height: 14.55pt; background: white; margin: 13.5pt 0cm 13.5pt 0cm;\"><span style=\"font-size: 10.5pt; font-family: 'Arial','sans-serif'; color: black;\">A realidade \u00e9 que isso se aplica a todo mundo. N\u00e3o \u00e9 s\u00f3 porque uma pessoa \u00e9 religiosa (ou n\u00e3o) que a f\u00e9 dela ir\u00e1 interferir em sua a\u00e7\u00e3o na pol\u00edtica. Quando o [John F.] Kennedy era candidato \u00e0 presid\u00eancia dos Estados Unidos, por ser cat\u00f3lico, ele fez uma declara\u00e7\u00e3o na televis\u00e3o declarando que n\u00e3o obedeceria ao clero cat\u00f3lico. No Brasil, parece que quando algu\u00e9m \u00e9 evang\u00e9lico ainda \u00e9 necess\u00e1rio fazer esse tipo de declara\u00e7\u00e3o. Eu pergunto: por qu\u00ea?<\/span><\/p>\n<p style=\"line-height: 14.55pt; background: white; margin: 13.5pt 0cm 13.5pt 0cm;\"><strong style=\"font-style: inherit;\"><span style=\"font-size: 10.5pt; font-family: 'Arial','sans-serif'; color: black;\">EXAME.com &#8211; Qual a resposta que o senhor faz a sua pr\u00f3pria pergunta?<\/span><\/strong><span class=\"apple-converted-space\"><b><span style=\"font-size: 10.5pt; font-family: 'Arial','sans-serif'; color: black;\">\u00a0<\/span><\/b><\/span><b><span style=\"font-size: 10.5pt; font-family: 'Arial','sans-serif'; color: black;\"><br \/>\n<strong><span style=\"font-family: 'Arial','sans-serif';\">Paul Freston &#8211;<\/span><\/strong><span class=\"apple-converted-space\">\u00a0<\/span><\/span><\/b><span style=\"font-size: 10.5pt; font-family: 'Arial','sans-serif'; color: black;\">\u00c9 o mesmo tipo de preconceito. Preconceito contra cat\u00f3lico nos Estados Unidos e preconceito contra evang\u00e9lico, no Brasil. \u00c9 baseado na ignor\u00e2ncia.<\/span><\/p>\n<p style=\"line-height: 14.55pt; background: white; margin: 13.5pt 0cm 13.5pt 0cm;\"><strong style=\"font-style: inherit;\"><span style=\"font-size: 10.5pt; font-family: 'Arial','sans-serif'; color: black;\">EXAME.com &#8211; Mas n\u00e3o seria uma esp\u00e9cie de presta\u00e7\u00e3o de contas?<\/span><\/strong><span class=\"apple-converted-space\"><b><span style=\"font-size: 10.5pt; font-family: 'Arial','sans-serif'; color: black;\">\u00a0<\/span><\/b><\/span><b><span style=\"font-size: 10.5pt; font-family: 'Arial','sans-serif'; color: black;\"><br \/>\n<strong><span style=\"font-family: 'Arial','sans-serif';\">Paul Freston &#8211;<\/span><\/strong><\/span><\/b><span class=\"apple-converted-space\"><span style=\"font-size: 10.5pt; font-family: 'Arial','sans-serif'; color: black;\">\u00a0<\/span><\/span><span style=\"font-size: 10.5pt; font-family: 'Arial','sans-serif'; color: black;\">N\u00e3o vejo a compara\u00e7\u00e3o. A n\u00e3o ser que voc\u00ea veja evid\u00eancia do tipo o candidato est\u00e1 recebendo muito dinheiro de uma determinada fonte religiosa.<\/span><\/p>\n<p style=\"line-height: 14.55pt; background: white; margin: 13.5pt 0cm 13.5pt 0cm;\"><strong style=\"font-style: inherit;\"><span style=\"font-size: 10.5pt; font-family: 'Arial','sans-serif'; color: black;\">EXAME.com &#8211; H\u00e1 algum tempo, a Marina Silva (PSB) disse que o Estado \u00e9 laico e n\u00e3o ateu. O que ela quis dizer?<\/span><\/strong><span class=\"apple-converted-space\"><b><span style=\"font-size: 10.5pt; font-family: 'Arial','sans-serif'; color: black;\">\u00a0<\/span><\/b><\/span><b><span style=\"font-size: 10.5pt; font-family: 'Arial','sans-serif'; color: black;\"><br \/>\n<strong><span style=\"font-family: 'Arial','sans-serif';\">Paul Freston &#8211;<\/span><\/strong><span class=\"apple-converted-space\">\u00a0<\/span><\/span><\/b><span style=\"font-size: 10.5pt; font-family: 'Arial','sans-serif'; color: black;\">\u00a0Um Estado ateu \u00e9 o estado norte-coreano, a Alb\u00e2nia durante o tempo do comunismo ou a China na \u00e9poca da Revolu\u00e7\u00e3o Cultural. [Nestes casos], o objetivo era erradicar a religi\u00e3o, propagar o ate\u00edsmo como a ideologia oficial do Estado.<\/span><\/p>\n<p style=\"line-height: 14.55pt; background: white; margin: 13.5pt 0cm 13.5pt 0cm;\"><span style=\"font-size: 10.5pt; font-family: 'Arial','sans-serif'; color: black;\">Existem dois tipos de Estado laico. Um tipo seria a tradi\u00e7\u00e3o francesa, que diz que o espa\u00e7o p\u00fablico deveria ser isento de manifesta\u00e7\u00f5es religiosas. Agora, outro \u00e9 uma laicidade que diz que o Estado tem que tratar todas as confiss\u00f5es (religiosas ou n\u00e3o) de forma igual.<\/span><\/p>\n<p style=\"line-height: 14.55pt; background: white; margin: 13.5pt 0cm 13.5pt 0cm;\"><span style=\"font-size: 10.5pt; font-family: 'Arial','sans-serif'; color: black;\">O Estado simplesmente adota uma posi\u00e7\u00e3o isenta, mas deixa o espa\u00e7o p\u00fablico aberto para todos os cidad\u00e3os que queiram participar, quer sejam religiosos ou n\u00e3o. Eu entendo que, pelo menos, no ideal, o Brasil \u00e9 este segundo tipo.<\/span><\/p>\n<p style=\"line-height: 14.55pt; background: white; margin: 13.5pt 0cm 13.5pt 0cm;\"><span style=\"font-size: 10.5pt; font-family: 'Arial','sans-serif'; color: black;\">Fonte: <a href=\"http:\/\/exame.abril.com.br\/brasil\/noticias\/afinal-qual-e-o-peso-do-voto-evangelico-nestas-eleicoes\">Afinal, qual \u00e9 o peso do voto evang\u00e9lico nestas elei\u00e7\u00f5es?<\/a><\/span><\/p>\n","protected":false},"excerpt":{"rendered":"<p>Leia a entrevista do soci\u00f3logo e colunista da revista Ultimato, Paul Freston, \u00e0 Exame.com, publicada um dia antes das elei\u00e7\u00f5es, que definiram a ida para o segundo turno dos candidatos A\u00e9cio Neves (PSDB) e Dilma Roussef (PT).<br \/>\nS\u00e3o Paulo &#8211;\u00a0Dos mais de 26 mil pol\u00edticos que concorrem a algum cargo p\u00fablico nestas elei\u00e7\u00f5es, exatos 328 ter\u00e3o [&#8230;]<\/p>\n","protected":false},"author":6,"featured_media":0,"comment_status":"open","ping_status":"open","sticky":false,"template":"","format":"standard","meta":{"ngg_post_thumbnail":0,"footnotes":""},"categories":[9536],"tags":[],"class_list":["post-5916","post","type-post","status-publish","format-standard","hentry","category-do-editor"],"_links":{"self":[{"href":"https:\/\/ultimato.com.br\/sites\/blogdaultimato\/wp-json\/wp\/v2\/posts\/5916","targetHints":{"allow":["GET"]}}],"collection":[{"href":"https:\/\/ultimato.com.br\/sites\/blogdaultimato\/wp-json\/wp\/v2\/posts"}],"about":[{"href":"https:\/\/ultimato.com.br\/sites\/blogdaultimato\/wp-json\/wp\/v2\/types\/post"}],"author":[{"embeddable":true,"href":"https:\/\/ultimato.com.br\/sites\/blogdaultimato\/wp-json\/wp\/v2\/users\/6"}],"replies":[{"embeddable":true,"href":"https:\/\/ultimato.com.br\/sites\/blogdaultimato\/wp-json\/wp\/v2\/comments?post=5916"}],"version-history":[{"count":5,"href":"https:\/\/ultimato.com.br\/sites\/blogdaultimato\/wp-json\/wp\/v2\/posts\/5916\/revisions"}],"predecessor-version":[{"id":5926,"href":"https:\/\/ultimato.com.br\/sites\/blogdaultimato\/wp-json\/wp\/v2\/posts\/5916\/revisions\/5926"}],"wp:attachment":[{"href":"https:\/\/ultimato.com.br\/sites\/blogdaultimato\/wp-json\/wp\/v2\/media?parent=5916"}],"wp:term":[{"taxonomy":"category","embeddable":true,"href":"https:\/\/ultimato.com.br\/sites\/blogdaultimato\/wp-json\/wp\/v2\/categories?post=5916"},{"taxonomy":"post_tag","embeddable":true,"href":"https:\/\/ultimato.com.br\/sites\/blogdaultimato\/wp-json\/wp\/v2\/tags?post=5916"}],"curies":[{"name":"wp","href":"https:\/\/api.w.org\/{rel}","templated":true}]}}