{"id":5900,"date":"2014-09-24T10:22:01","date_gmt":"2014-09-24T13:22:01","guid":{"rendered":"http:\/\/ultimato.com.br\/sites\/blogdaultimato\/?p=5900"},"modified":"2014-09-24T10:22:45","modified_gmt":"2014-09-24T13:22:45","slug":"cidades-do-interior-melhor-livro-de-missa","status":"publish","type":"post","link":"https:\/\/ultimato.com.br\/sites\/blogdaultimato\/2014\/09\/24\/cidades-do-interior-melhor-livro-de-missa\/","title":{"rendered":"\u201cCidades do Interior\u201d: melhor livro de miss\u00e3o"},"content":{"rendered":"<p><a href=\"http:\/\/ultimato.com.br\/sites\/blogdaultimato\/files\/2014\/09\/BlogUlt_24_09_14_Cidades_interior.jpg\" class=\"lightview\" data-lightview-group=\"group-5900\" data-lightview-options=\"skin: 'dark', controls: 'relative', padding: '10', shadow: { color: '#000000', opacity: 0.08, blur: 3 }\"><img loading=\"lazy\" decoding=\"async\" class=\"alignright size-full wp-image-5901\" src=\"http:\/\/ultimato.com.br\/sites\/blogdaultimato\/files\/2014\/09\/BlogUlt_24_09_14_Cidades_interior.jpg\" alt=\"BlogUlt_24_09_14_Cidades_interior\" width=\"297\" height=\"444\" srcset=\"https:\/\/ultimato.com.br\/sites\/blogdaultimato\/files\/2014\/09\/BlogUlt_24_09_14_Cidades_interior.jpg 297w, https:\/\/ultimato.com.br\/sites\/blogdaultimato\/files\/2014\/09\/BlogUlt_24_09_14_Cidades_interior-200x300.jpg 200w, https:\/\/ultimato.com.br\/sites\/blogdaultimato\/files\/2014\/09\/BlogUlt_24_09_14_Cidades_interior-100x150.jpg 100w\" sizes=\"auto, (max-width: 297px) 100vw, 297px\" \/><\/a><a href=\"http:\/\/ultimato.com.br\/sites\/cidades-do-interior\/\">Cidades do Interior<\/a>, escrito pelo pastor e missi\u00f3logo S\u00e9rgio Lyra e publicado pelo Betel Brasileiro em parceria com a Editora Ultimato em agosto de 2013, ganhou o Pr\u00eamio Aret\u00e9 2014 na categoria \u201cmiss\u00e3o\u201d. A premia\u00e7\u00e3o foi concedida no \u00faltimo s\u00e1bado, dia 19, em S\u00e3o Paulo (SP)<\/p>\n<p>O autor elabora, com rigor acad\u00eamico, uma proposta mission\u00e1ria para um contexto pouco analisado nos semin\u00e1rios teol\u00f3gicos: as cidades pequenas do interior do Brasil. O autor parte de um estudo espec\u00edfico com igrejas presbiterianas do interior de Pernambuco, onde \u00e9 pastor desde 1994, para ent\u00e3o desenvolver, de forma pr\u00e1tica, uma estrat\u00e9gia de trabalho b\u00edblica e socialmente relevante. Sem, \u00e9 claro, ignorar as dificuldades hist\u00f3ricas para isso (como sincretismo e persegui\u00e7\u00f5es religiosas).<\/p>\n<p>Dados do IBGE, de 2000, apontavam mais de 300 cidades pobres do interior nordestino com at\u00e9 1% de evang\u00e9licos, e os dados do censo de 2010 apontam, em Pernambuco, 33 cidades interioranas com menos de 3% de evang\u00e9licos, e mais de 90, na Para\u00edba.<\/p>\n<p>O Pr\u00eamio Aret\u00e9 de Literatura existe desde 1991 e \u00e9 uma iniciativa da ASEC (Associa\u00e7\u00e3o de Editores Crist\u00e3os) que premiou ontem livros, editoras e autores em 43 categorias. Desde que foi criado, j\u00e1 foram entregues mais de 800 trof\u00e9us em reconhecimento \u00e0 literatura evang\u00e9lica. \u201cAret\u00e9\u201d \u00e9 uma palavra grega e evoca ainda os conceitos pelo qual algo ou algu\u00e9m se mostra excelente.<\/p>\n<p>A ASEC tamb\u00e9m concedeu \u00e0 professora Durvalina Bezerra, autora de <a href=\"http:\/\/www.ultimato.com.br\/loja\/produtos\/a-missao-de-interceder\">A Miss\u00e3o de Interceder<\/a>, o pr\u00eamio de Personalidade Liter\u00e1ria 2014.<\/p>\n<p>&nbsp;<\/p>\n<p><strong>&gt;&gt; Leia tamb\u00e9m:<\/strong> <a href=\"http:\/\/www.ultimato.com.br\/conteudo\/livro-o-teste-da-fe-ganha-como-melhor-em-apologetica\" target=\"_blank\"><strong>Livro \u201cO Teste da F\u00e9\u201d ganha como melhor em apolog\u00e9tica<\/strong><\/a><\/p>\n","protected":false},"excerpt":{"rendered":"<p>Cidades do Interior, escrito pelo pastor e missi\u00f3logo S\u00e9rgio Lyra e publicado pelo Betel Brasileiro em parceria com a Editora Ultimato em agosto de 2013, ganhou o Pr\u00eamio Aret\u00e9 2014 na categoria \u201cmiss\u00e3o\u201d. A premia\u00e7\u00e3o foi concedida no \u00faltimo s\u00e1bado, dia 19, em S\u00e3o Paulo (SP)<br \/>\nO autor elabora, com rigor acad\u00eamico, uma proposta mission\u00e1ria para [&#8230;]<\/p>\n","protected":false},"author":21,"featured_media":0,"comment_status":"open","ping_status":"open","sticky":false,"template":"","format":"standard","meta":{"ngg_post_thumbnail":0,"footnotes":""},"categories":[9536],"tags":[5218],"class_list":["post-5900","post","type-post","status-publish","format-standard","hentry","category-do-editor","tag-arete"],"_links":{"self":[{"href":"https:\/\/ultimato.com.br\/sites\/blogdaultimato\/wp-json\/wp\/v2\/posts\/5900","targetHints":{"allow":["GET"]}}],"collection":[{"href":"https:\/\/ultimato.com.br\/sites\/blogdaultimato\/wp-json\/wp\/v2\/posts"}],"about":[{"href":"https:\/\/ultimato.com.br\/sites\/blogdaultimato\/wp-json\/wp\/v2\/types\/post"}],"author":[{"embeddable":true,"href":"https:\/\/ultimato.com.br\/sites\/blogdaultimato\/wp-json\/wp\/v2\/users\/21"}],"replies":[{"embeddable":true,"href":"https:\/\/ultimato.com.br\/sites\/blogdaultimato\/wp-json\/wp\/v2\/comments?post=5900"}],"version-history":[{"count":2,"href":"https:\/\/ultimato.com.br\/sites\/blogdaultimato\/wp-json\/wp\/v2\/posts\/5900\/revisions"}],"predecessor-version":[{"id":5903,"href":"https:\/\/ultimato.com.br\/sites\/blogdaultimato\/wp-json\/wp\/v2\/posts\/5900\/revisions\/5903"}],"wp:attachment":[{"href":"https:\/\/ultimato.com.br\/sites\/blogdaultimato\/wp-json\/wp\/v2\/media?parent=5900"}],"wp:term":[{"taxonomy":"category","embeddable":true,"href":"https:\/\/ultimato.com.br\/sites\/blogdaultimato\/wp-json\/wp\/v2\/categories?post=5900"},{"taxonomy":"post_tag","embeddable":true,"href":"https:\/\/ultimato.com.br\/sites\/blogdaultimato\/wp-json\/wp\/v2\/tags?post=5900"}],"curies":[{"name":"wp","href":"https:\/\/api.w.org\/{rel}","templated":true}]}}