{"id":5604,"date":"2014-07-21T00:05:31","date_gmt":"2014-07-21T03:05:31","guid":{"rendered":"http:\/\/ultimato.com.br\/sites\/blogdaultimato\/?p=5604"},"modified":"2014-07-21T17:26:31","modified_gmt":"2014-07-21T20:26:31","slug":"projeto-de-fotografia-da-voz-aos-que-nao-tem-voz-em-campo-de-refugiados","status":"publish","type":"post","link":"https:\/\/ultimato.com.br\/sites\/blogdaultimato\/2014\/07\/21\/projeto-de-fotografia-da-voz-aos-que-nao-tem-voz-em-campo-de-refugiados\/","title":{"rendered":"Vozes esquecidas"},"content":{"rendered":"<p>A se\u00e7\u00e3o <a href=\"http:\/\/www.ultimato.com.br\/revista\/artigos\/349\/fotografia\">Arte e Cultura<\/a> desta edi\u00e7\u00e3o da revista <b>Ultimato<\/b> (julho-agosto) traz o texto de Alyson Montrezol sobre o projeto \u201cEko-image\u201d. Ele e outros tr\u00eas brasileiros estiveram na Z\u00e2mbia, \u00c1frica, em janeiro de 2014 para registrar imagens do Meheba Refugee Camp, um campo de refugiados que existe desde 1970, provavelmente um dos mais antigos do mundo. O acampamento de Meheba recebe refugiados de v\u00e1rios pa\u00edses, como Rep\u00fablica Democr\u00e1tica do Congo, Uganda, Burundi, Ruanda e Angola.<\/p>\n<p>O projeto tem o objetivo de despertar a autoestima e a no\u00e7\u00e3o de identidade dessas pessoas que perderam tudo, inclusive a p\u00e1tria. Cada um dos retratos foi presenteado \u00e0s 114 fam\u00edlias dos refugiados de Ruanda junto com manifesta\u00e7\u00f5es de amor.<\/p>\n<p>Al\u00e9m das fotos e hist\u00f3rias publicadas na revista, voc\u00ea v\u00ea a seguir mais outras dua hist\u00f3rias exclusivas de refugiados:<\/p>\n<p>&nbsp;<\/p>\n<p><a href=\"http:\/\/ultimato.com.br\/sites\/blogdaultimato\/files\/2014\/06\/EKO-IMAGE_01.jpg\" class=\"lightview\" data-lightview-group=\"group-5604\" data-lightview-options=\"skin: 'dark', controls: 'relative', padding: '10', shadow: { color: '#000000', opacity: 0.08, blur: 3 }\"><img loading=\"lazy\" decoding=\"async\" class=\"alignleft  wp-image-5740\" alt=\"EKO-IMAGE_01\" src=\"http:\/\/ultimato.com.br\/sites\/blogdaultimato\/files\/2014\/06\/EKO-IMAGE_01.jpg\" width=\"393\" height=\"261\" srcset=\"https:\/\/ultimato.com.br\/sites\/blogdaultimato\/files\/2014\/06\/EKO-IMAGE_01.jpg 491w, https:\/\/ultimato.com.br\/sites\/blogdaultimato\/files\/2014\/06\/EKO-IMAGE_01-300x199.jpg 300w, https:\/\/ultimato.com.br\/sites\/blogdaultimato\/files\/2014\/06\/EKO-IMAGE_01-150x99.jpg 150w\" sizes=\"auto, (max-width: 393px) 100vw, 393px\" \/><\/a>Eu sou de Ruanda, da prov\u00edncia de Butare. Viajei de 1994 ate 1998, pelo Congo e Angola para chegar na Z\u00e2mbia. Minha esposa e filhos ficaram no Congo. Soldados ruandenses atacaram no campo de refugiados onde est\u00e1vamos e nos separaram. N\u00e3o os vi nunca mais. A Guerra me for\u00e7ou a vir at\u00e9 aqui e fui chegando sem saber da exist\u00eancia de Meheba. \u00c0s vezes, a vida \u00e9 boa, mas outras \u00e9 ruim. Eu sei a vida que estou levando hoje, mas n\u00e3o sei nada de amanh\u00e3, somente Deus sabe.<\/p>\n<p>&nbsp;<\/p>\n<p>&nbsp;<br \/>\n***<\/p>\n<p><a href=\"http:\/\/ultimato.com.br\/sites\/blogdaultimato\/files\/2014\/06\/EKO-IMAGE_06.jpg\" class=\"lightview\" data-lightview-group=\"group-5604\" data-lightview-options=\"skin: 'dark', controls: 'relative', padding: '10', shadow: { color: '#000000', opacity: 0.08, blur: 3 }\"><img loading=\"lazy\" decoding=\"async\" class=\"alignleft  wp-image-5741\" alt=\"EKO-IMAGE_06\" src=\"http:\/\/ultimato.com.br\/sites\/blogdaultimato\/files\/2014\/06\/EKO-IMAGE_06.jpg\" width=\"393\" height=\"261\" srcset=\"https:\/\/ultimato.com.br\/sites\/blogdaultimato\/files\/2014\/06\/EKO-IMAGE_06.jpg 491w, https:\/\/ultimato.com.br\/sites\/blogdaultimato\/files\/2014\/06\/EKO-IMAGE_06-300x199.jpg 300w, https:\/\/ultimato.com.br\/sites\/blogdaultimato\/files\/2014\/06\/EKO-IMAGE_06-150x99.jpg 150w\" sizes=\"auto, (max-width: 393px) 100vw, 393px\" \/><\/a>Somos da prov\u00edncia de Gikongoro na Ruanda. Viajamos de 1995 at\u00e9 1998, por Burundi, Congo e Angola, at\u00e9 chegarmos na Z\u00e2mbia. Nossos parentes morreram em Ruanda e o restante deles no Congo. Casamos aqui em Meheba. A guerra nos empurrou at\u00e9 que nos vimos no campo de refugiados de Meheba. A vida aqui n\u00e3o \u00e9 boa porque somos refugiados, somos pobres e doentes e n\u00e3o temos rem\u00e9dio. Desejamos que Deus possa nos ajudar porque precisamos de ajuda no futuro.<\/p>\n<p>&nbsp;<\/p>\n<p>&nbsp;<\/p>\n<p>&nbsp;<br \/>\n***<\/p>\n<p>Veja a galeria de fotos do projeto:<\/p>\n\n\t\t<style type=\"text\/css\">\n\t\t\t#gallery-1 {\n\t\t\t\tmargin: auto;\n\t\t\t}\n\t\t\t#gallery-1 .gallery-item {\n\t\t\t\tfloat: left;\n\t\t\t\tmargin-top: 10px;\n\t\t\t\ttext-align: center;\n\t\t\t\twidth: 33%;\n\t\t\t}\n\t\t\t#gallery-1 img {\n\t\t\t\tborder: 2px solid #cfcfcf;\n\t\t\t}\n\t\t\t#gallery-1 .gallery-caption {\n\t\t\t\tmargin-left: 0;\n\t\t\t}\n\t\t\t\/* see gallery_shortcode() in wp-includes\/media.php *\/\n\t\t<\/style>\n\t\t<div id='gallery-1' class='gallery galleryid-5604 gallery-columns-3 gallery-size-thumbnail'><dl class='gallery-item'>\n\t\t\t<dt class='gallery-icon landscape'>\n\t\t\t\t<a href='https:\/\/ultimato.com.br\/sites\/blogdaultimato\/files\/2014\/06\/EKO-IMAGE_02.jpg#main'><img loading=\"lazy\" decoding=\"async\" width=\"150\" height=\"150\" src=\"https:\/\/ultimato.com.br\/sites\/blogdaultimato\/files\/2014\/06\/EKO-IMAGE_02-150x150.jpg\" class=\"attachment-thumbnail size-thumbnail\" alt=\"\" aria-describedby=\"gallery-1-5742\" srcset=\"https:\/\/ultimato.com.br\/sites\/blogdaultimato\/files\/2014\/06\/EKO-IMAGE_02-150x150.jpg 150w, https:\/\/ultimato.com.br\/sites\/blogdaultimato\/files\/2014\/06\/EKO-IMAGE_02-80x80.jpg 80w\" sizes=\"auto, (max-width: 150px) 100vw, 150px\" \/><\/a>\n\t\t\t<\/dt>\n\t\t\t\t<dd class='wp-caption-text gallery-caption' id='gallery-1-5742'>\n\t\t\t\t&#8220;Est\u00e1vamos fungindo da guerra e viemos parar aqui&#8221;.\n\t\t\t\t<\/dd><\/dl><dl class='gallery-item'>\n\t\t\t<dt class='gallery-icon landscape'>\n\t\t\t\t<a href='https:\/\/ultimato.com.br\/sites\/blogdaultimato\/files\/2014\/06\/EKO-IMAGE_03.jpg#main'><img loading=\"lazy\" decoding=\"async\" width=\"150\" height=\"150\" src=\"https:\/\/ultimato.com.br\/sites\/blogdaultimato\/files\/2014\/06\/EKO-IMAGE_03-150x150.jpg\" class=\"attachment-thumbnail size-thumbnail\" alt=\"\" srcset=\"https:\/\/ultimato.com.br\/sites\/blogdaultimato\/files\/2014\/06\/EKO-IMAGE_03-150x150.jpg 150w, https:\/\/ultimato.com.br\/sites\/blogdaultimato\/files\/2014\/06\/EKO-IMAGE_03-80x80.jpg 80w\" sizes=\"auto, (max-width: 150px) 100vw, 150px\" \/><\/a>\n\t\t\t<\/dt><\/dl><dl class='gallery-item'>\n\t\t\t<dt class='gallery-icon landscape'>\n\t\t\t\t<a href='https:\/\/ultimato.com.br\/sites\/blogdaultimato\/files\/2014\/06\/EKO-IMAGE_04.jpg#main'><img loading=\"lazy\" decoding=\"async\" width=\"150\" height=\"150\" src=\"https:\/\/ultimato.com.br\/sites\/blogdaultimato\/files\/2014\/06\/EKO-IMAGE_04-150x150.jpg\" class=\"attachment-thumbnail size-thumbnail\" alt=\"\" srcset=\"https:\/\/ultimato.com.br\/sites\/blogdaultimato\/files\/2014\/06\/EKO-IMAGE_04-150x150.jpg 150w, https:\/\/ultimato.com.br\/sites\/blogdaultimato\/files\/2014\/06\/EKO-IMAGE_04-80x80.jpg 80w\" sizes=\"auto, (max-width: 150px) 100vw, 150px\" \/><\/a>\n\t\t\t<\/dt><\/dl><br style=\"clear: both\" \/><dl class='gallery-item'>\n\t\t\t<dt class='gallery-icon landscape'>\n\t\t\t\t<a href='https:\/\/ultimato.com.br\/sites\/blogdaultimato\/files\/2014\/06\/EKO-IMAGE_05.jpg#main'><img loading=\"lazy\" decoding=\"async\" width=\"150\" height=\"150\" src=\"https:\/\/ultimato.com.br\/sites\/blogdaultimato\/files\/2014\/06\/EKO-IMAGE_05-150x150.jpg\" class=\"attachment-thumbnail size-thumbnail\" alt=\"\" aria-describedby=\"gallery-1-5745\" srcset=\"https:\/\/ultimato.com.br\/sites\/blogdaultimato\/files\/2014\/06\/EKO-IMAGE_05-150x150.jpg 150w, https:\/\/ultimato.com.br\/sites\/blogdaultimato\/files\/2014\/06\/EKO-IMAGE_05-80x80.jpg 80w\" sizes=\"auto, (max-width: 150px) 100vw, 150px\" \/><\/a>\n\t\t\t<\/dt>\n\t\t\t\t<dd class='wp-caption-text gallery-caption' id='gallery-1-5745'>\n\t\t\t\t&#8220;N\u00f3s n\u00e3o podemos acreditar em nosso futuro&#8221;.\n\t\t\t\t<\/dd><\/dl><dl class='gallery-item'>\n\t\t\t<dt class='gallery-icon landscape'>\n\t\t\t\t<a href='https:\/\/ultimato.com.br\/sites\/blogdaultimato\/files\/2014\/06\/EKO-IMAGE_07.jpg#main'><img loading=\"lazy\" decoding=\"async\" width=\"150\" height=\"150\" src=\"https:\/\/ultimato.com.br\/sites\/blogdaultimato\/files\/2014\/06\/EKO-IMAGE_07-150x150.jpg\" class=\"attachment-thumbnail size-thumbnail\" alt=\"\" srcset=\"https:\/\/ultimato.com.br\/sites\/blogdaultimato\/files\/2014\/06\/EKO-IMAGE_07-150x150.jpg 150w, https:\/\/ultimato.com.br\/sites\/blogdaultimato\/files\/2014\/06\/EKO-IMAGE_07-80x80.jpg 80w\" sizes=\"auto, (max-width: 150px) 100vw, 150px\" \/><\/a>\n\t\t\t<\/dt><\/dl><dl class='gallery-item'>\n\t\t\t<dt class='gallery-icon landscape'>\n\t\t\t\t<a href='https:\/\/ultimato.com.br\/sites\/blogdaultimato\/files\/2014\/06\/EKO-IMAGE_08.jpg#main'><img loading=\"lazy\" decoding=\"async\" width=\"150\" height=\"150\" src=\"https:\/\/ultimato.com.br\/sites\/blogdaultimato\/files\/2014\/06\/EKO-IMAGE_08-150x150.jpg\" class=\"attachment-thumbnail size-thumbnail\" alt=\"\" srcset=\"https:\/\/ultimato.com.br\/sites\/blogdaultimato\/files\/2014\/06\/EKO-IMAGE_08-150x150.jpg 150w, https:\/\/ultimato.com.br\/sites\/blogdaultimato\/files\/2014\/06\/EKO-IMAGE_08-80x80.jpg 80w\" sizes=\"auto, (max-width: 150px) 100vw, 150px\" \/><\/a>\n\t\t\t<\/dt><\/dl><br style=\"clear: both\" \/><dl class='gallery-item'>\n\t\t\t<dt class='gallery-icon landscape'>\n\t\t\t\t<a href='https:\/\/ultimato.com.br\/sites\/blogdaultimato\/files\/2014\/06\/EKO-IMAGE_09.jpg#main'><img loading=\"lazy\" decoding=\"async\" width=\"150\" height=\"150\" src=\"https:\/\/ultimato.com.br\/sites\/blogdaultimato\/files\/2014\/06\/EKO-IMAGE_09-150x150.jpg\" class=\"attachment-thumbnail size-thumbnail\" alt=\"\" srcset=\"https:\/\/ultimato.com.br\/sites\/blogdaultimato\/files\/2014\/06\/EKO-IMAGE_09-150x150.jpg 150w, https:\/\/ultimato.com.br\/sites\/blogdaultimato\/files\/2014\/06\/EKO-IMAGE_09-80x80.jpg 80w\" sizes=\"auto, (max-width: 150px) 100vw, 150px\" \/><\/a>\n\t\t\t<\/dt><\/dl><dl class='gallery-item'>\n\t\t\t<dt class='gallery-icon landscape'>\n\t\t\t\t<a href='https:\/\/ultimato.com.br\/sites\/blogdaultimato\/files\/2014\/06\/EKO-IMAGE_10.jpg#main'><img loading=\"lazy\" decoding=\"async\" width=\"150\" height=\"150\" src=\"https:\/\/ultimato.com.br\/sites\/blogdaultimato\/files\/2014\/06\/EKO-IMAGE_10-150x150.jpg\" class=\"attachment-thumbnail size-thumbnail\" alt=\"\" aria-describedby=\"gallery-1-5749\" srcset=\"https:\/\/ultimato.com.br\/sites\/blogdaultimato\/files\/2014\/06\/EKO-IMAGE_10-150x150.jpg 150w, https:\/\/ultimato.com.br\/sites\/blogdaultimato\/files\/2014\/06\/EKO-IMAGE_10-80x80.jpg 80w\" sizes=\"auto, (max-width: 150px) 100vw, 150px\" \/><\/a>\n\t\t\t<\/dt>\n\t\t\t\t<dd class='wp-caption-text gallery-caption' id='gallery-1-5749'>\n\t\t\t\t&#8220;Soldados mataram meu marido. Eu tinha dez filhos, mas nenhum sobreviveu&#8221;.\n\t\t\t\t<\/dd><\/dl>\n\t\t\t<br style='clear: both' \/>\n\t\t<\/div>\n\n","protected":false},"excerpt":{"rendered":"<p>A se\u00e7\u00e3o Arte e Cultura desta edi\u00e7\u00e3o da revista Ultimato (julho-agosto) traz o texto de Alyson Montrezol sobre o projeto \u201cEko-image\u201d. Ele e outros tr\u00eas brasileiros estiveram na Z\u00e2mbia, \u00c1frica, em janeiro de 2014 para registrar imagens do Meheba Refugee Camp, um campo de refugiados que existe desde 1970, provavelmente um dos mais antigos do [&#8230;]<\/p>\n","protected":false},"author":21,"featured_media":0,"comment_status":"open","ping_status":"open","sticky":false,"template":"","format":"standard","meta":{"ngg_post_thumbnail":0,"footnotes":""},"categories":[9538,5153],"tags":[30,22787,22788],"class_list":["post-5604","post","type-post","status-publish","format-standard","hentry","category-fotos-multimidia","category-prateleira","tag-fotos","tag-refugiados","tag-ultimato-349"],"_links":{"self":[{"href":"https:\/\/ultimato.com.br\/sites\/blogdaultimato\/wp-json\/wp\/v2\/posts\/5604","targetHints":{"allow":["GET"]}}],"collection":[{"href":"https:\/\/ultimato.com.br\/sites\/blogdaultimato\/wp-json\/wp\/v2\/posts"}],"about":[{"href":"https:\/\/ultimato.com.br\/sites\/blogdaultimato\/wp-json\/wp\/v2\/types\/post"}],"author":[{"embeddable":true,"href":"https:\/\/ultimato.com.br\/sites\/blogdaultimato\/wp-json\/wp\/v2\/users\/21"}],"replies":[{"embeddable":true,"href":"https:\/\/ultimato.com.br\/sites\/blogdaultimato\/wp-json\/wp\/v2\/comments?post=5604"}],"version-history":[{"count":7,"href":"https:\/\/ultimato.com.br\/sites\/blogdaultimato\/wp-json\/wp\/v2\/posts\/5604\/revisions"}],"predecessor-version":[{"id":5623,"href":"https:\/\/ultimato.com.br\/sites\/blogdaultimato\/wp-json\/wp\/v2\/posts\/5604\/revisions\/5623"}],"wp:attachment":[{"href":"https:\/\/ultimato.com.br\/sites\/blogdaultimato\/wp-json\/wp\/v2\/media?parent=5604"}],"wp:term":[{"taxonomy":"category","embeddable":true,"href":"https:\/\/ultimato.com.br\/sites\/blogdaultimato\/wp-json\/wp\/v2\/categories?post=5604"},{"taxonomy":"post_tag","embeddable":true,"href":"https:\/\/ultimato.com.br\/sites\/blogdaultimato\/wp-json\/wp\/v2\/tags?post=5604"}],"curies":[{"name":"wp","href":"https:\/\/api.w.org\/{rel}","templated":true}]}}