{"id":5354,"date":"2014-02-12T15:22:00","date_gmt":"2014-02-12T18:22:00","guid":{"rendered":"http:\/\/ultimato.com.br\/sites\/blogdaultimato\/?p=5354"},"modified":"2014-02-12T15:22:00","modified_gmt":"2014-02-12T18:22:00","slug":"ultimato-na-ditadura","status":"publish","type":"post","link":"https:\/\/ultimato.com.br\/sites\/blogdaultimato\/2014\/02\/12\/ultimato-na-ditadura\/","title":{"rendered":"Ultimato na ditadura"},"content":{"rendered":"<p><!--?xml:namespace prefix = \"o\" ns = \"urn:schemas-microsoft-com:office:office\" \/-->Dezenas e dezenas de p\u00e1ginas antigas da revista <b>Ultimato<\/b> tomaram conta da mesa de trabalho do doutorando em Hist\u00f3ria Adroaldo Almeida. Mais especificamente, as edi\u00e7\u00f5es da revista publicadas entre os anos de 1968 (in\u00edcio da revista)\u00a0e 1986, per\u00edodo que cobre a ditadura civil-militar no Brasil.<\/p>\n<p>N\u00e3o se trata de um hobby ou coisa de colecionador. Adroaldo tem um objetivo acad\u00eamico: buscar informa\u00e7\u00f5es para sua tese de doutorado sobre evang\u00e9licos e ditadura no Brasil. Durante quase 10 dias (30 de outubro a 08 de novembro de 2013), o acad\u00eamico esteve na sede da editora em Vi\u00e7osa (MG) e se hospedou no Centro Evang\u00e9lico de Miss\u00f5es, que fica ao lado da Ultimato.<\/p>\n<p>Neste per\u00edodo, digitalizou todas as edi\u00e7\u00f5es da revista do referido per\u00edodo, criando assim um acervo digital que o permitir\u00e1 ler minuciosamente os artigos produzidos ao longo de quase 20 anos e compreender as posi\u00e7\u00f5es assumidas pela revista e seus articulistas e colaboradores ao longo do per\u00edodo ditatorial no Brasil.<\/p>\n<div id=\"attachment_5355\" style=\"width: 348px\" class=\"wp-caption alignright\"><a href=\"http:\/\/ultimato.com.br\/sites\/blogdaultimato\/files\/2014\/02\/BlogUlt_12_02_14_adroaldo_reve.jpg\" class=\"lightview\" data-lightview-group=\"group-5354\" data-lightview-options=\"skin: 'dark', controls: 'relative', padding: '10', shadow: { color: '#000000', opacity: 0.08, blur: 3 }\"><img loading=\"lazy\" decoding=\"async\" aria-describedby=\"caption-attachment-5355\" class=\"size-full wp-image-5355\" alt=\"Adroaldo em visita \u00e0 biblioteca do pastor Elben\" src=\"http:\/\/ultimato.com.br\/sites\/blogdaultimato\/files\/2014\/02\/BlogUlt_12_02_14_adroaldo_reve.jpg\" width=\"338\" height=\"253\" srcset=\"https:\/\/ultimato.com.br\/sites\/blogdaultimato\/files\/2014\/02\/BlogUlt_12_02_14_adroaldo_reve.jpg 338w, https:\/\/ultimato.com.br\/sites\/blogdaultimato\/files\/2014\/02\/BlogUlt_12_02_14_adroaldo_reve-300x224.jpg 300w, https:\/\/ultimato.com.br\/sites\/blogdaultimato\/files\/2014\/02\/BlogUlt_12_02_14_adroaldo_reve-150x112.jpg 150w\" sizes=\"auto, (max-width: 338px) 100vw, 338px\" \/><\/a><p id=\"caption-attachment-5355\" class=\"wp-caption-text\">Adroaldo em visita \u00e0 biblioteca do pastor Elben<\/p><\/div>\n<p>&#8220;N\u00e3o se trata de forma alguma de um ajuizamento sobre as posturas que a revista <b>Ultimato<\/b> teve durante a ditadura civil-militar no pa\u00eds, mas, em compreender como, atrav\u00e9s dela, posi\u00e7\u00f5es evang\u00e9licas foram assumidas ao longo desse per\u00edodo, quais discuss\u00f5es foram privilegiadas pela revista, enfim, como a <b>Ultimato<\/b> intermediou o di\u00e1logo entre seus leitores e os movimentos pol\u00edticos e sociais no Brasil entre 1968 e 1986&#8243;, explica Adroaldo.<\/p>\n<p>Al\u00e9m da revista <b>Ultimato<\/b>, Adroaldo tamb\u00e9m tem pesquisado outros peri\u00f3dicos: O Estandarte (da Igreja Presbiteriana Independente) e o Mensageiro da Paz (da Assembleia de Deus).<\/p>\n<p>A tese de Adroaldo ser\u00e1 defendida no programa de p\u00f3s-gradua\u00e7\u00e3o do Departamento de Hist\u00f3ria da UFF (Universidade Federal Fluminense) at\u00e9 2015.<\/p>\n","protected":false},"excerpt":{"rendered":"<p>Dezenas e dezenas de p\u00e1ginas antigas da revista Ultimato tomaram conta da mesa de trabalho do doutorando em Hist\u00f3ria Adroaldo Almeida. Mais especificamente, as edi\u00e7\u00f5es da revista publicadas entre os anos de 1968 (in\u00edcio da revista)\u00a0e 1986, per\u00edodo que cobre a ditadura civil-militar no Brasil.<br \/>\nN\u00e3o se trata de um hobby ou coisa de colecionador. Adroaldo [&#8230;]<\/p>\n","protected":false},"author":21,"featured_media":0,"comment_status":"open","ping_status":"open","sticky":false,"template":"","format":"standard","meta":{"ngg_post_thumbnail":0,"footnotes":""},"categories":[6111],"tags":[5609,5953],"class_list":["post-5354","post","type-post","status-publish","format-standard","hentry","category-ultimas-de-ca","tag-historia","tag-revista-ultimato"],"_links":{"self":[{"href":"https:\/\/ultimato.com.br\/sites\/blogdaultimato\/wp-json\/wp\/v2\/posts\/5354","targetHints":{"allow":["GET"]}}],"collection":[{"href":"https:\/\/ultimato.com.br\/sites\/blogdaultimato\/wp-json\/wp\/v2\/posts"}],"about":[{"href":"https:\/\/ultimato.com.br\/sites\/blogdaultimato\/wp-json\/wp\/v2\/types\/post"}],"author":[{"embeddable":true,"href":"https:\/\/ultimato.com.br\/sites\/blogdaultimato\/wp-json\/wp\/v2\/users\/21"}],"replies":[{"embeddable":true,"href":"https:\/\/ultimato.com.br\/sites\/blogdaultimato\/wp-json\/wp\/v2\/comments?post=5354"}],"version-history":[{"count":1,"href":"https:\/\/ultimato.com.br\/sites\/blogdaultimato\/wp-json\/wp\/v2\/posts\/5354\/revisions"}],"predecessor-version":[{"id":5356,"href":"https:\/\/ultimato.com.br\/sites\/blogdaultimato\/wp-json\/wp\/v2\/posts\/5354\/revisions\/5356"}],"wp:attachment":[{"href":"https:\/\/ultimato.com.br\/sites\/blogdaultimato\/wp-json\/wp\/v2\/media?parent=5354"}],"wp:term":[{"taxonomy":"category","embeddable":true,"href":"https:\/\/ultimato.com.br\/sites\/blogdaultimato\/wp-json\/wp\/v2\/categories?post=5354"},{"taxonomy":"post_tag","embeddable":true,"href":"https:\/\/ultimato.com.br\/sites\/blogdaultimato\/wp-json\/wp\/v2\/tags?post=5354"}],"curies":[{"name":"wp","href":"https:\/\/api.w.org\/{rel}","templated":true}]}}