{"id":5349,"date":"2014-02-10T10:43:43","date_gmt":"2014-02-10T13:43:43","guid":{"rendered":"http:\/\/ultimato.com.br\/sites\/blogdaultimato\/?p=5349"},"modified":"2014-02-10T10:52:41","modified_gmt":"2014-02-10T13:52:41","slug":"boa-e-velha-poesia-de-leontina-novaes","status":"publish","type":"post","link":"https:\/\/ultimato.com.br\/sites\/blogdaultimato\/2014\/02\/10\/boa-e-velha-poesia-de-leontina-novaes\/","title":{"rendered":"Boa e velha poesia de Leontina Novaes"},"content":{"rendered":"<p>A boa e velha poesia de Leontina Novaes marcou presen\u00e7a em algumas edi\u00e7\u00f5es da revista Ultimato no in\u00edcio da d\u00e9cada de 70 \u2013 h\u00e1 exatamente 40 anos. Selecionamos a seguir quatro delas. Aproveite este \u201cachado\u201d.<\/p>\n<p><a href=\"http:\/\/ultimato.com.br\/sites\/antologia-de-poetas-evangelicos\/\" target=\"_blank\">&gt;&gt; leia tamb\u00e9m Antologia de Poetas Evang\u00e9licos<\/a><\/p>\n<p>&nbsp;<\/p>\n<p><strong><a href=\"http:\/\/ultimato.com.br\/sites\/blogdaultimato\/files\/2014\/02\/BlogUlt_10_02_14_Desenho_Antigo.jpg\" class=\"lightview\" data-lightview-group=\"group-5349\" data-lightview-options=\"skin: 'dark', controls: 'relative', padding: '10', shadow: { color: '#000000', opacity: 0.08, blur: 3 }\"><img loading=\"lazy\" decoding=\"async\" class=\"alignright size-full wp-image-5350\" alt=\"BlogUlt_10_02_14_Desenho_Antigo\" src=\"http:\/\/ultimato.com.br\/sites\/blogdaultimato\/files\/2014\/02\/BlogUlt_10_02_14_Desenho_Antigo.jpg\" width=\"248\" height=\"351\" srcset=\"https:\/\/ultimato.com.br\/sites\/blogdaultimato\/files\/2014\/02\/BlogUlt_10_02_14_Desenho_Antigo.jpg 248w, https:\/\/ultimato.com.br\/sites\/blogdaultimato\/files\/2014\/02\/BlogUlt_10_02_14_Desenho_Antigo-211x300.jpg 211w, https:\/\/ultimato.com.br\/sites\/blogdaultimato\/files\/2014\/02\/BlogUlt_10_02_14_Desenho_Antigo-105x150.jpg 105w\" sizes=\"auto, (max-width: 248px) 100vw, 248px\" \/><\/a>Fica Comigo<br \/>\n<\/strong>(abril, 1973)<\/p>\n<p>Pai, fica comigo, eu preciso de Ti desesperadamente.<br \/>\nH\u00e1 confus\u00e3o em minh\u2019alma e uma dor inclemente,<br \/>\nDilacera o cora\u00e7\u00e3o.<br \/>\nPai, fica comigo: o pavor me prostrou,<br \/>\nE a alvinitente aurora da preza,<br \/>\nUma noite de v\u00edcios derrotou.<br \/>\nO mundo \u00e9 de terror, de erros e mis\u00e9rias.<br \/>\nDe dor e confus\u00e3o, de trevas e de ais.<br \/>\n\u00c9 um mundo de maldade.<br \/>\nDe caos.<br \/>\nDe temeridade.<br \/>\nFica comigo, \u00f3 Pai.<br \/>\nFica comigo nesta noite fria,<br \/>\nNo meu quarto, em ora\u00e7\u00e3o, sem companhia.<br \/>\nO temor do futuro&#8230; O medo da derrota&#8230;<br \/>\nO sil\u00eancio sepulcral de tudo em derredor.<br \/>\nAs amea\u00e7as veladas&#8230; A saudade que esgota&#8230;<br \/>\nFica comigo, \u00f3 Pai!<br \/>\nFica comigo em minha nostalgia,<br \/>\nMinhas noites insones, int\u00e9rminas, sem fim.<br \/>\nAo problema insol\u00favel \u2013 a resposta envia.<br \/>\n\u00c0 dor dilacerante \u2013 o b\u00e1lsamo concede.<br \/>\nA l\u00e1grima enxuga e a f\u00e9 d\u00e1 valia.<br \/>\nFica comigo indicando o rumo certo<br \/>\nDo caminhar santificado e puro.<br \/>\nE amanh\u00e3 n\u00e3o me sentirei t\u00e3o s\u00f3<br \/>\nMesmo que a noite chegue e o c\u00e9u se torne escuro.<!--more--><\/p>\n<p>&nbsp;<\/p>\n<p><strong>Alegria Vital<br \/>\n<\/strong>(abril, 1974)<\/p>\n<p>Por que chorar?<br \/>\nH\u00e1 uma luz acesa,<br \/>\nH\u00e1 brilho no sol,<br \/>\nNo cora\u00e7\u00e3o h\u00e1 certeza,<\/p>\n<p>Por que chorar?<br \/>\nH\u00e1 jasmins, h\u00e1 rosas, h\u00e1 pomar,<br \/>\nH\u00e1 querubins&#8230;<br \/>\nH\u00e1 encantamento e h\u00e1 poesia, quando declina o sol,<br \/>\nna vira\u00e7\u00e3o do dia.<\/p>\n<p>Por que chorar?<br \/>\nUm ideal existe.<br \/>\nExiste uma quimera,<br \/>\nLealdade persiste,<br \/>\nE continua a f\u00e9, removendo montanhas,<br \/>\nClar\u00edssima, a infundir humilde obedi\u00eancia, nos rec\u00f4nditos<br \/>\nSublimes de uma cren\u00e7a.<\/p>\n<p>Por que chorar?<br \/>\nPerdeste teu amor?<br \/>\nNova decep\u00e7\u00e3o tirou o teu calor?<br \/>\nFoste preterido incondicionalmente?<br \/>\nO amigo traiu? Traiu assim, vilmente?<br \/>\nH\u00e1 pureza, h\u00e1 candura.<br \/>\nTu hoje podes ser nova criatura.<br \/>\nExulta! E canta! E vibra de alegria!<br \/>\nJesus sofreu a morte de dor e de agonia<br \/>\nPara que te refizesses a todo momento,<br \/>\nSobrepujando dores, trai\u00e7\u00f5es, sofrimentos!<\/p>\n<p>Canta! Canta sobre o teu sofrer!<br \/>\nEnxuga tua l\u00e1grima! \u00c9 novo amanhecer!<br \/>\nQuando o dia raiar, rutilante de luz,<br \/>\nDeposita teu fardo aos p\u00e9s de Jesus!<br \/>\nE ver\u00e1s surpreso, feliz, que com Ele ao teu lado<br \/>\nFoi embora a tristeza,<br \/>\nAcabou o tormento,<br \/>\nPorque Jesus \u00e9 caminho certo \u2013 que remove o sofrimento!<\/p>\n<p>&nbsp;<\/p>\n<p><strong>Quedas na Subida<br \/>\n<\/strong>(maio, 1974)<\/p>\n<p>E na subida santa rumo ao Amado<br \/>\nQue as muitas quedas costumam acontecer.<br \/>\nQuem j\u00e1 est\u00e1 com o pecado conformado,<br \/>\nN\u00e3o tem escala mais \u00ednfima pr\u00e1 descer.<\/p>\n<p>\u00c9 na subida santa rumo \u00e0 perfei\u00e7\u00e3o,<br \/>\nQue as quedas mais frequentes aparecem.<br \/>\nPara quem se banqueteia no pecado,<br \/>\nCoisas como \u201cquedas\u201d n\u00e3o se reconhecem.<\/p>\n<p>Enquanto vamos escalando altivamente,<br \/>\nCuidemos atentos: quem tem muita firmeza<br \/>\nDe estar no topo fica conformado,<br \/>\nSentindo-se mui seguro e deslumbrado<br \/>\nCom seu pr\u00f3prio estado de \u201cgrande fortaleza\u201d:<br \/>\nAli, a queda mais depressa \u00e9 certeza!<\/p>\n<p>&nbsp;<\/p>\n<p><strong>\u00c9 Preciso Orar<br \/>\n<\/strong>(junho, 1974)<\/p>\n<p>\u00c9 preciso orar ao in\u00edcio do dia,<br \/>\nPara que Cristo seja nossa companhia.<\/p>\n<p>\u00c9 preciso orar com amor profundo,<br \/>\nPara suportar o horror deste mundo.<\/p>\n<p>\u00c9 preciso orar com fervor seguro,<br \/>\nPara sermos castos, para sermos puros.<\/p>\n<p>\u00c9 preciso orar \u2013 a pregui\u00e7a olvidar,<br \/>\nPara termos for\u00e7as e poder esperar.<\/p>\n<p>\u00c9 preciso orar com perseveran\u00e7a,<br \/>\nPara comprovar quanto a f\u00e9 alcan\u00e7a.<\/p>\n<p>\u00c9 preciso orar com real valor,<br \/>\nPara mostrar Cristo em seu esplendor.<\/p>\n<p>\u00c9 preciso orar quando o sol declina,<br \/>\nQuando cai a neve,<br \/>\nQuando vem neblina,<br \/>\n\u00c9 preciso orar quando h\u00e1 alegria,<br \/>\nQuando vem a dor,<br \/>\nQuando h\u00e1 nostalgia.<\/p>\n<p>\u00c9 preciso orar incessantemente<br \/>\nSe quisermos ser realmente crentes.<\/p>\n","protected":false},"excerpt":{"rendered":"<p>A boa e velha poesia de Leontina Novaes marcou presen\u00e7a em algumas edi\u00e7\u00f5es da revista Ultimato no in\u00edcio da d\u00e9cada de 70 \u2013 h\u00e1 exatamente 40 anos. Selecionamos a seguir quatro delas. Aproveite este \u201cachado\u201d.<br \/>\n&gt;&gt; leia tamb\u00e9m Antologia de Poetas Evang\u00e9licos<br \/>\n&nbsp;<br \/>\nFica Comigo<br \/>\n(abril, 1973)<br \/>\nPai, fica comigo, eu preciso de Ti desesperadamente.<br \/>\nH\u00e1 confus\u00e3o em minh\u2019alma e uma [&#8230;]<\/p>\n","protected":false},"author":21,"featured_media":0,"comment_status":"open","ping_status":"open","sticky":false,"template":"","format":"standard","meta":{"ngg_post_thumbnail":0,"footnotes":""},"categories":[9536],"tags":[160,5953],"class_list":["post-5349","post","type-post","status-publish","format-standard","hentry","category-do-editor","tag-poesia","tag-revista-ultimato"],"_links":{"self":[{"href":"https:\/\/ultimato.com.br\/sites\/blogdaultimato\/wp-json\/wp\/v2\/posts\/5349","targetHints":{"allow":["GET"]}}],"collection":[{"href":"https:\/\/ultimato.com.br\/sites\/blogdaultimato\/wp-json\/wp\/v2\/posts"}],"about":[{"href":"https:\/\/ultimato.com.br\/sites\/blogdaultimato\/wp-json\/wp\/v2\/types\/post"}],"author":[{"embeddable":true,"href":"https:\/\/ultimato.com.br\/sites\/blogdaultimato\/wp-json\/wp\/v2\/users\/21"}],"replies":[{"embeddable":true,"href":"https:\/\/ultimato.com.br\/sites\/blogdaultimato\/wp-json\/wp\/v2\/comments?post=5349"}],"version-history":[{"count":2,"href":"https:\/\/ultimato.com.br\/sites\/blogdaultimato\/wp-json\/wp\/v2\/posts\/5349\/revisions"}],"predecessor-version":[{"id":5352,"href":"https:\/\/ultimato.com.br\/sites\/blogdaultimato\/wp-json\/wp\/v2\/posts\/5349\/revisions\/5352"}],"wp:attachment":[{"href":"https:\/\/ultimato.com.br\/sites\/blogdaultimato\/wp-json\/wp\/v2\/media?parent=5349"}],"wp:term":[{"taxonomy":"category","embeddable":true,"href":"https:\/\/ultimato.com.br\/sites\/blogdaultimato\/wp-json\/wp\/v2\/categories?post=5349"},{"taxonomy":"post_tag","embeddable":true,"href":"https:\/\/ultimato.com.br\/sites\/blogdaultimato\/wp-json\/wp\/v2\/tags?post=5349"}],"curies":[{"name":"wp","href":"https:\/\/api.w.org\/{rel}","templated":true}]}}