{"id":5235,"date":"2013-12-16T12:50:04","date_gmt":"2013-12-16T15:50:04","guid":{"rendered":"http:\/\/ultimato.com.br\/sites\/blogdaultimato\/?p=5235"},"modified":"2013-12-18T08:41:18","modified_gmt":"2013-12-18T11:41:18","slug":"a-ideia-por-tras-da-capa","status":"publish","type":"post","link":"https:\/\/ultimato.com.br\/sites\/blogdaultimato\/2013\/12\/16\/a-ideia-por-tras-da-capa\/","title":{"rendered":"A ideia por tr\u00e1s da capa"},"content":{"rendered":"<p><a href=\"http:\/\/ultimato.com.br\/sites\/blogdaultimato\/files\/2013\/12\/Ultimato_Gif_2.gif\" class=\"lightview\" data-lightview-group=\"group-5235\" data-lightview-options=\"skin: 'dark', controls: 'relative', padding: '10', shadow: { color: '#000000', opacity: 0.08, blur: 3 }\"><img loading=\"lazy\" decoding=\"async\" class=\"alignright size-full wp-image-5257\" alt=\"Ultimato_Gif_2\" src=\"http:\/\/ultimato.com.br\/sites\/blogdaultimato\/files\/2013\/12\/Ultimato_Gif_2.gif\" width=\"350\" height=\"458\" \/><\/a>O ano ainda n\u00e3o acabou, e a primeira edi\u00e7\u00e3o de 2014 da revista <strong>Ultimato<\/strong> acaba de chegar aqui nas depend\u00eancias da Editora. Amanh\u00e3 faremos a expedi\u00e7\u00e3o dos exemplares\u00a0aos nossos assinantes.<\/p>\n<p>Talvez o design da capa surpreenda voc\u00ea. Os tra\u00e7os est\u00e3o mais jovens. O &#8220;dedo&#8221; \u00e9 de\u00a0Rick Szuecs, designer gr\u00e1fico de Belo Horizonte (MG) que, nos \u00faltimos anos, direcionou o seu trabalho para o meio editorial. Ele trabalhou para a Revista &#8220;Cristianismo hoje&#8221;, Editora Palavra, Editora Geogr\u00e1fica, Conservation International, Jornal Estado de Minas, entre outros.<\/p>\n<p>Mas como nasceu a ideia visual da capa? Com a palavra, o Rick:<\/p>\n<p>&#8220;A minha ideia para esta capa foi demostrar que, ao lembramos de Jesus, precisamos lembrar de todas as Suas caracter\u00edsticas. Por, isso pensei em demostrar uma pessoa que fosse toda montada pelos nomes de Jesus &#8211; e assim demonstrar que essas caracter\u00edsticas precisam estar dentro de n\u00f3s&#8221;.<\/p>\n<p>Veja abaixo, a sequ\u00eancia (em fotos) da transforma\u00e7\u00e3o de uma ideia em realidade:<!--more--><\/p>\n\n\t\t<style type=\"text\/css\">\n\t\t\t#gallery-1 {\n\t\t\t\tmargin: auto;\n\t\t\t}\n\t\t\t#gallery-1 .gallery-item {\n\t\t\t\tfloat: left;\n\t\t\t\tmargin-top: 10px;\n\t\t\t\ttext-align: center;\n\t\t\t\twidth: 33%;\n\t\t\t}\n\t\t\t#gallery-1 img {\n\t\t\t\tborder: 2px solid #cfcfcf;\n\t\t\t}\n\t\t\t#gallery-1 .gallery-caption {\n\t\t\t\tmargin-left: 0;\n\t\t\t}\n\t\t\t\/* see gallery_shortcode() in wp-includes\/media.php *\/\n\t\t<\/style>\n\t\t<div id='gallery-1' class='gallery galleryid-5235 gallery-columns-3 gallery-size-thumbnail'><dl class='gallery-item'>\n\t\t\t<dt class='gallery-icon portrait'>\n\t\t\t\t<a href='https:\/\/ultimato.com.br\/sites\/blogdaultimato\/files\/2013\/12\/1.jpg#main'><img loading=\"lazy\" decoding=\"async\" width=\"150\" height=\"150\" src=\"https:\/\/ultimato.com.br\/sites\/blogdaultimato\/files\/2013\/12\/1-150x150.jpg\" class=\"attachment-thumbnail size-thumbnail\" alt=\"\" srcset=\"https:\/\/ultimato.com.br\/sites\/blogdaultimato\/files\/2013\/12\/1-150x150.jpg 150w, https:\/\/ultimato.com.br\/sites\/blogdaultimato\/files\/2013\/12\/1-80x80.jpg 80w\" sizes=\"auto, (max-width: 150px) 100vw, 150px\" \/><\/a>\n\t\t\t<\/dt><\/dl><dl class='gallery-item'>\n\t\t\t<dt class='gallery-icon portrait'>\n\t\t\t\t<a href='https:\/\/ultimato.com.br\/sites\/blogdaultimato\/files\/2013\/12\/2.jpg#main'><img loading=\"lazy\" decoding=\"async\" width=\"150\" height=\"150\" src=\"https:\/\/ultimato.com.br\/sites\/blogdaultimato\/files\/2013\/12\/2-150x150.jpg\" class=\"attachment-thumbnail size-thumbnail\" alt=\"\" srcset=\"https:\/\/ultimato.com.br\/sites\/blogdaultimato\/files\/2013\/12\/2-150x150.jpg 150w, https:\/\/ultimato.com.br\/sites\/blogdaultimato\/files\/2013\/12\/2-80x80.jpg 80w\" sizes=\"auto, (max-width: 150px) 100vw, 150px\" \/><\/a>\n\t\t\t<\/dt><\/dl><dl class='gallery-item'>\n\t\t\t<dt class='gallery-icon portrait'>\n\t\t\t\t<a href='https:\/\/ultimato.com.br\/sites\/blogdaultimato\/files\/2013\/12\/3-.jpg#main'><img loading=\"lazy\" decoding=\"async\" width=\"150\" height=\"150\" src=\"https:\/\/ultimato.com.br\/sites\/blogdaultimato\/files\/2013\/12\/3--150x150.jpg\" class=\"attachment-thumbnail size-thumbnail\" alt=\"\" srcset=\"https:\/\/ultimato.com.br\/sites\/blogdaultimato\/files\/2013\/12\/3--150x150.jpg 150w, https:\/\/ultimato.com.br\/sites\/blogdaultimato\/files\/2013\/12\/3--80x80.jpg 80w\" sizes=\"auto, (max-width: 150px) 100vw, 150px\" \/><\/a>\n\t\t\t<\/dt><\/dl><br style=\"clear: both\" \/><dl class='gallery-item'>\n\t\t\t<dt class='gallery-icon portrait'>\n\t\t\t\t<a href='https:\/\/ultimato.com.br\/sites\/blogdaultimato\/files\/2013\/12\/4-.jpg#main'><img loading=\"lazy\" decoding=\"async\" width=\"150\" height=\"150\" src=\"https:\/\/ultimato.com.br\/sites\/blogdaultimato\/files\/2013\/12\/4--150x150.jpg\" class=\"attachment-thumbnail size-thumbnail\" alt=\"\" srcset=\"https:\/\/ultimato.com.br\/sites\/blogdaultimato\/files\/2013\/12\/4--150x150.jpg 150w, https:\/\/ultimato.com.br\/sites\/blogdaultimato\/files\/2013\/12\/4--80x80.jpg 80w\" sizes=\"auto, (max-width: 150px) 100vw, 150px\" \/><\/a>\n\t\t\t<\/dt><\/dl><dl class='gallery-item'>\n\t\t\t<dt class='gallery-icon portrait'>\n\t\t\t\t<a href='https:\/\/ultimato.com.br\/sites\/blogdaultimato\/files\/2013\/12\/5-.jpg#main'><img loading=\"lazy\" decoding=\"async\" width=\"150\" height=\"150\" src=\"https:\/\/ultimato.com.br\/sites\/blogdaultimato\/files\/2013\/12\/5--150x150.jpg\" class=\"attachment-thumbnail size-thumbnail\" alt=\"\" srcset=\"https:\/\/ultimato.com.br\/sites\/blogdaultimato\/files\/2013\/12\/5--150x150.jpg 150w, https:\/\/ultimato.com.br\/sites\/blogdaultimato\/files\/2013\/12\/5--80x80.jpg 80w\" sizes=\"auto, (max-width: 150px) 100vw, 150px\" \/><\/a>\n\t\t\t<\/dt><\/dl><dl class='gallery-item'>\n\t\t\t<dt class='gallery-icon portrait'>\n\t\t\t\t<a href='https:\/\/ultimato.com.br\/sites\/blogdaultimato\/files\/2013\/12\/6-.jpg#main'><img loading=\"lazy\" decoding=\"async\" width=\"150\" height=\"150\" src=\"https:\/\/ultimato.com.br\/sites\/blogdaultimato\/files\/2013\/12\/6--150x150.jpg\" class=\"attachment-thumbnail size-thumbnail\" alt=\"\" srcset=\"https:\/\/ultimato.com.br\/sites\/blogdaultimato\/files\/2013\/12\/6--150x150.jpg 150w, https:\/\/ultimato.com.br\/sites\/blogdaultimato\/files\/2013\/12\/6--80x80.jpg 80w\" sizes=\"auto, (max-width: 150px) 100vw, 150px\" \/><\/a>\n\t\t\t<\/dt><\/dl><br style=\"clear: both\" \/><dl class='gallery-item'>\n\t\t\t<dt class='gallery-icon portrait'>\n\t\t\t\t<a href='https:\/\/ultimato.com.br\/sites\/blogdaultimato\/files\/2013\/12\/7-.jpg#main'><img loading=\"lazy\" decoding=\"async\" width=\"150\" height=\"150\" src=\"https:\/\/ultimato.com.br\/sites\/blogdaultimato\/files\/2013\/12\/7--150x150.jpg\" class=\"attachment-thumbnail size-thumbnail\" alt=\"\" srcset=\"https:\/\/ultimato.com.br\/sites\/blogdaultimato\/files\/2013\/12\/7--150x150.jpg 150w, https:\/\/ultimato.com.br\/sites\/blogdaultimato\/files\/2013\/12\/7--80x80.jpg 80w\" sizes=\"auto, (max-width: 150px) 100vw, 150px\" \/><\/a>\n\t\t\t<\/dt><\/dl>\n\t\t\t<br style='clear: both' \/>\n\t\t<\/div>\n\n","protected":false},"excerpt":{"rendered":"<p>O ano ainda n\u00e3o acabou, e a primeira edi\u00e7\u00e3o de 2014 da revista Ultimato acaba de chegar aqui nas depend\u00eancias da Editora. Amanh\u00e3 faremos a expedi\u00e7\u00e3o dos exemplares\u00a0aos nossos assinantes.<br \/>\nTalvez o design da capa surpreenda voc\u00ea. Os tra\u00e7os est\u00e3o mais jovens. O &#8220;dedo&#8221; \u00e9 de\u00a0Rick Szuecs, designer gr\u00e1fico de Belo Horizonte (MG) que, nos \u00faltimos [&#8230;]<\/p>\n","protected":false},"author":21,"featured_media":0,"comment_status":"open","ping_status":"open","sticky":false,"template":"","format":"standard","meta":{"ngg_post_thumbnail":0,"footnotes":""},"categories":[9536,9538,6111],"tags":[5318,5953],"class_list":["post-5235","post","type-post","status-publish","format-standard","hentry","category-do-editor","category-fotos-multimidia","category-ultimas-de-ca","tag-capa","tag-revista-ultimato"],"_links":{"self":[{"href":"https:\/\/ultimato.com.br\/sites\/blogdaultimato\/wp-json\/wp\/v2\/posts\/5235","targetHints":{"allow":["GET"]}}],"collection":[{"href":"https:\/\/ultimato.com.br\/sites\/blogdaultimato\/wp-json\/wp\/v2\/posts"}],"about":[{"href":"https:\/\/ultimato.com.br\/sites\/blogdaultimato\/wp-json\/wp\/v2\/types\/post"}],"author":[{"embeddable":true,"href":"https:\/\/ultimato.com.br\/sites\/blogdaultimato\/wp-json\/wp\/v2\/users\/21"}],"replies":[{"embeddable":true,"href":"https:\/\/ultimato.com.br\/sites\/blogdaultimato\/wp-json\/wp\/v2\/comments?post=5235"}],"version-history":[{"count":5,"href":"https:\/\/ultimato.com.br\/sites\/blogdaultimato\/wp-json\/wp\/v2\/posts\/5235\/revisions"}],"predecessor-version":[{"id":5259,"href":"https:\/\/ultimato.com.br\/sites\/blogdaultimato\/wp-json\/wp\/v2\/posts\/5235\/revisions\/5259"}],"wp:attachment":[{"href":"https:\/\/ultimato.com.br\/sites\/blogdaultimato\/wp-json\/wp\/v2\/media?parent=5235"}],"wp:term":[{"taxonomy":"category","embeddable":true,"href":"https:\/\/ultimato.com.br\/sites\/blogdaultimato\/wp-json\/wp\/v2\/categories?post=5235"},{"taxonomy":"post_tag","embeddable":true,"href":"https:\/\/ultimato.com.br\/sites\/blogdaultimato\/wp-json\/wp\/v2\/tags?post=5235"}],"curies":[{"name":"wp","href":"https:\/\/api.w.org\/{rel}","templated":true}]}}